{"id":2277,"date":"2025-09-30T12:45:41","date_gmt":"2025-09-30T15:45:41","guid":{"rendered":"https:\/\/universoesportivo.net\/?p=2277"},"modified":"2025-09-30T15:58:14","modified_gmt":"2025-09-30T18:58:14","slug":"catanduva-na-alemanha-atletas-da-team-vaqueiro-participam-da-maratona-de-berlim-2","status":"publish","type":"post","link":"https:\/\/universoesportivo.net\/index.php\/2025\/09\/30\/catanduva-na-alemanha-atletas-da-team-vaqueiro-participam-da-maratona-de-berlim-2\/","title":{"rendered":"Catanduva na Alemanha: atletas da \u201cTeam Vaqueiro\u201d participam da Maratona de Berlim"},"content":{"rendered":"\n<p class=\"has-medium-font-size\">Tr\u00eas atletas de Catanduva participaram da tradicional Maratona de Berlim, na Alemanha, uma das provas mais tradicionais do atletismo mundial. Ingrid Vaqueiro, Rafael Brand\u00e3o e Luciana Akiko &#8211; da equipe catanduvense Team Vaqueiro &#8211; bancaram as despesas do pr\u00f3ximo bolso e participaram da competi\u00e7\u00e3o internacional, ocorrida no \u00faltimo dia 21 de setembro.<\/p>\n\n\n\n<p class=\"has-medium-font-size\">\u201cFoi uma corrida muito dif\u00edcil, com 42,4 km, seguindo o padr\u00e3o mundial estabelecido para corridas de longa dist\u00e2ncia. A capital da Alemanha \u00e9 famosa pelo seu percurso plano e r\u00e1pido, tornando-se um dos locais preferidos para quebrar recordes mundiais de maratona\u201d, explicou Carlos Vaqueiro, t\u00e9cnico da equipe catanduvense Team Vaqueiro.<\/p>\n\n\n\n<p class=\"has-medium-font-size\">Em sua 51\u00aa edi\u00e7\u00e3o, a Maratona de Berlim reuniu 55 mil atletas, representando 160 pa\u00edses. A prova \u00e9 parte das World Marathon Majors, o circuito que re\u00fane as sete maratonas mais prestigiadas e ic\u00f4nicas do mundo: T\u00f3quio, Boston, Londres, Berlim, Chicago, Nova York e Sydney.<\/p>\n\n\n\n<p class=\"has-medium-font-size\">Fundada em 2006, o circuito inclui essas provas de rua de renome mundial, al\u00e9m de incluir a maratona dos Jogos Ol\u00edmpicos e do Campeonato Mundial de Atletismo em sua competi\u00e7\u00e3o de pontos.<\/p>\n\n\n\n<p class=\"has-medium-font-size\">A equipe Team Vaqueiro, formada pelos atletas Indrid Vaqueiro, Rafael Brand\u00e3o e Luciana Akiko, n\u00e3o conquistou o p\u00f3dio, por\u00e9m completaram a prova e trouxeram medalhas para Catanduva.<\/p>\n\n\n\n<p class=\"has-medium-font-size\">Luciana divide os treinos de atletismo com sua profiss\u00e3o de cabeleireira, no Instituto de Beleza Cristal. J\u00e1 Ingrid e Rafael s\u00e3o propriet\u00e1rios da empresa Facilita Utilidades e Equipamentos.<\/p>\n\n\n\n<p class=\"has-medium-font-size\">A Team Vaqueiro oferece treinamentos apropriados para atletas de diferentes idades e de diferentes categorias. Mesmo n\u00e3o sendo atleta \u2013 e buscando melhorar seu condicionamento f\u00edsico e sua sa\u00fade \u2013 o interessado por fazer parte da equipe.<\/p>\n\n\n\n<p class=\"has-medium-font-size\">O contato do t\u00e9cnico Carlos Vaqueiro \u00e9 (17) 99642-7736. <\/p>\n\n\n\n<p class=\"has-medium-font-size\">Texto: Tiago Lotto <\/p>\n\n\n\n<p class=\"has-medium-font-size\">Fotos: Divulga\u00e7\u00e3o<\/p>\n\n\n\n<figure class=\"wp-block-image\"><img fetchpriority=\"high\" decoding=\"async\" width=\"720\" height=\"1280\" src=\"https:\/\/universoesportivo.net\/wp-content\/uploads\/2025\/09\/berlim2.jpeg\" alt=\"\" class=\"wp-image-2269\" srcset=\"https:\/\/universoesportivo.net\/wp-content\/uploads\/2025\/09\/berlim2.jpeg 720w, https:\/\/universoesportivo.net\/wp-content\/uploads\/2025\/09\/berlim2-169x300.jpeg 169w, https:\/\/universoesportivo.net\/wp-content\/uploads\/2025\/09\/berlim2-576x1024.jpeg 576w, https:\/\/universoesportivo.net\/wp-content\/uploads\/2025\/09\/berlim2-7x12.jpeg 7w\" sizes=\"(max-width: 720px) 100vw, 720px\" \/><\/figure>\n\n\n\n<figure class=\"wp-block-image\"><img decoding=\"async\" width=\"720\" height=\"1280\" src=\"https:\/\/universoesportivo.net\/wp-content\/uploads\/2025\/09\/berlim3.jpeg\" alt=\"\" class=\"wp-image-2270\" srcset=\"https:\/\/universoesportivo.net\/wp-content\/uploads\/2025\/09\/berlim3.jpeg 720w, https:\/\/universoesportivo.net\/wp-content\/uploads\/2025\/09\/berlim3-169x300.jpeg 169w, https:\/\/universoesportivo.net\/wp-content\/uploads\/2025\/09\/berlim3-576x1024.jpeg 576w, https:\/\/universoesportivo.net\/wp-content\/uploads\/2025\/09\/berlim3-7x12.jpeg 7w\" sizes=\"(max-width: 720px) 100vw, 720px\" \/><\/figure>\n","protected":false},"excerpt":{"rendered":"<p>Em sua 51\u00aa edi\u00e7\u00e3o, a Maratona de Berlim reuniu 55 mil atletas, representando 160 pa\u00edses. Ingrid Vaqueiro, Rafael Brand\u00e3o e Luciana Akiko &#8211; da equipe catanduvense Team Vaqueiro &#8211; disputaram a prova.<\/p>\n","protected":false},"author":2,"featured_media":2278,"comment_status":"closed","ping_status":"closed","sticky":false,"template":"","format":"standard","meta":{"colormag_page_container_layout":"default_layout","colormag_page_sidebar_layout":"default_layout","footnotes":""},"categories":[58,17],"tags":[],"class_list":["post-2277","post","type-post","status-publish","format-standard","has-post-thumbnail","hentry","category-atletismo","category-esportes"],"magazineBlocksPostFeaturedMedia":{"thumbnail":"https:\/\/universoesportivo.net\/wp-content\/uploads\/2025\/09\/berlim6-1-150x150.jpg","medium":"https:\/\/universoesportivo.net\/wp-content\/uploads\/2025\/09\/berlim6-1.jpg","medium_large":"https:\/\/universoesportivo.net\/wp-content\/uploads\/2025\/09\/berlim6-1.jpg","large":"https:\/\/universoesportivo.net\/wp-content\/uploads\/2025\/09\/berlim6-1.jpg","1536x1536":"https:\/\/universoesportivo.net\/wp-content\/uploads\/2025\/09\/berlim6-1.jpg","2048x2048":"https:\/\/universoesportivo.net\/wp-content\/uploads\/2025\/09\/berlim6-1.jpg","trp-custom-language-flag":"https:\/\/universoesportivo.net\/wp-content\/uploads\/2025\/09\/berlim6-1-12x12.jpg","colormag-highlighted-post":"https:\/\/universoesportivo.net\/wp-content\/uploads\/2025\/09\/berlim6-1-300x272.jpg","colormag-featured-post-medium":"https:\/\/universoesportivo.net\/wp-content\/uploads\/2025\/09\/berlim6-1-300x205.jpg","colormag-featured-post-small":"https:\/\/universoesportivo.net\/wp-content\/uploads\/2025\/09\/berlim6-1-130x90.jpg","colormag-featured-image":"https:\/\/universoesportivo.net\/wp-content\/uploads\/2025\/09\/berlim6-1.jpg","colormag-default-news":"https:\/\/universoesportivo.net\/wp-content\/uploads\/2025\/09\/berlim6-1-150x150.jpg","colormag-featured-image-large":"https:\/\/universoesportivo.net\/wp-content\/uploads\/2025\/09\/berlim6-1.jpg","colormag-elementor-block-extra-large-thumbnail":"https:\/\/universoesportivo.net\/wp-content\/uploads\/2025\/09\/berlim6-1.jpg","colormag-elementor-grid-large-thumbnail":"https:\/\/universoesportivo.net\/wp-content\/uploads\/2025\/09\/berlim6-1.jpg","colormag-elementor-grid-small-thumbnail":"https:\/\/universoesportivo.net\/wp-content\/uploads\/2025\/09\/berlim6-1-285x290.jpg","colormag-elementor-grid-medium-large-thumbnail":"https:\/\/universoesportivo.net\/wp-content\/uploads\/2025\/09\/berlim6-1-300x198.jpg"},"magazineBlocksPostAuthor":{"name":"Tiago Lotto","avatar":"https:\/\/secure.gravatar.com\/avatar\/fd6891125b3fb6ba0b794cd20c3398d5bb0fa20d2b9963a95f19470e5a6192f7?s=96&d=mm&r=g"},"magazineBlocksPostCommentsNumber":false,"magazineBlocksPostExcerpt":"Em sua 51\u00aa edi\u00e7\u00e3o, a Maratona de Berlim reuniu 55 mil atletas, representando 160 pa\u00edses. Ingrid Vaqueiro, Rafael Brand\u00e3o e Luciana Akiko - da equipe catanduvense Team Vaqueiro - disputaram a prova.","magazineBlocksPostCategories":["Atletismo","ESPORTES"],"magazineBlocksPostViewCount":82,"magazineBlocksPostReadTime":2,"magazine_blocks_featured_image_url":{"full":["https:\/\/universoesportivo.net\/wp-content\/uploads\/2025\/09\/berlim6-1.jpg",300,290,false],"medium":["https:\/\/universoesportivo.net\/wp-content\/uploads\/2025\/09\/berlim6-1.jpg",300,290,false],"thumbnail":["https:\/\/universoesportivo.net\/wp-content\/uploads\/2025\/09\/berlim6-1-150x150.jpg",150,150,true]},"magazine_blocks_author":{"display_name":"Tiago Lotto","author_link":"https:\/\/universoesportivo.net\/index.php\/author\/tiago-lotto\/"},"magazine_blocks_comment":0,"magazine_blocks_author_image":"https:\/\/secure.gravatar.com\/avatar\/fd6891125b3fb6ba0b794cd20c3398d5bb0fa20d2b9963a95f19470e5a6192f7?s=96&d=mm&r=g","magazine_blocks_category":"<a href=\"#\" class=\"category-link category-link-58\">Atletismo<\/a> <a href=\"#\" class=\"category-link category-link-17\">ESPORTES<\/a>","yoast_head":"<!-- This site is optimized with the Yoast SEO plugin v27.4 - https:\/\/yoast.com\/product\/yoast-seo-wordpress\/ -->\n<title>Catanduva na Alemanha: atletas da \u201cTeam Vaqueiro\u201d participam da Maratona de Berlim - Universo Esportivo<\/title>\n<meta name=\"robots\" content=\"index, follow, max-snippet:-1, max-image-preview:large, max-video-preview:-1\" \/>\n<link rel=\"canonical\" href=\"https:\/\/universoesportivo.net\/index.php\/2025\/09\/30\/catanduva-na-alemanha-atletas-da-team-vaqueiro-participam-da-maratona-de-berlim-2\/\" \/>\n<meta property=\"og:locale\" content=\"pt_BR\" \/>\n<meta property=\"og:type\" content=\"article\" \/>\n<meta property=\"og:title\" content=\"Catanduva na Alemanha: atletas da \u201cTeam Vaqueiro\u201d participam da Maratona de Berlim - Universo Esportivo\" \/>\n<meta property=\"og:description\" content=\"Em sua 51\u00aa edi\u00e7\u00e3o, a Maratona de Berlim reuniu 55 mil atletas, representando 160 pa\u00edses. Ingrid Vaqueiro, Rafael Brand\u00e3o e Luciana Akiko - da equipe catanduvense Team Vaqueiro - disputaram a prova.\" \/>\n<meta property=\"og:url\" content=\"https:\/\/universoesportivo.net\/index.php\/2025\/09\/30\/catanduva-na-alemanha-atletas-da-team-vaqueiro-participam-da-maratona-de-berlim-2\/\" \/>\n<meta property=\"og:site_name\" content=\"Universo Esportivo\" \/>\n<meta property=\"article:publisher\" content=\"https:\/\/www.facebook.com\/universoesportivo.net\" \/>\n<meta property=\"article:published_time\" content=\"2025-09-30T15:45:41+00:00\" \/>\n<meta property=\"article:modified_time\" content=\"2025-09-30T18:58:14+00:00\" \/>\n<meta property=\"og:image\" content=\"https:\/\/universoesportivo.net\/wp-content\/uploads\/2025\/09\/berlim6-1.jpg\" \/>\n\t<meta property=\"og:image:width\" content=\"300\" \/>\n\t<meta property=\"og:image:height\" content=\"290\" \/>\n\t<meta property=\"og:image:type\" content=\"image\/jpeg\" \/>\n<meta name=\"author\" content=\"Tiago Lotto\" \/>\n<meta name=\"twitter:card\" content=\"summary_large_image\" \/>\n<meta name=\"twitter:label1\" content=\"Escrito por\" \/>\n\t<meta name=\"twitter:data1\" content=\"Tiago Lotto\" \/>\n\t<meta name=\"twitter:label2\" content=\"Est. tempo de leitura\" \/>\n\t<meta name=\"twitter:data2\" content=\"3 minutos\" \/>\n<script type=\"application\/ld+json\" class=\"yoast-schema-graph\">{\"@context\":\"https:\\\/\\\/schema.org\",\"@graph\":[{\"@type\":\"Article\",\"@id\":\"https:\\\/\\\/universoesportivo.net\\\/index.php\\\/2025\\\/09\\\/30\\\/catanduva-na-alemanha-atletas-da-team-vaqueiro-participam-da-maratona-de-berlim-2\\\/#article\",\"isPartOf\":{\"@id\":\"https:\\\/\\\/universoesportivo.net\\\/index.php\\\/2025\\\/09\\\/30\\\/catanduva-na-alemanha-atletas-da-team-vaqueiro-participam-da-maratona-de-berlim-2\\\/\"},\"author\":{\"name\":\"Tiago Lotto\",\"@id\":\"https:\\\/\\\/universoesportivo.net\\\/#\\\/schema\\\/person\\\/62bc311bc7def56a6bc83711536e74bd\"},\"headline\":\"Catanduva na Alemanha: atletas da \u201cTeam Vaqueiro\u201d participam da Maratona de Berlim\",\"datePublished\":\"2025-09-30T15:45:41+00:00\",\"dateModified\":\"2025-09-30T18:58:14+00:00\",\"mainEntityOfPage\":{\"@id\":\"https:\\\/\\\/universoesportivo.net\\\/index.php\\\/2025\\\/09\\\/30\\\/catanduva-na-alemanha-atletas-da-team-vaqueiro-participam-da-maratona-de-berlim-2\\\/\"},\"wordCount\":314,\"publisher\":{\"@id\":\"https:\\\/\\\/universoesportivo.net\\\/#organization\"},\"image\":{\"@id\":\"https:\\\/\\\/universoesportivo.net\\\/index.php\\\/2025\\\/09\\\/30\\\/catanduva-na-alemanha-atletas-da-team-vaqueiro-participam-da-maratona-de-berlim-2\\\/#primaryimage\"},\"thumbnailUrl\":\"https:\\\/\\\/universoesportivo.net\\\/wp-content\\\/uploads\\\/2025\\\/09\\\/berlim6-1.jpg\",\"articleSection\":[\"Atletismo\",\"ESPORTES\"],\"inLanguage\":\"pt-BR\"},{\"@type\":\"WebPage\",\"@id\":\"https:\\\/\\\/universoesportivo.net\\\/index.php\\\/2025\\\/09\\\/30\\\/catanduva-na-alemanha-atletas-da-team-vaqueiro-participam-da-maratona-de-berlim-2\\\/\",\"url\":\"https:\\\/\\\/universoesportivo.net\\\/index.php\\\/2025\\\/09\\\/30\\\/catanduva-na-alemanha-atletas-da-team-vaqueiro-participam-da-maratona-de-berlim-2\\\/\",\"name\":\"Catanduva na Alemanha: atletas da \u201cTeam Vaqueiro\u201d participam da Maratona de Berlim - Universo Esportivo\",\"isPartOf\":{\"@id\":\"https:\\\/\\\/universoesportivo.net\\\/#website\"},\"primaryImageOfPage\":{\"@id\":\"https:\\\/\\\/universoesportivo.net\\\/index.php\\\/2025\\\/09\\\/30\\\/catanduva-na-alemanha-atletas-da-team-vaqueiro-participam-da-maratona-de-berlim-2\\\/#primaryimage\"},\"image\":{\"@id\":\"https:\\\/\\\/universoesportivo.net\\\/index.php\\\/2025\\\/09\\\/30\\\/catanduva-na-alemanha-atletas-da-team-vaqueiro-participam-da-maratona-de-berlim-2\\\/#primaryimage\"},\"thumbnailUrl\":\"https:\\\/\\\/universoesportivo.net\\\/wp-content\\\/uploads\\\/2025\\\/09\\\/berlim6-1.jpg\",\"datePublished\":\"2025-09-30T15:45:41+00:00\",\"dateModified\":\"2025-09-30T18:58:14+00:00\",\"breadcrumb\":{\"@id\":\"https:\\\/\\\/universoesportivo.net\\\/index.php\\\/2025\\\/09\\\/30\\\/catanduva-na-alemanha-atletas-da-team-vaqueiro-participam-da-maratona-de-berlim-2\\\/#breadcrumb\"},\"inLanguage\":\"pt-BR\",\"potentialAction\":[{\"@type\":\"ReadAction\",\"target\":[\"https:\\\/\\\/universoesportivo.net\\\/index.php\\\/2025\\\/09\\\/30\\\/catanduva-na-alemanha-atletas-da-team-vaqueiro-participam-da-maratona-de-berlim-2\\\/\"]}]},{\"@type\":\"ImageObject\",\"inLanguage\":\"pt-BR\",\"@id\":\"https:\\\/\\\/universoesportivo.net\\\/index.php\\\/2025\\\/09\\\/30\\\/catanduva-na-alemanha-atletas-da-team-vaqueiro-participam-da-maratona-de-berlim-2\\\/#primaryimage\",\"url\":\"https:\\\/\\\/universoesportivo.net\\\/wp-content\\\/uploads\\\/2025\\\/09\\\/berlim6-1.jpg\",\"contentUrl\":\"https:\\\/\\\/universoesportivo.net\\\/wp-content\\\/uploads\\\/2025\\\/09\\\/berlim6-1.jpg\",\"width\":300,\"height\":290},{\"@type\":\"BreadcrumbList\",\"@id\":\"https:\\\/\\\/universoesportivo.net\\\/index.php\\\/2025\\\/09\\\/30\\\/catanduva-na-alemanha-atletas-da-team-vaqueiro-participam-da-maratona-de-berlim-2\\\/#breadcrumb\",\"itemListElement\":[{\"@type\":\"ListItem\",\"position\":1,\"name\":\"In\u00edcio\",\"item\":\"https:\\\/\\\/universoesportivo.net\\\/\"},{\"@type\":\"ListItem\",\"position\":2,\"name\":\"Catanduva na Alemanha: atletas da \u201cTeam Vaqueiro\u201d participam da Maratona de Berlim\"}]},{\"@type\":\"WebSite\",\"@id\":\"https:\\\/\\\/universoesportivo.net\\\/#website\",\"url\":\"https:\\\/\\\/universoesportivo.net\\\/\",\"name\":\"Universo Esportivo\",\"description\":\"O portal de todas as modalidades esportivas!\",\"publisher\":{\"@id\":\"https:\\\/\\\/universoesportivo.net\\\/#organization\"},\"alternateName\":\"Jornalista Tiago Contador Lotto\",\"potentialAction\":[{\"@type\":\"SearchAction\",\"target\":{\"@type\":\"EntryPoint\",\"urlTemplate\":\"https:\\\/\\\/universoesportivo.net\\\/?s={search_term_string}\"},\"query-input\":{\"@type\":\"PropertyValueSpecification\",\"valueRequired\":true,\"valueName\":\"search_term_string\"}}],\"inLanguage\":\"pt-BR\"},{\"@type\":\"Organization\",\"@id\":\"https:\\\/\\\/universoesportivo.net\\\/#organization\",\"name\":\"Universo Esportivo\",\"alternateName\":\"Tiago Lotto\",\"url\":\"https:\\\/\\\/universoesportivo.net\\\/\",\"logo\":{\"@type\":\"ImageObject\",\"inLanguage\":\"pt-BR\",\"@id\":\"https:\\\/\\\/universoesportivo.net\\\/#\\\/schema\\\/logo\\\/image\\\/\",\"url\":\"https:\\\/\\\/universoesportivo.net\\\/wp-content\\\/uploads\\\/2024\\\/05\\\/cropped-cropped-universo-6.png\",\"contentUrl\":\"https:\\\/\\\/universoesportivo.net\\\/wp-content\\\/uploads\\\/2024\\\/05\\\/cropped-cropped-universo-6.png\",\"width\":413,\"height\":295,\"caption\":\"Universo Esportivo\"},\"image\":{\"@id\":\"https:\\\/\\\/universoesportivo.net\\\/#\\\/schema\\\/logo\\\/image\\\/\"},\"sameAs\":[\"https:\\\/\\\/www.facebook.com\\\/universoesportivo.net\"]},{\"@type\":\"Person\",\"@id\":\"https:\\\/\\\/universoesportivo.net\\\/#\\\/schema\\\/person\\\/62bc311bc7def56a6bc83711536e74bd\",\"name\":\"Tiago Lotto\",\"image\":{\"@type\":\"ImageObject\",\"inLanguage\":\"pt-BR\",\"@id\":\"https:\\\/\\\/secure.gravatar.com\\\/avatar\\\/fd6891125b3fb6ba0b794cd20c3398d5bb0fa20d2b9963a95f19470e5a6192f7?s=96&d=mm&r=g\",\"url\":\"https:\\\/\\\/secure.gravatar.com\\\/avatar\\\/fd6891125b3fb6ba0b794cd20c3398d5bb0fa20d2b9963a95f19470e5a6192f7?s=96&d=mm&r=g\",\"contentUrl\":\"https:\\\/\\\/secure.gravatar.com\\\/avatar\\\/fd6891125b3fb6ba0b794cd20c3398d5bb0fa20d2b9963a95f19470e5a6192f7?s=96&d=mm&r=g\",\"caption\":\"Tiago Lotto\"},\"url\":\"https:\\\/\\\/universoesportivo.net\\\/index.php\\\/author\\\/tiago-lotto\\\/\"}]}<\/script>\n<!-- \/ Yoast SEO plugin. -->","yoast_head_json":{"title":"Catanduva na Alemanha: atletas da \u201cTeam Vaqueiro\u201d participam da Maratona de Berlim - Universo Esportivo","robots":{"index":"index","follow":"follow","max-snippet":"max-snippet:-1","max-image-preview":"max-image-preview:large","max-video-preview":"max-video-preview:-1"},"canonical":"https:\/\/universoesportivo.net\/index.php\/2025\/09\/30\/catanduva-na-alemanha-atletas-da-team-vaqueiro-participam-da-maratona-de-berlim-2\/","og_locale":"pt_BR","og_type":"article","og_title":"Catanduva na Alemanha: atletas da \u201cTeam Vaqueiro\u201d participam da Maratona de Berlim - Universo Esportivo","og_description":"Em sua 51\u00aa edi\u00e7\u00e3o, a Maratona de Berlim reuniu 55 mil atletas, representando 160 pa\u00edses. Ingrid Vaqueiro, Rafael Brand\u00e3o e Luciana Akiko - da equipe catanduvense Team Vaqueiro - disputaram a prova.","og_url":"https:\/\/universoesportivo.net\/index.php\/2025\/09\/30\/catanduva-na-alemanha-atletas-da-team-vaqueiro-participam-da-maratona-de-berlim-2\/","og_site_name":"Universo Esportivo","article_publisher":"https:\/\/www.facebook.com\/universoesportivo.net","article_published_time":"2025-09-30T15:45:41+00:00","article_modified_time":"2025-09-30T18:58:14+00:00","og_image":[{"width":300,"height":290,"url":"https:\/\/universoesportivo.net\/wp-content\/uploads\/2025\/09\/berlim6-1.jpg","type":"image\/jpeg"}],"author":"Tiago Lotto","twitter_card":"summary_large_image","twitter_misc":{"Escrito por":"Tiago Lotto","Est. tempo de leitura":"3 minutos"},"schema":{"@context":"https:\/\/schema.org","@graph":[{"@type":"Article","@id":"https:\/\/universoesportivo.net\/index.php\/2025\/09\/30\/catanduva-na-alemanha-atletas-da-team-vaqueiro-participam-da-maratona-de-berlim-2\/#article","isPartOf":{"@id":"https:\/\/universoesportivo.net\/index.php\/2025\/09\/30\/catanduva-na-alemanha-atletas-da-team-vaqueiro-participam-da-maratona-de-berlim-2\/"},"author":{"name":"Tiago Lotto","@id":"https:\/\/universoesportivo.net\/#\/schema\/person\/62bc311bc7def56a6bc83711536e74bd"},"headline":"Catanduva na Alemanha: atletas da \u201cTeam Vaqueiro\u201d participam da Maratona de Berlim","datePublished":"2025-09-30T15:45:41+00:00","dateModified":"2025-09-30T18:58:14+00:00","mainEntityOfPage":{"@id":"https:\/\/universoesportivo.net\/index.php\/2025\/09\/30\/catanduva-na-alemanha-atletas-da-team-vaqueiro-participam-da-maratona-de-berlim-2\/"},"wordCount":314,"publisher":{"@id":"https:\/\/universoesportivo.net\/#organization"},"image":{"@id":"https:\/\/universoesportivo.net\/index.php\/2025\/09\/30\/catanduva-na-alemanha-atletas-da-team-vaqueiro-participam-da-maratona-de-berlim-2\/#primaryimage"},"thumbnailUrl":"https:\/\/universoesportivo.net\/wp-content\/uploads\/2025\/09\/berlim6-1.jpg","articleSection":["Atletismo","ESPORTES"],"inLanguage":"pt-BR"},{"@type":"WebPage","@id":"https:\/\/universoesportivo.net\/index.php\/2025\/09\/30\/catanduva-na-alemanha-atletas-da-team-vaqueiro-participam-da-maratona-de-berlim-2\/","url":"https:\/\/universoesportivo.net\/index.php\/2025\/09\/30\/catanduva-na-alemanha-atletas-da-team-vaqueiro-participam-da-maratona-de-berlim-2\/","name":"Catanduva na Alemanha: atletas da \u201cTeam Vaqueiro\u201d participam da Maratona de Berlim - Universo Esportivo","isPartOf":{"@id":"https:\/\/universoesportivo.net\/#website"},"primaryImageOfPage":{"@id":"https:\/\/universoesportivo.net\/index.php\/2025\/09\/30\/catanduva-na-alemanha-atletas-da-team-vaqueiro-participam-da-maratona-de-berlim-2\/#primaryimage"},"image":{"@id":"https:\/\/universoesportivo.net\/index.php\/2025\/09\/30\/catanduva-na-alemanha-atletas-da-team-vaqueiro-participam-da-maratona-de-berlim-2\/#primaryimage"},"thumbnailUrl":"https:\/\/universoesportivo.net\/wp-content\/uploads\/2025\/09\/berlim6-1.jpg","datePublished":"2025-09-30T15:45:41+00:00","dateModified":"2025-09-30T18:58:14+00:00","breadcrumb":{"@id":"https:\/\/universoesportivo.net\/index.php\/2025\/09\/30\/catanduva-na-alemanha-atletas-da-team-vaqueiro-participam-da-maratona-de-berlim-2\/#breadcrumb"},"inLanguage":"pt-BR","potentialAction":[{"@type":"ReadAction","target":["https:\/\/universoesportivo.net\/index.php\/2025\/09\/30\/catanduva-na-alemanha-atletas-da-team-vaqueiro-participam-da-maratona-de-berlim-2\/"]}]},{"@type":"ImageObject","inLanguage":"pt-BR","@id":"https:\/\/universoesportivo.net\/index.php\/2025\/09\/30\/catanduva-na-alemanha-atletas-da-team-vaqueiro-participam-da-maratona-de-berlim-2\/#primaryimage","url":"https:\/\/universoesportivo.net\/wp-content\/uploads\/2025\/09\/berlim6-1.jpg","contentUrl":"https:\/\/universoesportivo.net\/wp-content\/uploads\/2025\/09\/berlim6-1.jpg","width":300,"height":290},{"@type":"BreadcrumbList","@id":"https:\/\/universoesportivo.net\/index.php\/2025\/09\/30\/catanduva-na-alemanha-atletas-da-team-vaqueiro-participam-da-maratona-de-berlim-2\/#breadcrumb","itemListElement":[{"@type":"ListItem","position":1,"name":"In\u00edcio","item":"https:\/\/universoesportivo.net\/"},{"@type":"ListItem","position":2,"name":"Catanduva na Alemanha: atletas da \u201cTeam Vaqueiro\u201d participam da Maratona de Berlim"}]},{"@type":"WebSite","@id":"https:\/\/universoesportivo.net\/#website","url":"https:\/\/universoesportivo.net\/","name":"Universo Esportivo","description":"O portal de todas as modalidades esportivas!","publisher":{"@id":"https:\/\/universoesportivo.net\/#organization"},"alternateName":"Jornalista Tiago Contador Lotto","potentialAction":[{"@type":"SearchAction","target":{"@type":"EntryPoint","urlTemplate":"https:\/\/universoesportivo.net\/?s={search_term_string}"},"query-input":{"@type":"PropertyValueSpecification","valueRequired":true,"valueName":"search_term_string"}}],"inLanguage":"pt-BR"},{"@type":"Organization","@id":"https:\/\/universoesportivo.net\/#organization","name":"Universo Esportivo","alternateName":"Tiago Lotto","url":"https:\/\/universoesportivo.net\/","logo":{"@type":"ImageObject","inLanguage":"pt-BR","@id":"https:\/\/universoesportivo.net\/#\/schema\/logo\/image\/","url":"https:\/\/universoesportivo.net\/wp-content\/uploads\/2024\/05\/cropped-cropped-universo-6.png","contentUrl":"https:\/\/universoesportivo.net\/wp-content\/uploads\/2024\/05\/cropped-cropped-universo-6.png","width":413,"height":295,"caption":"Universo Esportivo"},"image":{"@id":"https:\/\/universoesportivo.net\/#\/schema\/logo\/image\/"},"sameAs":["https:\/\/www.facebook.com\/universoesportivo.net"]},{"@type":"Person","@id":"https:\/\/universoesportivo.net\/#\/schema\/person\/62bc311bc7def56a6bc83711536e74bd","name":"Tiago Lotto","image":{"@type":"ImageObject","inLanguage":"pt-BR","@id":"https:\/\/secure.gravatar.com\/avatar\/fd6891125b3fb6ba0b794cd20c3398d5bb0fa20d2b9963a95f19470e5a6192f7?s=96&d=mm&r=g","url":"https:\/\/secure.gravatar.com\/avatar\/fd6891125b3fb6ba0b794cd20c3398d5bb0fa20d2b9963a95f19470e5a6192f7?s=96&d=mm&r=g","contentUrl":"https:\/\/secure.gravatar.com\/avatar\/fd6891125b3fb6ba0b794cd20c3398d5bb0fa20d2b9963a95f19470e5a6192f7?s=96&d=mm&r=g","caption":"Tiago Lotto"},"url":"https:\/\/universoesportivo.net\/index.php\/author\/tiago-lotto\/"}]}},"jetpack_featured_media_url":"https:\/\/universoesportivo.net\/wp-content\/uploads\/2025\/09\/berlim6-1.jpg","_links":{"self":[{"href":"https:\/\/universoesportivo.net\/index.php\/wp-json\/wp\/v2\/posts\/2277","targetHints":{"allow":["GET"]}}],"collection":[{"href":"https:\/\/universoesportivo.net\/index.php\/wp-json\/wp\/v2\/posts"}],"about":[{"href":"https:\/\/universoesportivo.net\/index.php\/wp-json\/wp\/v2\/types\/post"}],"author":[{"embeddable":true,"href":"https:\/\/universoesportivo.net\/index.php\/wp-json\/wp\/v2\/users\/2"}],"replies":[{"embeddable":true,"href":"https:\/\/universoesportivo.net\/index.php\/wp-json\/wp\/v2\/comments?post=2277"}],"version-history":[{"count":1,"href":"https:\/\/universoesportivo.net\/index.php\/wp-json\/wp\/v2\/posts\/2277\/revisions"}],"predecessor-version":[{"id":2279,"href":"https:\/\/universoesportivo.net\/index.php\/wp-json\/wp\/v2\/posts\/2277\/revisions\/2279"}],"wp:featuredmedia":[{"embeddable":true,"href":"https:\/\/universoesportivo.net\/index.php\/wp-json\/wp\/v2\/media\/2278"}],"wp:attachment":[{"href":"https:\/\/universoesportivo.net\/index.php\/wp-json\/wp\/v2\/media?parent=2277"}],"wp:term":[{"taxonomy":"category","embeddable":true,"href":"https:\/\/universoesportivo.net\/index.php\/wp-json\/wp\/v2\/categories?post=2277"},{"taxonomy":"post_tag","embeddable":true,"href":"https:\/\/universoesportivo.net\/index.php\/wp-json\/wp\/v2\/tags?post=2277"}],"curies":[{"name":"wp","href":"https:\/\/api.w.org\/{rel}","templated":true}]}}