{"id":2283,"date":"2025-10-06T18:01:29","date_gmt":"2025-10-06T21:01:29","guid":{"rendered":"https:\/\/universoesportivo.net\/?p=2283"},"modified":"2025-10-06T18:01:13","modified_gmt":"2025-10-06T21:01:13","slug":"no-peru-atleta-patrocinada-pela-industrias-colombo-livia-dominici-conquista-duas-medalhas-no-pan-americano-de-karate","status":"publish","type":"post","link":"https:\/\/universoesportivo.net\/index.php\/2025\/10\/06\/no-peru-atleta-patrocinada-pela-industrias-colombo-livia-dominici-conquista-duas-medalhas-no-pan-americano-de-karate\/","title":{"rendered":"NO PERU \u2013 Atleta patrocinada pela Ind\u00fastrias Colombo, L\u00edvia Dominici conquista duas medalhas no Pan-Americano de Karat\u00ea"},"content":{"rendered":"\n<p class=\"has-medium-font-size\">A atleta L\u00edvia Dominici, de Pindorama (SP), brilhou no Campeonato Pan-Americano de Karat\u00ea, realizado neste final de semana, dias 4 e 5 de outubro, em Lima, no Peru, e trouxe para o Brasil duas importantes conquistas: medalha de ouro por equipe e medalha de bronze individual na categoria Kumite adulto (21 a 34 anos) faixas marrom e preta, peso absoluto.<\/p>\n\n\n\n<p class=\"has-medium-font-size\">A competi\u00e7\u00e3o \u00e9 uma das mais importantes do calend\u00e1rio da modalidade nas Am\u00e9ricas e reuniu atletas de alto n\u00edvel de diversos pa\u00edses. L\u00edvia representou o Brasil demonstrando garra, t\u00e9cnica e esp\u00edrito de equipe.<\/p>\n\n\n\n<p class=\"has-medium-font-size\">\u201cFoi uma experi\u00eancia incr\u00edvel e desafiadora. Cada luta exigiu o m\u00e1ximo de concentra\u00e7\u00e3o e preparo, e estou muito feliz em voltar para casa com duas medalhas. Essa conquista \u00e9 fruto de muito treino, dedica\u00e7\u00e3o e apoio das pessoas que acreditam em mim. Representar o Brasil, Pindorama e a Ind\u00fastrias Colombo nesse palco internacional \u00e9 uma grande honra\u201d, destacou a atleta.<\/p>\n\n\n\n<p class=\"has-medium-font-size\">L\u00edvia pratica karat\u00ea desde os 10 anos de idade e compete oficialmente desde os 15. \u00c9 tricampe\u00e3 paulista \u2014 com t\u00edtulos em 2016 (Copa S\u00e3o Paulo), 2024 e 2025 \u2014 e teve destaque internacional em 2024 ao conquistar o 3\u00ba lugar no campeonato da B\u00e9lgica.<\/p>\n\n\n\n<p class=\"has-medium-font-size\">Sua trajet\u00f3ria \u00e9 acompanhada e apoiada pela Ind\u00fastrias Colombo, multinacional brasileira com sede em Pindorama (SP), que fabrica m\u00e1quinas e componentes agr\u00edcolas e acredita no esporte como ferramenta de transforma\u00e7\u00e3o. O patroc\u00ednio \u00e0 atleta integra as a\u00e7\u00f5es de Responsabilidade Social (ESG) da empresa.<\/p>\n\n\n\n<p class=\"has-medium-font-size\">\u201cVer a L\u00edvia alcan\u00e7ar o p\u00f3dio internacional \u00e9 motivo de orgulho para todos n\u00f3s. Ela representa a for\u00e7a, a disciplina e a determina\u00e7\u00e3o que tamb\u00e9m fazem parte dos valores da Colombo. Apoiar talentos como o dela \u00e9 uma forma de retribuir \u00e0 comunidade e incentivar o esporte como caminho de desenvolvimento e inspira\u00e7\u00e3o\u201d, ressalta Nilza Fernandes, diretora da Ind\u00fastrias Colombo.<\/p>\n\n\n\n<p class=\"has-medium-font-size\">APOIO \u2013 O patroc\u00ednio da Colombo veio ap\u00f3s uma publica\u00e7\u00e3o do site Universo Esportivo, que em uma mat\u00e9ria jornal\u00edstica divulgou a convoca\u00e7\u00e3o de L\u00edvia para integrar a Sele\u00e7\u00e3o Brasileira de Karat\u00ea. Na \u00e9poca, em setembro de 2024, L\u00edvia iria disputar uma competi\u00e7\u00e3o na B\u00e9lgica e necessitava de apoio financeiro.<\/p>\n\n\n\n<p class=\"has-medium-font-size\">Al\u00e9m de publicar a mat\u00e9ria no site, a dire\u00e7\u00e3o do universoesportivo.net enviou a informa\u00e7\u00e3o aos ve\u00edculos de comunica\u00e7\u00e3o da regi\u00e3o de S\u00e3o Jos\u00e9 do Rio Preto, que deram visibilidade ao tema.<\/p>\n\n\n\n<p class=\"has-medium-font-size\">Na B\u00e9lgica, com apoio da Colombo, L\u00edvia conquistou duas medalhas no \u201cOpen International Karat\u00e9 de La Province de Li\u00e8ge\u201d. O patroc\u00ednio segue at\u00e9 hoje.<\/p>\n\n\n\n<p class=\"has-medium-font-size\"><strong>Da reda\u00e7\u00e3o \u2013 Universo Esportivo com marketing da Ind\u00fastrias Colombo<\/strong><\/p>\n\n\n\n<p class=\"has-medium-font-size\"><strong>Fotos: Divulga\u00e7\u00e3o<\/strong><\/p>\n\n\n\n<figure class=\"wp-block-image\"><img fetchpriority=\"high\" decoding=\"async\" width=\"500\" height=\"667\" src=\"https:\/\/universoesportivo.net\/wp-content\/uploads\/2025\/10\/liviaabre-1.jpg\" alt=\"\" class=\"wp-image-2290\" srcset=\"https:\/\/universoesportivo.net\/wp-content\/uploads\/2025\/10\/liviaabre-1.jpg 500w, https:\/\/universoesportivo.net\/wp-content\/uploads\/2025\/10\/liviaabre-1-225x300.jpg 225w, https:\/\/universoesportivo.net\/wp-content\/uploads\/2025\/10\/liviaabre-1-9x12.jpg 9w\" sizes=\"(max-width: 500px) 100vw, 500px\" \/><\/figure>\n\n\n\n<figure class=\"wp-block-image\"><img decoding=\"async\" width=\"550\" height=\"733\" src=\"https:\/\/universoesportivo.net\/wp-content\/uploads\/2025\/10\/livia1abaixo.jpg\" alt=\"\" class=\"wp-image-2285\" srcset=\"https:\/\/universoesportivo.net\/wp-content\/uploads\/2025\/10\/livia1abaixo.jpg 550w, https:\/\/universoesportivo.net\/wp-content\/uploads\/2025\/10\/livia1abaixo-225x300.jpg 225w, https:\/\/universoesportivo.net\/wp-content\/uploads\/2025\/10\/livia1abaixo-9x12.jpg 9w\" sizes=\"(max-width: 550px) 100vw, 550px\" \/><\/figure>\n\n\n\n<p><\/p>\n\n\n\n<figure class=\"wp-block-image\"><img decoding=\"async\" width=\"550\" height=\"978\" src=\"https:\/\/universoesportivo.net\/wp-content\/uploads\/2025\/10\/livia2abaixo.jpg\" alt=\"\" class=\"wp-image-2284\" srcset=\"https:\/\/universoesportivo.net\/wp-content\/uploads\/2025\/10\/livia2abaixo.jpg 550w, https:\/\/universoesportivo.net\/wp-content\/uploads\/2025\/10\/livia2abaixo-169x300.jpg 169w, https:\/\/universoesportivo.net\/wp-content\/uploads\/2025\/10\/livia2abaixo-7x12.jpg 7w\" sizes=\"(max-width: 550px) 100vw, 550px\" \/><\/figure>\n","protected":false},"excerpt":{"rendered":"<p>A competi\u00e7\u00e3o no Peru foi uma das mais importantes do calend\u00e1rio da modalidade nas Am\u00e9ricas e reuniu atletas de alto n\u00edvel de diversos pa\u00edses. <\/p>\n","protected":false},"author":2,"featured_media":2288,"comment_status":"closed","ping_status":"closed","sticky":false,"template":"","format":"standard","meta":{"colormag_page_container_layout":"default_layout","colormag_page_sidebar_layout":"default_layout","footnotes":""},"categories":[52,17],"tags":[],"class_list":["post-2283","post","type-post","status-publish","format-standard","has-post-thumbnail","hentry","category-artes-marciais","category-esportes"],"magazineBlocksPostFeaturedMedia":{"thumbnail":"https:\/\/universoesportivo.net\/wp-content\/uploads\/2025\/10\/livia1abaixo-1-150x150.jpg","medium":"https:\/\/universoesportivo.net\/wp-content\/uploads\/2025\/10\/livia1abaixo-1-225x300.jpg","medium_large":"https:\/\/universoesportivo.net\/wp-content\/uploads\/2025\/10\/livia1abaixo-1.jpg","large":"https:\/\/universoesportivo.net\/wp-content\/uploads\/2025\/10\/livia1abaixo-1.jpg","1536x1536":"https:\/\/universoesportivo.net\/wp-content\/uploads\/2025\/10\/livia1abaixo-1.jpg","2048x2048":"https:\/\/universoesportivo.net\/wp-content\/uploads\/2025\/10\/livia1abaixo-1.jpg","trp-custom-language-flag":"https:\/\/universoesportivo.net\/wp-content\/uploads\/2025\/10\/livia1abaixo-1-9x12.jpg","colormag-highlighted-post":"https:\/\/universoesportivo.net\/wp-content\/uploads\/2025\/10\/livia1abaixo-1-392x272.jpg","colormag-featured-post-medium":"https:\/\/universoesportivo.net\/wp-content\/uploads\/2025\/10\/livia1abaixo-1-390x205.jpg","colormag-featured-post-small":"https:\/\/universoesportivo.net\/wp-content\/uploads\/2025\/10\/livia1abaixo-1-130x90.jpg","colormag-featured-image":"https:\/\/universoesportivo.net\/wp-content\/uploads\/2025\/10\/livia1abaixo-1-550x445.jpg","colormag-default-news":"https:\/\/universoesportivo.net\/wp-content\/uploads\/2025\/10\/livia1abaixo-1-150x150.jpg","colormag-featured-image-large":"https:\/\/universoesportivo.net\/wp-content\/uploads\/2025\/10\/livia1abaixo-1-550x600.jpg","colormag-elementor-block-extra-large-thumbnail":"https:\/\/universoesportivo.net\/wp-content\/uploads\/2025\/10\/livia1abaixo-1-550x480.jpg","colormag-elementor-grid-large-thumbnail":"https:\/\/universoesportivo.net\/wp-content\/uploads\/2025\/10\/livia1abaixo-1-550x417.jpg","colormag-elementor-grid-small-thumbnail":"https:\/\/universoesportivo.net\/wp-content\/uploads\/2025\/10\/livia1abaixo-1-285x450.jpg","colormag-elementor-grid-medium-large-thumbnail":"https:\/\/universoesportivo.net\/wp-content\/uploads\/2025\/10\/livia1abaixo-1-550x198.jpg"},"magazineBlocksPostAuthor":{"name":"Tiago Lotto","avatar":"https:\/\/secure.gravatar.com\/avatar\/fd6891125b3fb6ba0b794cd20c3398d5bb0fa20d2b9963a95f19470e5a6192f7?s=96&d=mm&r=g"},"magazineBlocksPostCommentsNumber":false,"magazineBlocksPostExcerpt":"A competi\u00e7\u00e3o no Peru foi uma das mais importantes do calend\u00e1rio da modalidade nas Am\u00e9ricas e reuniu atletas de alto n\u00edvel de diversos pa\u00edses. ","magazineBlocksPostCategories":["Artes Marciais","ESPORTES"],"magazineBlocksPostViewCount":40,"magazineBlocksPostReadTime":3,"magazine_blocks_featured_image_url":{"full":["https:\/\/universoesportivo.net\/wp-content\/uploads\/2025\/10\/livia1abaixo-1.jpg",550,733,false],"medium":["https:\/\/universoesportivo.net\/wp-content\/uploads\/2025\/10\/livia1abaixo-1-225x300.jpg",225,300,true],"thumbnail":["https:\/\/universoesportivo.net\/wp-content\/uploads\/2025\/10\/livia1abaixo-1-150x150.jpg",150,150,true]},"magazine_blocks_author":{"display_name":"Tiago Lotto","author_link":"https:\/\/universoesportivo.net\/index.php\/author\/tiago-lotto\/"},"magazine_blocks_comment":0,"magazine_blocks_author_image":"https:\/\/secure.gravatar.com\/avatar\/fd6891125b3fb6ba0b794cd20c3398d5bb0fa20d2b9963a95f19470e5a6192f7?s=96&d=mm&r=g","magazine_blocks_category":"<a href=\"#\" class=\"category-link category-link-52\">Artes Marciais<\/a> <a href=\"#\" class=\"category-link category-link-17\">ESPORTES<\/a>","yoast_head":"<!-- This site is optimized with the Yoast SEO plugin v27.4 - https:\/\/yoast.com\/product\/yoast-seo-wordpress\/ -->\n<title>NO PERU \u2013 Atleta patrocinada pela Ind\u00fastrias Colombo, L\u00edvia Dominici conquista duas medalhas no Pan-Americano de Karat\u00ea - Universo Esportivo<\/title>\n<meta name=\"robots\" content=\"index, follow, max-snippet:-1, max-image-preview:large, max-video-preview:-1\" \/>\n<link rel=\"canonical\" href=\"https:\/\/universoesportivo.net\/index.php\/2025\/10\/06\/no-peru-atleta-patrocinada-pela-industrias-colombo-livia-dominici-conquista-duas-medalhas-no-pan-americano-de-karate\/\" \/>\n<meta property=\"og:locale\" content=\"pt_BR\" \/>\n<meta property=\"og:type\" content=\"article\" \/>\n<meta property=\"og:title\" content=\"NO PERU \u2013 Atleta patrocinada pela Ind\u00fastrias Colombo, L\u00edvia Dominici conquista duas medalhas no Pan-Americano de Karat\u00ea - Universo Esportivo\" \/>\n<meta property=\"og:description\" content=\"A competi\u00e7\u00e3o no Peru foi uma das mais importantes do calend\u00e1rio da modalidade nas Am\u00e9ricas e reuniu atletas de alto n\u00edvel de diversos pa\u00edses.\" \/>\n<meta property=\"og:url\" content=\"https:\/\/universoesportivo.net\/index.php\/2025\/10\/06\/no-peru-atleta-patrocinada-pela-industrias-colombo-livia-dominici-conquista-duas-medalhas-no-pan-americano-de-karate\/\" \/>\n<meta property=\"og:site_name\" content=\"Universo Esportivo\" \/>\n<meta property=\"article:publisher\" content=\"https:\/\/www.facebook.com\/universoesportivo.net\" \/>\n<meta property=\"article:published_time\" content=\"2025-10-06T21:01:29+00:00\" \/>\n<meta property=\"og:image\" content=\"https:\/\/universoesportivo.net\/wp-content\/uploads\/2025\/10\/livia1abaixo-1.jpg\" \/>\n\t<meta property=\"og:image:width\" content=\"550\" \/>\n\t<meta property=\"og:image:height\" content=\"733\" \/>\n\t<meta property=\"og:image:type\" content=\"image\/jpeg\" \/>\n<meta name=\"author\" content=\"Tiago Lotto\" \/>\n<meta name=\"twitter:card\" content=\"summary_large_image\" \/>\n<meta name=\"twitter:label1\" content=\"Escrito por\" \/>\n\t<meta name=\"twitter:data1\" content=\"Tiago Lotto\" \/>\n\t<meta name=\"twitter:label2\" content=\"Est. tempo de leitura\" \/>\n\t<meta name=\"twitter:data2\" content=\"4 minutos\" \/>\n<script type=\"application\/ld+json\" class=\"yoast-schema-graph\">{\"@context\":\"https:\\\/\\\/schema.org\",\"@graph\":[{\"@type\":\"Article\",\"@id\":\"https:\\\/\\\/universoesportivo.net\\\/index.php\\\/2025\\\/10\\\/06\\\/no-peru-atleta-patrocinada-pela-industrias-colombo-livia-dominici-conquista-duas-medalhas-no-pan-americano-de-karate\\\/#article\",\"isPartOf\":{\"@id\":\"https:\\\/\\\/universoesportivo.net\\\/index.php\\\/2025\\\/10\\\/06\\\/no-peru-atleta-patrocinada-pela-industrias-colombo-livia-dominici-conquista-duas-medalhas-no-pan-americano-de-karate\\\/\"},\"author\":{\"name\":\"Tiago Lotto\",\"@id\":\"https:\\\/\\\/universoesportivo.net\\\/#\\\/schema\\\/person\\\/62bc311bc7def56a6bc83711536e74bd\"},\"headline\":\"NO PERU \u2013 Atleta patrocinada pela Ind\u00fastrias Colombo, L\u00edvia Dominici conquista duas medalhas no Pan-Americano de Karat\u00ea\",\"datePublished\":\"2025-10-06T21:01:29+00:00\",\"mainEntityOfPage\":{\"@id\":\"https:\\\/\\\/universoesportivo.net\\\/index.php\\\/2025\\\/10\\\/06\\\/no-peru-atleta-patrocinada-pela-industrias-colombo-livia-dominici-conquista-duas-medalhas-no-pan-americano-de-karate\\\/\"},\"wordCount\":472,\"publisher\":{\"@id\":\"https:\\\/\\\/universoesportivo.net\\\/#organization\"},\"image\":{\"@id\":\"https:\\\/\\\/universoesportivo.net\\\/index.php\\\/2025\\\/10\\\/06\\\/no-peru-atleta-patrocinada-pela-industrias-colombo-livia-dominici-conquista-duas-medalhas-no-pan-americano-de-karate\\\/#primaryimage\"},\"thumbnailUrl\":\"https:\\\/\\\/universoesportivo.net\\\/wp-content\\\/uploads\\\/2025\\\/10\\\/livia1abaixo-1.jpg\",\"articleSection\":[\"Artes Marciais\",\"ESPORTES\"],\"inLanguage\":\"pt-BR\"},{\"@type\":\"WebPage\",\"@id\":\"https:\\\/\\\/universoesportivo.net\\\/index.php\\\/2025\\\/10\\\/06\\\/no-peru-atleta-patrocinada-pela-industrias-colombo-livia-dominici-conquista-duas-medalhas-no-pan-americano-de-karate\\\/\",\"url\":\"https:\\\/\\\/universoesportivo.net\\\/index.php\\\/2025\\\/10\\\/06\\\/no-peru-atleta-patrocinada-pela-industrias-colombo-livia-dominici-conquista-duas-medalhas-no-pan-americano-de-karate\\\/\",\"name\":\"NO PERU \u2013 Atleta patrocinada pela Ind\u00fastrias Colombo, L\u00edvia Dominici conquista duas medalhas no Pan-Americano de Karat\u00ea - Universo Esportivo\",\"isPartOf\":{\"@id\":\"https:\\\/\\\/universoesportivo.net\\\/#website\"},\"primaryImageOfPage\":{\"@id\":\"https:\\\/\\\/universoesportivo.net\\\/index.php\\\/2025\\\/10\\\/06\\\/no-peru-atleta-patrocinada-pela-industrias-colombo-livia-dominici-conquista-duas-medalhas-no-pan-americano-de-karate\\\/#primaryimage\"},\"image\":{\"@id\":\"https:\\\/\\\/universoesportivo.net\\\/index.php\\\/2025\\\/10\\\/06\\\/no-peru-atleta-patrocinada-pela-industrias-colombo-livia-dominici-conquista-duas-medalhas-no-pan-americano-de-karate\\\/#primaryimage\"},\"thumbnailUrl\":\"https:\\\/\\\/universoesportivo.net\\\/wp-content\\\/uploads\\\/2025\\\/10\\\/livia1abaixo-1.jpg\",\"datePublished\":\"2025-10-06T21:01:29+00:00\",\"breadcrumb\":{\"@id\":\"https:\\\/\\\/universoesportivo.net\\\/index.php\\\/2025\\\/10\\\/06\\\/no-peru-atleta-patrocinada-pela-industrias-colombo-livia-dominici-conquista-duas-medalhas-no-pan-americano-de-karate\\\/#breadcrumb\"},\"inLanguage\":\"pt-BR\",\"potentialAction\":[{\"@type\":\"ReadAction\",\"target\":[\"https:\\\/\\\/universoesportivo.net\\\/index.php\\\/2025\\\/10\\\/06\\\/no-peru-atleta-patrocinada-pela-industrias-colombo-livia-dominici-conquista-duas-medalhas-no-pan-americano-de-karate\\\/\"]}]},{\"@type\":\"ImageObject\",\"inLanguage\":\"pt-BR\",\"@id\":\"https:\\\/\\\/universoesportivo.net\\\/index.php\\\/2025\\\/10\\\/06\\\/no-peru-atleta-patrocinada-pela-industrias-colombo-livia-dominici-conquista-duas-medalhas-no-pan-americano-de-karate\\\/#primaryimage\",\"url\":\"https:\\\/\\\/universoesportivo.net\\\/wp-content\\\/uploads\\\/2025\\\/10\\\/livia1abaixo-1.jpg\",\"contentUrl\":\"https:\\\/\\\/universoesportivo.net\\\/wp-content\\\/uploads\\\/2025\\\/10\\\/livia1abaixo-1.jpg\",\"width\":550,\"height\":733},{\"@type\":\"BreadcrumbList\",\"@id\":\"https:\\\/\\\/universoesportivo.net\\\/index.php\\\/2025\\\/10\\\/06\\\/no-peru-atleta-patrocinada-pela-industrias-colombo-livia-dominici-conquista-duas-medalhas-no-pan-americano-de-karate\\\/#breadcrumb\",\"itemListElement\":[{\"@type\":\"ListItem\",\"position\":1,\"name\":\"In\u00edcio\",\"item\":\"https:\\\/\\\/universoesportivo.net\\\/\"},{\"@type\":\"ListItem\",\"position\":2,\"name\":\"NO PERU \u2013 Atleta patrocinada pela Ind\u00fastrias Colombo, L\u00edvia Dominici conquista duas medalhas no Pan-Americano de Karat\u00ea\"}]},{\"@type\":\"WebSite\",\"@id\":\"https:\\\/\\\/universoesportivo.net\\\/#website\",\"url\":\"https:\\\/\\\/universoesportivo.net\\\/\",\"name\":\"Universo Esportivo\",\"description\":\"O portal de todas as modalidades esportivas!\",\"publisher\":{\"@id\":\"https:\\\/\\\/universoesportivo.net\\\/#organization\"},\"alternateName\":\"Jornalista Tiago Contador Lotto\",\"potentialAction\":[{\"@type\":\"SearchAction\",\"target\":{\"@type\":\"EntryPoint\",\"urlTemplate\":\"https:\\\/\\\/universoesportivo.net\\\/?s={search_term_string}\"},\"query-input\":{\"@type\":\"PropertyValueSpecification\",\"valueRequired\":true,\"valueName\":\"search_term_string\"}}],\"inLanguage\":\"pt-BR\"},{\"@type\":\"Organization\",\"@id\":\"https:\\\/\\\/universoesportivo.net\\\/#organization\",\"name\":\"Universo Esportivo\",\"alternateName\":\"Tiago Lotto\",\"url\":\"https:\\\/\\\/universoesportivo.net\\\/\",\"logo\":{\"@type\":\"ImageObject\",\"inLanguage\":\"pt-BR\",\"@id\":\"https:\\\/\\\/universoesportivo.net\\\/#\\\/schema\\\/logo\\\/image\\\/\",\"url\":\"https:\\\/\\\/universoesportivo.net\\\/wp-content\\\/uploads\\\/2024\\\/05\\\/cropped-cropped-universo-6.png\",\"contentUrl\":\"https:\\\/\\\/universoesportivo.net\\\/wp-content\\\/uploads\\\/2024\\\/05\\\/cropped-cropped-universo-6.png\",\"width\":413,\"height\":295,\"caption\":\"Universo Esportivo\"},\"image\":{\"@id\":\"https:\\\/\\\/universoesportivo.net\\\/#\\\/schema\\\/logo\\\/image\\\/\"},\"sameAs\":[\"https:\\\/\\\/www.facebook.com\\\/universoesportivo.net\"]},{\"@type\":\"Person\",\"@id\":\"https:\\\/\\\/universoesportivo.net\\\/#\\\/schema\\\/person\\\/62bc311bc7def56a6bc83711536e74bd\",\"name\":\"Tiago Lotto\",\"image\":{\"@type\":\"ImageObject\",\"inLanguage\":\"pt-BR\",\"@id\":\"https:\\\/\\\/secure.gravatar.com\\\/avatar\\\/fd6891125b3fb6ba0b794cd20c3398d5bb0fa20d2b9963a95f19470e5a6192f7?s=96&d=mm&r=g\",\"url\":\"https:\\\/\\\/secure.gravatar.com\\\/avatar\\\/fd6891125b3fb6ba0b794cd20c3398d5bb0fa20d2b9963a95f19470e5a6192f7?s=96&d=mm&r=g\",\"contentUrl\":\"https:\\\/\\\/secure.gravatar.com\\\/avatar\\\/fd6891125b3fb6ba0b794cd20c3398d5bb0fa20d2b9963a95f19470e5a6192f7?s=96&d=mm&r=g\",\"caption\":\"Tiago Lotto\"},\"url\":\"https:\\\/\\\/universoesportivo.net\\\/index.php\\\/author\\\/tiago-lotto\\\/\"}]}<\/script>\n<!-- \/ Yoast SEO plugin. -->","yoast_head_json":{"title":"NO PERU \u2013 Atleta patrocinada pela Ind\u00fastrias Colombo, L\u00edvia Dominici conquista duas medalhas no Pan-Americano de Karat\u00ea - Universo Esportivo","robots":{"index":"index","follow":"follow","max-snippet":"max-snippet:-1","max-image-preview":"max-image-preview:large","max-video-preview":"max-video-preview:-1"},"canonical":"https:\/\/universoesportivo.net\/index.php\/2025\/10\/06\/no-peru-atleta-patrocinada-pela-industrias-colombo-livia-dominici-conquista-duas-medalhas-no-pan-americano-de-karate\/","og_locale":"pt_BR","og_type":"article","og_title":"NO PERU \u2013 Atleta patrocinada pela Ind\u00fastrias Colombo, L\u00edvia Dominici conquista duas medalhas no Pan-Americano de Karat\u00ea - Universo Esportivo","og_description":"A competi\u00e7\u00e3o no Peru foi uma das mais importantes do calend\u00e1rio da modalidade nas Am\u00e9ricas e reuniu atletas de alto n\u00edvel de diversos pa\u00edses.","og_url":"https:\/\/universoesportivo.net\/index.php\/2025\/10\/06\/no-peru-atleta-patrocinada-pela-industrias-colombo-livia-dominici-conquista-duas-medalhas-no-pan-americano-de-karate\/","og_site_name":"Universo Esportivo","article_publisher":"https:\/\/www.facebook.com\/universoesportivo.net","article_published_time":"2025-10-06T21:01:29+00:00","og_image":[{"width":550,"height":733,"url":"https:\/\/universoesportivo.net\/wp-content\/uploads\/2025\/10\/livia1abaixo-1.jpg","type":"image\/jpeg"}],"author":"Tiago Lotto","twitter_card":"summary_large_image","twitter_misc":{"Escrito por":"Tiago Lotto","Est. tempo de leitura":"4 minutos"},"schema":{"@context":"https:\/\/schema.org","@graph":[{"@type":"Article","@id":"https:\/\/universoesportivo.net\/index.php\/2025\/10\/06\/no-peru-atleta-patrocinada-pela-industrias-colombo-livia-dominici-conquista-duas-medalhas-no-pan-americano-de-karate\/#article","isPartOf":{"@id":"https:\/\/universoesportivo.net\/index.php\/2025\/10\/06\/no-peru-atleta-patrocinada-pela-industrias-colombo-livia-dominici-conquista-duas-medalhas-no-pan-americano-de-karate\/"},"author":{"name":"Tiago Lotto","@id":"https:\/\/universoesportivo.net\/#\/schema\/person\/62bc311bc7def56a6bc83711536e74bd"},"headline":"NO PERU \u2013 Atleta patrocinada pela Ind\u00fastrias Colombo, L\u00edvia Dominici conquista duas medalhas no Pan-Americano de Karat\u00ea","datePublished":"2025-10-06T21:01:29+00:00","mainEntityOfPage":{"@id":"https:\/\/universoesportivo.net\/index.php\/2025\/10\/06\/no-peru-atleta-patrocinada-pela-industrias-colombo-livia-dominici-conquista-duas-medalhas-no-pan-americano-de-karate\/"},"wordCount":472,"publisher":{"@id":"https:\/\/universoesportivo.net\/#organization"},"image":{"@id":"https:\/\/universoesportivo.net\/index.php\/2025\/10\/06\/no-peru-atleta-patrocinada-pela-industrias-colombo-livia-dominici-conquista-duas-medalhas-no-pan-americano-de-karate\/#primaryimage"},"thumbnailUrl":"https:\/\/universoesportivo.net\/wp-content\/uploads\/2025\/10\/livia1abaixo-1.jpg","articleSection":["Artes Marciais","ESPORTES"],"inLanguage":"pt-BR"},{"@type":"WebPage","@id":"https:\/\/universoesportivo.net\/index.php\/2025\/10\/06\/no-peru-atleta-patrocinada-pela-industrias-colombo-livia-dominici-conquista-duas-medalhas-no-pan-americano-de-karate\/","url":"https:\/\/universoesportivo.net\/index.php\/2025\/10\/06\/no-peru-atleta-patrocinada-pela-industrias-colombo-livia-dominici-conquista-duas-medalhas-no-pan-americano-de-karate\/","name":"NO PERU \u2013 Atleta patrocinada pela Ind\u00fastrias Colombo, L\u00edvia Dominici conquista duas medalhas no Pan-Americano de Karat\u00ea - Universo Esportivo","isPartOf":{"@id":"https:\/\/universoesportivo.net\/#website"},"primaryImageOfPage":{"@id":"https:\/\/universoesportivo.net\/index.php\/2025\/10\/06\/no-peru-atleta-patrocinada-pela-industrias-colombo-livia-dominici-conquista-duas-medalhas-no-pan-americano-de-karate\/#primaryimage"},"image":{"@id":"https:\/\/universoesportivo.net\/index.php\/2025\/10\/06\/no-peru-atleta-patrocinada-pela-industrias-colombo-livia-dominici-conquista-duas-medalhas-no-pan-americano-de-karate\/#primaryimage"},"thumbnailUrl":"https:\/\/universoesportivo.net\/wp-content\/uploads\/2025\/10\/livia1abaixo-1.jpg","datePublished":"2025-10-06T21:01:29+00:00","breadcrumb":{"@id":"https:\/\/universoesportivo.net\/index.php\/2025\/10\/06\/no-peru-atleta-patrocinada-pela-industrias-colombo-livia-dominici-conquista-duas-medalhas-no-pan-americano-de-karate\/#breadcrumb"},"inLanguage":"pt-BR","potentialAction":[{"@type":"ReadAction","target":["https:\/\/universoesportivo.net\/index.php\/2025\/10\/06\/no-peru-atleta-patrocinada-pela-industrias-colombo-livia-dominici-conquista-duas-medalhas-no-pan-americano-de-karate\/"]}]},{"@type":"ImageObject","inLanguage":"pt-BR","@id":"https:\/\/universoesportivo.net\/index.php\/2025\/10\/06\/no-peru-atleta-patrocinada-pela-industrias-colombo-livia-dominici-conquista-duas-medalhas-no-pan-americano-de-karate\/#primaryimage","url":"https:\/\/universoesportivo.net\/wp-content\/uploads\/2025\/10\/livia1abaixo-1.jpg","contentUrl":"https:\/\/universoesportivo.net\/wp-content\/uploads\/2025\/10\/livia1abaixo-1.jpg","width":550,"height":733},{"@type":"BreadcrumbList","@id":"https:\/\/universoesportivo.net\/index.php\/2025\/10\/06\/no-peru-atleta-patrocinada-pela-industrias-colombo-livia-dominici-conquista-duas-medalhas-no-pan-americano-de-karate\/#breadcrumb","itemListElement":[{"@type":"ListItem","position":1,"name":"In\u00edcio","item":"https:\/\/universoesportivo.net\/"},{"@type":"ListItem","position":2,"name":"NO PERU \u2013 Atleta patrocinada pela Ind\u00fastrias Colombo, L\u00edvia Dominici conquista duas medalhas no Pan-Americano de Karat\u00ea"}]},{"@type":"WebSite","@id":"https:\/\/universoesportivo.net\/#website","url":"https:\/\/universoesportivo.net\/","name":"Universo Esportivo","description":"O portal de todas as modalidades esportivas!","publisher":{"@id":"https:\/\/universoesportivo.net\/#organization"},"alternateName":"Jornalista Tiago Contador Lotto","potentialAction":[{"@type":"SearchAction","target":{"@type":"EntryPoint","urlTemplate":"https:\/\/universoesportivo.net\/?s={search_term_string}"},"query-input":{"@type":"PropertyValueSpecification","valueRequired":true,"valueName":"search_term_string"}}],"inLanguage":"pt-BR"},{"@type":"Organization","@id":"https:\/\/universoesportivo.net\/#organization","name":"Universo Esportivo","alternateName":"Tiago Lotto","url":"https:\/\/universoesportivo.net\/","logo":{"@type":"ImageObject","inLanguage":"pt-BR","@id":"https:\/\/universoesportivo.net\/#\/schema\/logo\/image\/","url":"https:\/\/universoesportivo.net\/wp-content\/uploads\/2024\/05\/cropped-cropped-universo-6.png","contentUrl":"https:\/\/universoesportivo.net\/wp-content\/uploads\/2024\/05\/cropped-cropped-universo-6.png","width":413,"height":295,"caption":"Universo Esportivo"},"image":{"@id":"https:\/\/universoesportivo.net\/#\/schema\/logo\/image\/"},"sameAs":["https:\/\/www.facebook.com\/universoesportivo.net"]},{"@type":"Person","@id":"https:\/\/universoesportivo.net\/#\/schema\/person\/62bc311bc7def56a6bc83711536e74bd","name":"Tiago Lotto","image":{"@type":"ImageObject","inLanguage":"pt-BR","@id":"https:\/\/secure.gravatar.com\/avatar\/fd6891125b3fb6ba0b794cd20c3398d5bb0fa20d2b9963a95f19470e5a6192f7?s=96&d=mm&r=g","url":"https:\/\/secure.gravatar.com\/avatar\/fd6891125b3fb6ba0b794cd20c3398d5bb0fa20d2b9963a95f19470e5a6192f7?s=96&d=mm&r=g","contentUrl":"https:\/\/secure.gravatar.com\/avatar\/fd6891125b3fb6ba0b794cd20c3398d5bb0fa20d2b9963a95f19470e5a6192f7?s=96&d=mm&r=g","caption":"Tiago Lotto"},"url":"https:\/\/universoesportivo.net\/index.php\/author\/tiago-lotto\/"}]}},"jetpack_featured_media_url":"https:\/\/universoesportivo.net\/wp-content\/uploads\/2025\/10\/livia1abaixo-1.jpg","_links":{"self":[{"href":"https:\/\/universoesportivo.net\/index.php\/wp-json\/wp\/v2\/posts\/2283","targetHints":{"allow":["GET"]}}],"collection":[{"href":"https:\/\/universoesportivo.net\/index.php\/wp-json\/wp\/v2\/posts"}],"about":[{"href":"https:\/\/universoesportivo.net\/index.php\/wp-json\/wp\/v2\/types\/post"}],"author":[{"embeddable":true,"href":"https:\/\/universoesportivo.net\/index.php\/wp-json\/wp\/v2\/users\/2"}],"replies":[{"embeddable":true,"href":"https:\/\/universoesportivo.net\/index.php\/wp-json\/wp\/v2\/comments?post=2283"}],"version-history":[{"count":2,"href":"https:\/\/universoesportivo.net\/index.php\/wp-json\/wp\/v2\/posts\/2283\/revisions"}],"predecessor-version":[{"id":2291,"href":"https:\/\/universoesportivo.net\/index.php\/wp-json\/wp\/v2\/posts\/2283\/revisions\/2291"}],"wp:featuredmedia":[{"embeddable":true,"href":"https:\/\/universoesportivo.net\/index.php\/wp-json\/wp\/v2\/media\/2288"}],"wp:attachment":[{"href":"https:\/\/universoesportivo.net\/index.php\/wp-json\/wp\/v2\/media?parent=2283"}],"wp:term":[{"taxonomy":"category","embeddable":true,"href":"https:\/\/universoesportivo.net\/index.php\/wp-json\/wp\/v2\/categories?post=2283"},{"taxonomy":"post_tag","embeddable":true,"href":"https:\/\/universoesportivo.net\/index.php\/wp-json\/wp\/v2\/tags?post=2283"}],"curies":[{"name":"wp","href":"https:\/\/api.w.org\/{rel}","templated":true}]}}