{"id":2300,"date":"2025-10-09T12:50:26","date_gmt":"2025-10-09T15:50:26","guid":{"rendered":"https:\/\/universoesportivo.net\/?p=2300"},"modified":"2025-10-09T13:42:08","modified_gmt":"2025-10-09T16:42:08","slug":"apos-polemica-cbf-divulga-audios-do-var-em-lances-do-classico-sao-paulo-x-palmeiras","status":"publish","type":"post","link":"https:\/\/universoesportivo.net\/index.php\/2025\/10\/09\/apos-polemica-cbf-divulga-audios-do-var-em-lances-do-classico-sao-paulo-x-palmeiras\/","title":{"rendered":"Ap\u00f3s pol\u00eamica, CBF divulga \u00e1udios do VAR em lances do cl\u00e1ssico S\u00e3o Paulo x Palmeiras"},"content":{"rendered":"\n<p class=\"has-medium-font-size\">Ap\u00f3s 4 dias de pol\u00eamicas e movimenta\u00e7\u00e3o tensa nos bastidores, a CBF divulgou nesta quinta-feira (9) os \u00e1udios do VAR referentes aos lances capitais durante o cl\u00e1ssico do \u00faltimo domingo, entre S\u00e3o Paulo x Palmeiras, no Morumbis. O jogo, pela 27\u00aa rodada do Campeonato Brasileiro, terminou com vit\u00f3ria do Palmeiras, que perdia por 2 x 0 e virou o jogo, vencendo por 3&#215;2.<\/p>\n\n\n\n<p class=\"has-medium-font-size\">O Universo Esportivo fez a transcri\u00e7\u00e3o dos \u00e1udio, entre \u00e1rbitros do VAR e o \u00e1rbitro de campo, Ramon Abatti Abel. O \u00e1rbitro n\u00e3o foi ao v\u00eddeo (ao VAR) checar nenhum dos lances. O que mais pol\u00eamico deles foi o escorreg\u00e3o de Allan \u2013 zagueiro do Palmeiras \u2013 que atingiu Tapia \u2013 atacante do S\u00e3o Paulo.<\/p>\n\n\n\n<p class=\"has-medium-font-size\">Acompanhe o que disseram o \u00e1rbitros do cl\u00e1ssico Choque-Rei:<\/p>\n\n\n\n<p class=\"has-medium-font-size\"><strong>1\u00ba \u2013 Pis\u00e3o de G\u00f3mez em Tapia (poss\u00edvel cart\u00e3o vermelho)<\/strong><\/p>\n\n\n\n<p class=\"has-medium-font-size\">Aos 36 minutos do primeiro tempo,\u00a0G\u00f3mez\u00a0e\u00a0Tapia\u00a0disputavam espa\u00e7o quando o defensor palmeirense acertou o p\u00e9 do advers\u00e1rio. Logo ap\u00f3s o lance,\u00a0Ramon Abatti Abel\u00a0minimizou o contato:<\/p>\n\n\n\n<p class=\"has-medium-font-size\">\u201cNada, nada.\u201d<\/p>\n\n\n\n<p class=\"has-medium-font-size\">O \u00e1rbitro de v\u00eddeo,\u00a0Ilbert Estevam, pediu a checagem:<\/p>\n\n\n\n<p class=\"has-medium-font-size\">\u201cQuero ver um contato em cima e um poss\u00edvel pis\u00e3o.\u201d<\/p>\n\n\n\n<p class=\"has-medium-font-size\">Ramon respondeu:<\/p>\n\n\n\n<p class=\"has-medium-font-size\">\u201cPra mim, tem um pis\u00e3o, mas sem inten\u00e7\u00e3o.\u00a0Um pis\u00e3o de disputa.\u201d<\/p>\n\n\n\n<p class=\"has-medium-font-size\">Ap\u00f3s revisar o lance em diferentes \u00e2ngulos, o VAR concluiu:<\/p>\n\n\n\n<p class=\"has-medium-font-size\">\u201cO jogador esta desequilibrado. Ele vai tentar saltar no jogador caindo, mas n\u00e3o teve um local para cair\u201d.<\/p>\n\n\n\n<p class=\"has-medium-font-size\">A an\u00e1lise durou\u00a050 segundos, e o jogo prosseguiu sem mudan\u00e7a na decis\u00e3o de campo.<\/p>\n\n\n\n<p class=\"has-medium-font-size\"><strong>2\u00ba \u2013 Poss\u00edvel p\u00eanalti de Allan em Tapia<\/strong><\/p>\n\n\n\n<p class=\"has-medium-font-size\">No in\u00edcio do segundo tempo,\u00a0aos sete minutos,\u00a0Allan\u00a0escorregou e atingiu\u00a0Tapia\u00a0dentro da \u00e1rea, gerando reclama\u00e7\u00f5es dos s\u00e3o-paulinos.<\/p>\n\n\n\n<p class=\"has-medium-font-size\">Ramon narrou imediatamente o que viu:<\/p>\n\n\n\n<p class=\"has-medium-font-size\">\u201cEscorregou, escorregou. O jogador escorregou e os dois est\u00e3o olhando pra bola, os dois escorregam\u201d.<\/p>\n\n\n\n<p class=\"has-medium-font-size\">O VAR confirmou o relato e iniciou a checagem.<\/p>\n\n\n\n<p class=\"has-medium-font-size\">\u201cOuvimos, Ramon. Vamos checar agora\u201d, disse Ilbert.<\/p>\n\n\n\n<p class=\"has-medium-font-size\">O \u00e1rbitro refor\u00e7ou sua percep\u00e7\u00e3o:<\/p>\n\n\n\n<p class=\"has-medium-font-size\">\u201cPra mim, ele escorrega, o jogador bate nele e cai.\u00a0Nenhum tipo de entrada aqui.\u201d<\/p>\n\n\n\n<p class=\"has-medium-font-size\">O analista de v\u00eddeo completou:<\/p>\n\n\n\n<p class=\"has-medium-font-size\">\u201c\u00c9 uma bola saindo da \u00e1rea, e n\u00f3s temos um jogador do Palmeiras que escorrega e tem contato com o advers\u00e1rio \u2014&nbsp;<strong>totalmente acidental<\/strong>, provocado por conta desse escorreg\u00e3o.\u201d<\/p>\n\n\n\n<p class=\"has-medium-font-size\">Ramon explicou aos atletas:<\/p>\n\n\n\n<p class=\"has-medium-font-size\">\u201cPra mim foi um choque, o jogador escorregou.\u201d<\/p>\n\n\n\n<p class=\"has-medium-font-size\">E o VAR confirmou a checagem:<\/p>\n\n\n\n<p class=\"has-medium-font-size\">\u201cRamon, \u00e9 justamente isso que voc\u00ea narra. O jogador do Palmeiras escorrega e o contato \u00e9 acidental. Bola saindo da \u00e1rea. J\u00e1 foi checado\u201d.<\/p>\n\n\n\n<p class=\"has-medium-font-size\">O \u00e1rbitro Ramon encerrou a discuss\u00e3o em campo:<\/p>\n\n\n\n<p class=\"has-medium-font-size\">\u201cTem que me escutar. O jogador escorregou. Os dois est\u00e3o olhando pra bola e teve um choque de jogo. N\u00e3o \u00e9 falta nem fora nem dentro da \u00e1rea. Pra mim, n\u00e3o \u00e9.\u201d<\/p>\n\n\n\n<p class=\"has-medium-font-size\"><strong>3\u00ba \u2013 Pis\u00e3o de Andreas em Marcos Ant\u00f4nio \u2013 poss\u00edvel cart\u00e3o vermelho<\/strong><\/p>\n\n\n\n<p class=\"has-medium-font-size\">Aos nove,\u00a0Andreas Pereira\u00a0pisou em\u00a0Marcos Ant\u00f4nio. O \u00e1rbitro mostrou cart\u00e3o amarelo e explicou sua decis\u00e3o ao VAR:<\/p>\n\n\n\n<p class=\"has-medium-font-size\">\u201cTocou nele. Ele pisa na bola, o jogador chuta e sobra a sola dele.\u201d<\/p>\n\n\n\n<p class=\"has-medium-font-size\">Ilbert\u00a0analisou o lance e observou:<\/p>\n\n\n\n<p class=\"has-medium-font-size\">\u201cAt\u00e9 raspa na canela, mas, posteriormente, o contato embaixo \u00e9 mais forte.\u201d<\/p>\n\n\n\n<p class=\"has-medium-font-size\">Ramon manteve sua posi\u00e7\u00e3o:<\/p>\n\n\n\n<p class=\"has-medium-font-size\">\u201cPra mim, o \u2018Andr\u00e9\u2019 (Andreas) coloca o p\u00e9 na bola.\u201d<\/p>\n\n\n\n<p class=\"has-medium-font-size\">Ap\u00f3s a revis\u00e3o, o VAR confirmou a decis\u00e3o:<\/p>\n\n\n\n<p class=\"has-medium-font-size\">\u201cIntensidade m\u00e9dia, seguimos. Lance checado. N\u00famero 8 confirmado com cart\u00e3o amarelo, t\u00e1?\u201d<\/p>\n\n\n\n<p class=\"has-medium-font-size\"><strong>4\u00ba \u2013 Cotovelada de G\u00f3mez em Tapia \u2013 poss\u00edvel cart\u00e3o vermelho<\/strong><\/p>\n\n\n\n<p class=\"has-medium-font-size\">Aos\u00a012 minutos,\u00a0G\u00f3mez\u00a0e\u00a0Tapia\u00a0voltaram a se enroscar. O zagueiro palmeirense atingiu o advers\u00e1rio com o cotovelo no nariz. O \u00e1rbitro n\u00e3o viu o lance e o jogo seguiu at\u00e9 que o VAR alertou sobre o sangramento do s\u00e3o-paulino.<\/p>\n\n\n\n<p class=\"has-medium-font-size\">Ramon\u00a0paralisou a partida para revis\u00e3o, e o VAR explicou:<\/p>\n\n\n\n<p class=\"has-medium-font-size\">\u201cQuando ele vai levantar, ele toca com o cotovelo. Checado. Quando ele vai levantar, ele atinge o rosto com o cotovelo. \u00c9 quando ele vai levantar. N\u00e3o h\u00e1 a\u00e7\u00e3o de cotovelada, nenhum gesto adicional.\u201d<\/p>\n\n\n\n<p class=\"has-medium-font-size\">O \u00e1rbitro Ramon explicou a\u00a0Tapia\u00a0em campo:<\/p>\n\n\n\n<p class=\"has-medium-font-size\">\u201cPega sim.\u00a0Ele n\u00e3o pega por querer, \u00e9 porque ele levanta.\u201d<\/p>\n\n\n\n<p class=\"has-medium-font-size\">Ap\u00f3s a checagem, o jogo foi retomado sem mudan\u00e7a na decis\u00e3o.<\/p>\n\n\n\n<p class=\"has-medium-font-size\">Universo Esportivo \u2013 Da reda\u00e7\u00e3o<\/p>\n\n\n\n<p class=\"has-medium-font-size\">Foto: Redes Sociais do S\u00e3o Paulo<\/p>\n","protected":false},"excerpt":{"rendered":"<p>O Universo Esportivo fez a transcri\u00e7\u00e3o dos \u00e1udio, entre \u00e1rbitros do VAR e o \u00e1rbitro de campo, Ramon Abatti Abel. O \u00e1rbitro n\u00e3o foi ao VAR checar nenhum dos lances.<\/p>\n","protected":false},"author":2,"featured_media":2301,"comment_status":"closed","ping_status":"closed","sticky":false,"template":"","format":"standard","meta":{"colormag_page_container_layout":"default_layout","colormag_page_sidebar_layout":"default_layout","footnotes":""},"categories":[17,43],"tags":[],"class_list":["post-2300","post","type-post","status-publish","format-standard","has-post-thumbnail","hentry","category-esportes","category-futebol"],"magazineBlocksPostFeaturedMedia":{"thumbnail":"https:\/\/universoesportivo.net\/wp-content\/uploads\/2025\/10\/penalabre-150x150.jpg","medium":"https:\/\/universoesportivo.net\/wp-content\/uploads\/2025\/10\/penalabre-300x181.jpg","medium_large":"https:\/\/universoesportivo.net\/wp-content\/uploads\/2025\/10\/penalabre.jpg","large":"https:\/\/universoesportivo.net\/wp-content\/uploads\/2025\/10\/penalabre.jpg","1536x1536":"https:\/\/universoesportivo.net\/wp-content\/uploads\/2025\/10\/penalabre.jpg","2048x2048":"https:\/\/universoesportivo.net\/wp-content\/uploads\/2025\/10\/penalabre.jpg","trp-custom-language-flag":"https:\/\/universoesportivo.net\/wp-content\/uploads\/2025\/10\/penalabre-18x12.jpg","colormag-highlighted-post":"https:\/\/universoesportivo.net\/wp-content\/uploads\/2025\/10\/penalabre-392x272.jpg","colormag-featured-post-medium":"https:\/\/universoesportivo.net\/wp-content\/uploads\/2025\/10\/penalabre-390x205.jpg","colormag-featured-post-small":"https:\/\/universoesportivo.net\/wp-content\/uploads\/2025\/10\/penalabre-130x90.jpg","colormag-featured-image":"https:\/\/universoesportivo.net\/wp-content\/uploads\/2025\/10\/penalabre.jpg","colormag-default-news":"https:\/\/universoesportivo.net\/wp-content\/uploads\/2025\/10\/penalabre-150x150.jpg","colormag-featured-image-large":"https:\/\/universoesportivo.net\/wp-content\/uploads\/2025\/10\/penalabre.jpg","colormag-elementor-block-extra-large-thumbnail":"https:\/\/universoesportivo.net\/wp-content\/uploads\/2025\/10\/penalabre.jpg","colormag-elementor-grid-large-thumbnail":"https:\/\/universoesportivo.net\/wp-content\/uploads\/2025\/10\/penalabre.jpg","colormag-elementor-grid-small-thumbnail":"https:\/\/universoesportivo.net\/wp-content\/uploads\/2025\/10\/penalabre-285x272.jpg","colormag-elementor-grid-medium-large-thumbnail":"https:\/\/universoesportivo.net\/wp-content\/uploads\/2025\/10\/penalabre-450x198.jpg"},"magazineBlocksPostAuthor":{"name":"Tiago Lotto","avatar":"https:\/\/secure.gravatar.com\/avatar\/fd6891125b3fb6ba0b794cd20c3398d5bb0fa20d2b9963a95f19470e5a6192f7?s=96&d=mm&r=g"},"magazineBlocksPostCommentsNumber":false,"magazineBlocksPostExcerpt":"O Universo Esportivo fez a transcri\u00e7\u00e3o dos \u00e1udio, entre \u00e1rbitros do VAR e o \u00e1rbitro de campo, Ramon Abatti Abel. O \u00e1rbitro n\u00e3o foi ao VAR checar nenhum dos lances.","magazineBlocksPostCategories":["ESPORTES","Futebol"],"magazineBlocksPostViewCount":72,"magazineBlocksPostReadTime":4,"magazine_blocks_featured_image_url":{"full":["https:\/\/universoesportivo.net\/wp-content\/uploads\/2025\/10\/penalabre.jpg",450,272,false],"medium":["https:\/\/universoesportivo.net\/wp-content\/uploads\/2025\/10\/penalabre-300x181.jpg",300,181,true],"thumbnail":["https:\/\/universoesportivo.net\/wp-content\/uploads\/2025\/10\/penalabre-150x150.jpg",150,150,true]},"magazine_blocks_author":{"display_name":"Tiago Lotto","author_link":"https:\/\/universoesportivo.net\/index.php\/author\/tiago-lotto\/"},"magazine_blocks_comment":0,"magazine_blocks_author_image":"https:\/\/secure.gravatar.com\/avatar\/fd6891125b3fb6ba0b794cd20c3398d5bb0fa20d2b9963a95f19470e5a6192f7?s=96&d=mm&r=g","magazine_blocks_category":"<a href=\"#\" class=\"category-link category-link-17\">ESPORTES<\/a> <a href=\"#\" class=\"category-link category-link-43\">Futebol<\/a>","yoast_head":"<!-- This site is optimized with the Yoast SEO plugin v27.4 - https:\/\/yoast.com\/product\/yoast-seo-wordpress\/ -->\n<title>Ap\u00f3s pol\u00eamica, CBF divulga \u00e1udios do VAR em lances do cl\u00e1ssico S\u00e3o Paulo x Palmeiras - Universo Esportivo<\/title>\n<meta name=\"robots\" content=\"index, follow, max-snippet:-1, max-image-preview:large, max-video-preview:-1\" \/>\n<link rel=\"canonical\" href=\"https:\/\/universoesportivo.net\/index.php\/2025\/10\/09\/apos-polemica-cbf-divulga-audios-do-var-em-lances-do-classico-sao-paulo-x-palmeiras\/\" \/>\n<meta property=\"og:locale\" content=\"pt_BR\" \/>\n<meta property=\"og:type\" content=\"article\" \/>\n<meta property=\"og:title\" content=\"Ap\u00f3s pol\u00eamica, CBF divulga \u00e1udios do VAR em lances do cl\u00e1ssico S\u00e3o Paulo x Palmeiras - Universo Esportivo\" \/>\n<meta property=\"og:description\" content=\"O Universo Esportivo fez a transcri\u00e7\u00e3o dos \u00e1udio, entre \u00e1rbitros do VAR e o \u00e1rbitro de campo, Ramon Abatti Abel. O \u00e1rbitro n\u00e3o foi ao VAR checar nenhum dos lances.\" \/>\n<meta property=\"og:url\" content=\"https:\/\/universoesportivo.net\/index.php\/2025\/10\/09\/apos-polemica-cbf-divulga-audios-do-var-em-lances-do-classico-sao-paulo-x-palmeiras\/\" \/>\n<meta property=\"og:site_name\" content=\"Universo Esportivo\" \/>\n<meta property=\"article:publisher\" content=\"https:\/\/www.facebook.com\/universoesportivo.net\" \/>\n<meta property=\"article:published_time\" content=\"2025-10-09T15:50:26+00:00\" \/>\n<meta property=\"article:modified_time\" content=\"2025-10-09T16:42:08+00:00\" \/>\n<meta property=\"og:image\" content=\"https:\/\/universoesportivo.net\/wp-content\/uploads\/2025\/10\/penalabre.jpg\" \/>\n\t<meta property=\"og:image:width\" content=\"450\" \/>\n\t<meta property=\"og:image:height\" content=\"272\" \/>\n\t<meta property=\"og:image:type\" content=\"image\/jpeg\" \/>\n<meta name=\"author\" content=\"Tiago Lotto\" \/>\n<meta name=\"twitter:card\" content=\"summary_large_image\" \/>\n<meta name=\"twitter:label1\" content=\"Escrito por\" \/>\n\t<meta name=\"twitter:data1\" content=\"Tiago Lotto\" \/>\n\t<meta name=\"twitter:label2\" content=\"Est. tempo de leitura\" \/>\n\t<meta name=\"twitter:data2\" content=\"4 minutos\" \/>\n<script type=\"application\/ld+json\" class=\"yoast-schema-graph\">{\"@context\":\"https:\\\/\\\/schema.org\",\"@graph\":[{\"@type\":\"Article\",\"@id\":\"https:\\\/\\\/universoesportivo.net\\\/index.php\\\/2025\\\/10\\\/09\\\/apos-polemica-cbf-divulga-audios-do-var-em-lances-do-classico-sao-paulo-x-palmeiras\\\/#article\",\"isPartOf\":{\"@id\":\"https:\\\/\\\/universoesportivo.net\\\/index.php\\\/2025\\\/10\\\/09\\\/apos-polemica-cbf-divulga-audios-do-var-em-lances-do-classico-sao-paulo-x-palmeiras\\\/\"},\"author\":{\"name\":\"Tiago Lotto\",\"@id\":\"https:\\\/\\\/universoesportivo.net\\\/#\\\/schema\\\/person\\\/62bc311bc7def56a6bc83711536e74bd\"},\"headline\":\"Ap\u00f3s pol\u00eamica, CBF divulga \u00e1udios do VAR em lances do cl\u00e1ssico S\u00e3o Paulo x Palmeiras\",\"datePublished\":\"2025-10-09T15:50:26+00:00\",\"dateModified\":\"2025-10-09T16:42:08+00:00\",\"mainEntityOfPage\":{\"@id\":\"https:\\\/\\\/universoesportivo.net\\\/index.php\\\/2025\\\/10\\\/09\\\/apos-polemica-cbf-divulga-audios-do-var-em-lances-do-classico-sao-paulo-x-palmeiras\\\/\"},\"wordCount\":746,\"publisher\":{\"@id\":\"https:\\\/\\\/universoesportivo.net\\\/#organization\"},\"image\":{\"@id\":\"https:\\\/\\\/universoesportivo.net\\\/index.php\\\/2025\\\/10\\\/09\\\/apos-polemica-cbf-divulga-audios-do-var-em-lances-do-classico-sao-paulo-x-palmeiras\\\/#primaryimage\"},\"thumbnailUrl\":\"https:\\\/\\\/universoesportivo.net\\\/wp-content\\\/uploads\\\/2025\\\/10\\\/penalabre.jpg\",\"articleSection\":[\"ESPORTES\",\"Futebol\"],\"inLanguage\":\"pt-BR\"},{\"@type\":\"WebPage\",\"@id\":\"https:\\\/\\\/universoesportivo.net\\\/index.php\\\/2025\\\/10\\\/09\\\/apos-polemica-cbf-divulga-audios-do-var-em-lances-do-classico-sao-paulo-x-palmeiras\\\/\",\"url\":\"https:\\\/\\\/universoesportivo.net\\\/index.php\\\/2025\\\/10\\\/09\\\/apos-polemica-cbf-divulga-audios-do-var-em-lances-do-classico-sao-paulo-x-palmeiras\\\/\",\"name\":\"Ap\u00f3s pol\u00eamica, CBF divulga \u00e1udios do VAR em lances do cl\u00e1ssico S\u00e3o Paulo x Palmeiras - Universo Esportivo\",\"isPartOf\":{\"@id\":\"https:\\\/\\\/universoesportivo.net\\\/#website\"},\"primaryImageOfPage\":{\"@id\":\"https:\\\/\\\/universoesportivo.net\\\/index.php\\\/2025\\\/10\\\/09\\\/apos-polemica-cbf-divulga-audios-do-var-em-lances-do-classico-sao-paulo-x-palmeiras\\\/#primaryimage\"},\"image\":{\"@id\":\"https:\\\/\\\/universoesportivo.net\\\/index.php\\\/2025\\\/10\\\/09\\\/apos-polemica-cbf-divulga-audios-do-var-em-lances-do-classico-sao-paulo-x-palmeiras\\\/#primaryimage\"},\"thumbnailUrl\":\"https:\\\/\\\/universoesportivo.net\\\/wp-content\\\/uploads\\\/2025\\\/10\\\/penalabre.jpg\",\"datePublished\":\"2025-10-09T15:50:26+00:00\",\"dateModified\":\"2025-10-09T16:42:08+00:00\",\"breadcrumb\":{\"@id\":\"https:\\\/\\\/universoesportivo.net\\\/index.php\\\/2025\\\/10\\\/09\\\/apos-polemica-cbf-divulga-audios-do-var-em-lances-do-classico-sao-paulo-x-palmeiras\\\/#breadcrumb\"},\"inLanguage\":\"pt-BR\",\"potentialAction\":[{\"@type\":\"ReadAction\",\"target\":[\"https:\\\/\\\/universoesportivo.net\\\/index.php\\\/2025\\\/10\\\/09\\\/apos-polemica-cbf-divulga-audios-do-var-em-lances-do-classico-sao-paulo-x-palmeiras\\\/\"]}]},{\"@type\":\"ImageObject\",\"inLanguage\":\"pt-BR\",\"@id\":\"https:\\\/\\\/universoesportivo.net\\\/index.php\\\/2025\\\/10\\\/09\\\/apos-polemica-cbf-divulga-audios-do-var-em-lances-do-classico-sao-paulo-x-palmeiras\\\/#primaryimage\",\"url\":\"https:\\\/\\\/universoesportivo.net\\\/wp-content\\\/uploads\\\/2025\\\/10\\\/penalabre.jpg\",\"contentUrl\":\"https:\\\/\\\/universoesportivo.net\\\/wp-content\\\/uploads\\\/2025\\\/10\\\/penalabre.jpg\",\"width\":450,\"height\":272},{\"@type\":\"BreadcrumbList\",\"@id\":\"https:\\\/\\\/universoesportivo.net\\\/index.php\\\/2025\\\/10\\\/09\\\/apos-polemica-cbf-divulga-audios-do-var-em-lances-do-classico-sao-paulo-x-palmeiras\\\/#breadcrumb\",\"itemListElement\":[{\"@type\":\"ListItem\",\"position\":1,\"name\":\"In\u00edcio\",\"item\":\"https:\\\/\\\/universoesportivo.net\\\/\"},{\"@type\":\"ListItem\",\"position\":2,\"name\":\"Ap\u00f3s pol\u00eamica, CBF divulga \u00e1udios do VAR em lances do cl\u00e1ssico S\u00e3o Paulo x Palmeiras\"}]},{\"@type\":\"WebSite\",\"@id\":\"https:\\\/\\\/universoesportivo.net\\\/#website\",\"url\":\"https:\\\/\\\/universoesportivo.net\\\/\",\"name\":\"Universo Esportivo\",\"description\":\"O portal de todas as modalidades esportivas!\",\"publisher\":{\"@id\":\"https:\\\/\\\/universoesportivo.net\\\/#organization\"},\"alternateName\":\"Jornalista Tiago Contador Lotto\",\"potentialAction\":[{\"@type\":\"SearchAction\",\"target\":{\"@type\":\"EntryPoint\",\"urlTemplate\":\"https:\\\/\\\/universoesportivo.net\\\/?s={search_term_string}\"},\"query-input\":{\"@type\":\"PropertyValueSpecification\",\"valueRequired\":true,\"valueName\":\"search_term_string\"}}],\"inLanguage\":\"pt-BR\"},{\"@type\":\"Organization\",\"@id\":\"https:\\\/\\\/universoesportivo.net\\\/#organization\",\"name\":\"Universo Esportivo\",\"alternateName\":\"Tiago Lotto\",\"url\":\"https:\\\/\\\/universoesportivo.net\\\/\",\"logo\":{\"@type\":\"ImageObject\",\"inLanguage\":\"pt-BR\",\"@id\":\"https:\\\/\\\/universoesportivo.net\\\/#\\\/schema\\\/logo\\\/image\\\/\",\"url\":\"https:\\\/\\\/universoesportivo.net\\\/wp-content\\\/uploads\\\/2024\\\/05\\\/cropped-cropped-universo-6.png\",\"contentUrl\":\"https:\\\/\\\/universoesportivo.net\\\/wp-content\\\/uploads\\\/2024\\\/05\\\/cropped-cropped-universo-6.png\",\"width\":413,\"height\":295,\"caption\":\"Universo Esportivo\"},\"image\":{\"@id\":\"https:\\\/\\\/universoesportivo.net\\\/#\\\/schema\\\/logo\\\/image\\\/\"},\"sameAs\":[\"https:\\\/\\\/www.facebook.com\\\/universoesportivo.net\"]},{\"@type\":\"Person\",\"@id\":\"https:\\\/\\\/universoesportivo.net\\\/#\\\/schema\\\/person\\\/62bc311bc7def56a6bc83711536e74bd\",\"name\":\"Tiago Lotto\",\"image\":{\"@type\":\"ImageObject\",\"inLanguage\":\"pt-BR\",\"@id\":\"https:\\\/\\\/secure.gravatar.com\\\/avatar\\\/fd6891125b3fb6ba0b794cd20c3398d5bb0fa20d2b9963a95f19470e5a6192f7?s=96&d=mm&r=g\",\"url\":\"https:\\\/\\\/secure.gravatar.com\\\/avatar\\\/fd6891125b3fb6ba0b794cd20c3398d5bb0fa20d2b9963a95f19470e5a6192f7?s=96&d=mm&r=g\",\"contentUrl\":\"https:\\\/\\\/secure.gravatar.com\\\/avatar\\\/fd6891125b3fb6ba0b794cd20c3398d5bb0fa20d2b9963a95f19470e5a6192f7?s=96&d=mm&r=g\",\"caption\":\"Tiago Lotto\"},\"url\":\"https:\\\/\\\/universoesportivo.net\\\/index.php\\\/author\\\/tiago-lotto\\\/\"}]}<\/script>\n<!-- \/ Yoast SEO plugin. -->","yoast_head_json":{"title":"Ap\u00f3s pol\u00eamica, CBF divulga \u00e1udios do VAR em lances do cl\u00e1ssico S\u00e3o Paulo x Palmeiras - Universo Esportivo","robots":{"index":"index","follow":"follow","max-snippet":"max-snippet:-1","max-image-preview":"max-image-preview:large","max-video-preview":"max-video-preview:-1"},"canonical":"https:\/\/universoesportivo.net\/index.php\/2025\/10\/09\/apos-polemica-cbf-divulga-audios-do-var-em-lances-do-classico-sao-paulo-x-palmeiras\/","og_locale":"pt_BR","og_type":"article","og_title":"Ap\u00f3s pol\u00eamica, CBF divulga \u00e1udios do VAR em lances do cl\u00e1ssico S\u00e3o Paulo x Palmeiras - Universo Esportivo","og_description":"O Universo Esportivo fez a transcri\u00e7\u00e3o dos \u00e1udio, entre \u00e1rbitros do VAR e o \u00e1rbitro de campo, Ramon Abatti Abel. O \u00e1rbitro n\u00e3o foi ao VAR checar nenhum dos lances.","og_url":"https:\/\/universoesportivo.net\/index.php\/2025\/10\/09\/apos-polemica-cbf-divulga-audios-do-var-em-lances-do-classico-sao-paulo-x-palmeiras\/","og_site_name":"Universo Esportivo","article_publisher":"https:\/\/www.facebook.com\/universoesportivo.net","article_published_time":"2025-10-09T15:50:26+00:00","article_modified_time":"2025-10-09T16:42:08+00:00","og_image":[{"width":450,"height":272,"url":"https:\/\/universoesportivo.net\/wp-content\/uploads\/2025\/10\/penalabre.jpg","type":"image\/jpeg"}],"author":"Tiago Lotto","twitter_card":"summary_large_image","twitter_misc":{"Escrito por":"Tiago Lotto","Est. tempo de leitura":"4 minutos"},"schema":{"@context":"https:\/\/schema.org","@graph":[{"@type":"Article","@id":"https:\/\/universoesportivo.net\/index.php\/2025\/10\/09\/apos-polemica-cbf-divulga-audios-do-var-em-lances-do-classico-sao-paulo-x-palmeiras\/#article","isPartOf":{"@id":"https:\/\/universoesportivo.net\/index.php\/2025\/10\/09\/apos-polemica-cbf-divulga-audios-do-var-em-lances-do-classico-sao-paulo-x-palmeiras\/"},"author":{"name":"Tiago Lotto","@id":"https:\/\/universoesportivo.net\/#\/schema\/person\/62bc311bc7def56a6bc83711536e74bd"},"headline":"Ap\u00f3s pol\u00eamica, CBF divulga \u00e1udios do VAR em lances do cl\u00e1ssico S\u00e3o Paulo x Palmeiras","datePublished":"2025-10-09T15:50:26+00:00","dateModified":"2025-10-09T16:42:08+00:00","mainEntityOfPage":{"@id":"https:\/\/universoesportivo.net\/index.php\/2025\/10\/09\/apos-polemica-cbf-divulga-audios-do-var-em-lances-do-classico-sao-paulo-x-palmeiras\/"},"wordCount":746,"publisher":{"@id":"https:\/\/universoesportivo.net\/#organization"},"image":{"@id":"https:\/\/universoesportivo.net\/index.php\/2025\/10\/09\/apos-polemica-cbf-divulga-audios-do-var-em-lances-do-classico-sao-paulo-x-palmeiras\/#primaryimage"},"thumbnailUrl":"https:\/\/universoesportivo.net\/wp-content\/uploads\/2025\/10\/penalabre.jpg","articleSection":["ESPORTES","Futebol"],"inLanguage":"pt-BR"},{"@type":"WebPage","@id":"https:\/\/universoesportivo.net\/index.php\/2025\/10\/09\/apos-polemica-cbf-divulga-audios-do-var-em-lances-do-classico-sao-paulo-x-palmeiras\/","url":"https:\/\/universoesportivo.net\/index.php\/2025\/10\/09\/apos-polemica-cbf-divulga-audios-do-var-em-lances-do-classico-sao-paulo-x-palmeiras\/","name":"Ap\u00f3s pol\u00eamica, CBF divulga \u00e1udios do VAR em lances do cl\u00e1ssico S\u00e3o Paulo x Palmeiras - Universo Esportivo","isPartOf":{"@id":"https:\/\/universoesportivo.net\/#website"},"primaryImageOfPage":{"@id":"https:\/\/universoesportivo.net\/index.php\/2025\/10\/09\/apos-polemica-cbf-divulga-audios-do-var-em-lances-do-classico-sao-paulo-x-palmeiras\/#primaryimage"},"image":{"@id":"https:\/\/universoesportivo.net\/index.php\/2025\/10\/09\/apos-polemica-cbf-divulga-audios-do-var-em-lances-do-classico-sao-paulo-x-palmeiras\/#primaryimage"},"thumbnailUrl":"https:\/\/universoesportivo.net\/wp-content\/uploads\/2025\/10\/penalabre.jpg","datePublished":"2025-10-09T15:50:26+00:00","dateModified":"2025-10-09T16:42:08+00:00","breadcrumb":{"@id":"https:\/\/universoesportivo.net\/index.php\/2025\/10\/09\/apos-polemica-cbf-divulga-audios-do-var-em-lances-do-classico-sao-paulo-x-palmeiras\/#breadcrumb"},"inLanguage":"pt-BR","potentialAction":[{"@type":"ReadAction","target":["https:\/\/universoesportivo.net\/index.php\/2025\/10\/09\/apos-polemica-cbf-divulga-audios-do-var-em-lances-do-classico-sao-paulo-x-palmeiras\/"]}]},{"@type":"ImageObject","inLanguage":"pt-BR","@id":"https:\/\/universoesportivo.net\/index.php\/2025\/10\/09\/apos-polemica-cbf-divulga-audios-do-var-em-lances-do-classico-sao-paulo-x-palmeiras\/#primaryimage","url":"https:\/\/universoesportivo.net\/wp-content\/uploads\/2025\/10\/penalabre.jpg","contentUrl":"https:\/\/universoesportivo.net\/wp-content\/uploads\/2025\/10\/penalabre.jpg","width":450,"height":272},{"@type":"BreadcrumbList","@id":"https:\/\/universoesportivo.net\/index.php\/2025\/10\/09\/apos-polemica-cbf-divulga-audios-do-var-em-lances-do-classico-sao-paulo-x-palmeiras\/#breadcrumb","itemListElement":[{"@type":"ListItem","position":1,"name":"In\u00edcio","item":"https:\/\/universoesportivo.net\/"},{"@type":"ListItem","position":2,"name":"Ap\u00f3s pol\u00eamica, CBF divulga \u00e1udios do VAR em lances do cl\u00e1ssico S\u00e3o Paulo x Palmeiras"}]},{"@type":"WebSite","@id":"https:\/\/universoesportivo.net\/#website","url":"https:\/\/universoesportivo.net\/","name":"Universo Esportivo","description":"O portal de todas as modalidades esportivas!","publisher":{"@id":"https:\/\/universoesportivo.net\/#organization"},"alternateName":"Jornalista Tiago Contador Lotto","potentialAction":[{"@type":"SearchAction","target":{"@type":"EntryPoint","urlTemplate":"https:\/\/universoesportivo.net\/?s={search_term_string}"},"query-input":{"@type":"PropertyValueSpecification","valueRequired":true,"valueName":"search_term_string"}}],"inLanguage":"pt-BR"},{"@type":"Organization","@id":"https:\/\/universoesportivo.net\/#organization","name":"Universo Esportivo","alternateName":"Tiago Lotto","url":"https:\/\/universoesportivo.net\/","logo":{"@type":"ImageObject","inLanguage":"pt-BR","@id":"https:\/\/universoesportivo.net\/#\/schema\/logo\/image\/","url":"https:\/\/universoesportivo.net\/wp-content\/uploads\/2024\/05\/cropped-cropped-universo-6.png","contentUrl":"https:\/\/universoesportivo.net\/wp-content\/uploads\/2024\/05\/cropped-cropped-universo-6.png","width":413,"height":295,"caption":"Universo Esportivo"},"image":{"@id":"https:\/\/universoesportivo.net\/#\/schema\/logo\/image\/"},"sameAs":["https:\/\/www.facebook.com\/universoesportivo.net"]},{"@type":"Person","@id":"https:\/\/universoesportivo.net\/#\/schema\/person\/62bc311bc7def56a6bc83711536e74bd","name":"Tiago Lotto","image":{"@type":"ImageObject","inLanguage":"pt-BR","@id":"https:\/\/secure.gravatar.com\/avatar\/fd6891125b3fb6ba0b794cd20c3398d5bb0fa20d2b9963a95f19470e5a6192f7?s=96&d=mm&r=g","url":"https:\/\/secure.gravatar.com\/avatar\/fd6891125b3fb6ba0b794cd20c3398d5bb0fa20d2b9963a95f19470e5a6192f7?s=96&d=mm&r=g","contentUrl":"https:\/\/secure.gravatar.com\/avatar\/fd6891125b3fb6ba0b794cd20c3398d5bb0fa20d2b9963a95f19470e5a6192f7?s=96&d=mm&r=g","caption":"Tiago Lotto"},"url":"https:\/\/universoesportivo.net\/index.php\/author\/tiago-lotto\/"}]}},"jetpack_featured_media_url":"https:\/\/universoesportivo.net\/wp-content\/uploads\/2025\/10\/penalabre.jpg","_links":{"self":[{"href":"https:\/\/universoesportivo.net\/index.php\/wp-json\/wp\/v2\/posts\/2300","targetHints":{"allow":["GET"]}}],"collection":[{"href":"https:\/\/universoesportivo.net\/index.php\/wp-json\/wp\/v2\/posts"}],"about":[{"href":"https:\/\/universoesportivo.net\/index.php\/wp-json\/wp\/v2\/types\/post"}],"author":[{"embeddable":true,"href":"https:\/\/universoesportivo.net\/index.php\/wp-json\/wp\/v2\/users\/2"}],"replies":[{"embeddable":true,"href":"https:\/\/universoesportivo.net\/index.php\/wp-json\/wp\/v2\/comments?post=2300"}],"version-history":[{"count":1,"href":"https:\/\/universoesportivo.net\/index.php\/wp-json\/wp\/v2\/posts\/2300\/revisions"}],"predecessor-version":[{"id":2302,"href":"https:\/\/universoesportivo.net\/index.php\/wp-json\/wp\/v2\/posts\/2300\/revisions\/2302"}],"wp:featuredmedia":[{"embeddable":true,"href":"https:\/\/universoesportivo.net\/index.php\/wp-json\/wp\/v2\/media\/2301"}],"wp:attachment":[{"href":"https:\/\/universoesportivo.net\/index.php\/wp-json\/wp\/v2\/media?parent=2300"}],"wp:term":[{"taxonomy":"category","embeddable":true,"href":"https:\/\/universoesportivo.net\/index.php\/wp-json\/wp\/v2\/categories?post=2300"},{"taxonomy":"post_tag","embeddable":true,"href":"https:\/\/universoesportivo.net\/index.php\/wp-json\/wp\/v2\/tags?post=2300"}],"curies":[{"name":"wp","href":"https:\/\/api.w.org\/{rel}","templated":true}]}}