{"id":2319,"date":"2025-10-23T07:47:50","date_gmt":"2025-10-23T10:47:50","guid":{"rendered":"https:\/\/universoesportivo.net\/?p=2319"},"modified":"2025-10-23T08:48:47","modified_gmt":"2025-10-23T11:48:47","slug":"aniversario-do-rei-pele-completaria-85-anos-nesta-quinta-feira-dia-23-de-outubro-de-2025","status":"publish","type":"post","link":"https:\/\/universoesportivo.net\/index.php\/2025\/10\/23\/aniversario-do-rei-pele-completaria-85-anos-nesta-quinta-feira-dia-23-de-outubro-de-2025\/","title":{"rendered":"ANIVERS\u00c1RIO DO REI: Pel\u00e9 completaria 85 anos nesta quinta-feira, dia 23 de outubro de 2025"},"content":{"rendered":"\n<p class=\"has-medium-font-size\">Maior personagem do futebol mundial, atleta considerado o Rei do Futebol, Edson Arantes do Nascimento, o Pel\u00e9, completaria 85 anos nesta quinta-feira, dia 23 de outubro de 2025.<\/p>\n\n\n\n<p class=\"has-medium-font-size\">Falecido em dezembro de 2022, aos 82 anos, Pel\u00e9 fazia tratamento contra o c\u00e2ncer de c\u00f3lon.<\/p>\n\n\n\n<p class=\"has-medium-font-size\">\u00cddolo do Santos e da Sele\u00e7\u00e3o Brasileira, Pel\u00e9 colecionou t\u00edtulos e marcas importantes como jogador. Ele deixou um legado imenso ao futebol brasileiro ap\u00f3s pendurar as chuteiras. Com Pel\u00e9, o Brasil venceu suas primeiras tr\u00eas Copas do Mundo, em 1958, 1962 e 1970.<\/p>\n\n\n\n<p class=\"has-medium-font-size\">Al\u00e9m de tr\u00eas t\u00edtulos mundiais em quatro Copas disputadas, Pel\u00e9 marcou 77 gols em 92 jogos pela Sele\u00e7\u00e3o Brasileira de Futebol. Em sua carreira, foram 1.283 gols marcados em 1.366 partidas disputadas.<\/p>\n\n\n\n<p class=\"has-medium-font-size\">Da reda\u00e7\u00e3o \u2013 Universo Esportivo<\/p>\n\n\n\n<p class=\"has-medium-font-size\">Fotos: Redes Sociais do Santos<\/p>\n\n\n\n<figure class=\"wp-block-image\"><img fetchpriority=\"high\" decoding=\"async\" width=\"450\" height=\"664\" src=\"https:\/\/universoesportivo.net\/wp-content\/uploads\/2025\/10\/pele22.jpg\" alt=\"\" class=\"wp-image-2320\" srcset=\"https:\/\/universoesportivo.net\/wp-content\/uploads\/2025\/10\/pele22.jpg 450w, https:\/\/universoesportivo.net\/wp-content\/uploads\/2025\/10\/pele22-203x300.jpg 203w, https:\/\/universoesportivo.net\/wp-content\/uploads\/2025\/10\/pele22-8x12.jpg 8w\" sizes=\"(max-width: 450px) 100vw, 450px\" \/><\/figure>\n","protected":false},"excerpt":{"rendered":"<p>Maior personagem do futebol mundial, atleta considerado o Rei do Futebol, Edson Arantes do Nascimento, o Pel\u00e9, completaria 85 anos<\/p>\n","protected":false},"author":2,"featured_media":2321,"comment_status":"closed","ping_status":"closed","sticky":false,"template":"","format":"standard","meta":{"colormag_page_container_layout":"default_layout","colormag_page_sidebar_layout":"default_layout","footnotes":""},"categories":[17,43],"tags":[],"class_list":["post-2319","post","type-post","status-publish","format-standard","has-post-thumbnail","hentry","category-esportes","category-futebol"],"magazineBlocksPostFeaturedMedia":{"thumbnail":"https:\/\/universoesportivo.net\/wp-content\/uploads\/2025\/10\/abrepele-150x150.jpg","medium":"https:\/\/universoesportivo.net\/wp-content\/uploads\/2025\/10\/abrepele-300x279.jpg","medium_large":"https:\/\/universoesportivo.net\/wp-content\/uploads\/2025\/10\/abrepele.jpg","large":"https:\/\/universoesportivo.net\/wp-content\/uploads\/2025\/10\/abrepele.jpg","1536x1536":"https:\/\/universoesportivo.net\/wp-content\/uploads\/2025\/10\/abrepele.jpg","2048x2048":"https:\/\/universoesportivo.net\/wp-content\/uploads\/2025\/10\/abrepele.jpg","trp-custom-language-flag":"https:\/\/universoesportivo.net\/wp-content\/uploads\/2025\/10\/abrepele-13x12.jpg","colormag-highlighted-post":"https:\/\/universoesportivo.net\/wp-content\/uploads\/2025\/10\/abrepele-392x272.jpg","colormag-featured-post-medium":"https:\/\/universoesportivo.net\/wp-content\/uploads\/2025\/10\/abrepele-390x205.jpg","colormag-featured-post-small":"https:\/\/universoesportivo.net\/wp-content\/uploads\/2025\/10\/abrepele-130x90.jpg","colormag-featured-image":"https:\/\/universoesportivo.net\/wp-content\/uploads\/2025\/10\/abrepele.jpg","colormag-default-news":"https:\/\/universoesportivo.net\/wp-content\/uploads\/2025\/10\/abrepele-150x150.jpg","colormag-featured-image-large":"https:\/\/universoesportivo.net\/wp-content\/uploads\/2025\/10\/abrepele.jpg","colormag-elementor-block-extra-large-thumbnail":"https:\/\/universoesportivo.net\/wp-content\/uploads\/2025\/10\/abrepele.jpg","colormag-elementor-grid-large-thumbnail":"https:\/\/universoesportivo.net\/wp-content\/uploads\/2025\/10\/abrepele.jpg","colormag-elementor-grid-small-thumbnail":"https:\/\/universoesportivo.net\/wp-content\/uploads\/2025\/10\/abrepele-285x418.jpg","colormag-elementor-grid-medium-large-thumbnail":"https:\/\/universoesportivo.net\/wp-content\/uploads\/2025\/10\/abrepele-450x198.jpg"},"magazineBlocksPostAuthor":{"name":"Tiago Lotto","avatar":"https:\/\/secure.gravatar.com\/avatar\/fd6891125b3fb6ba0b794cd20c3398d5bb0fa20d2b9963a95f19470e5a6192f7?s=96&d=mm&r=g"},"magazineBlocksPostCommentsNumber":false,"magazineBlocksPostExcerpt":"Maior personagem do futebol mundial, atleta considerado o Rei do Futebol, Edson Arantes do Nascimento, o Pel\u00e9, completaria 85 anos","magazineBlocksPostCategories":["ESPORTES","Futebol"],"magazineBlocksPostViewCount":97,"magazineBlocksPostReadTime":1,"magazine_blocks_featured_image_url":{"full":["https:\/\/universoesportivo.net\/wp-content\/uploads\/2025\/10\/abrepele.jpg",450,418,false],"medium":["https:\/\/universoesportivo.net\/wp-content\/uploads\/2025\/10\/abrepele-300x279.jpg",300,279,true],"thumbnail":["https:\/\/universoesportivo.net\/wp-content\/uploads\/2025\/10\/abrepele-150x150.jpg",150,150,true]},"magazine_blocks_author":{"display_name":"Tiago Lotto","author_link":"https:\/\/universoesportivo.net\/index.php\/author\/tiago-lotto\/"},"magazine_blocks_comment":0,"magazine_blocks_author_image":"https:\/\/secure.gravatar.com\/avatar\/fd6891125b3fb6ba0b794cd20c3398d5bb0fa20d2b9963a95f19470e5a6192f7?s=96&d=mm&r=g","magazine_blocks_category":"<a href=\"#\" class=\"category-link category-link-17\">ESPORTES<\/a> <a href=\"#\" class=\"category-link category-link-43\">Futebol<\/a>","yoast_head":"<!-- This site is optimized with the Yoast SEO plugin v27.4 - https:\/\/yoast.com\/product\/yoast-seo-wordpress\/ -->\n<title>ANIVERS\u00c1RIO DO REI: Pel\u00e9 completaria 85 anos nesta quinta-feira, dia 23 de outubro de 2025 - Universo Esportivo<\/title>\n<meta name=\"robots\" content=\"index, follow, max-snippet:-1, max-image-preview:large, max-video-preview:-1\" \/>\n<link rel=\"canonical\" href=\"https:\/\/universoesportivo.net\/index.php\/2025\/10\/23\/aniversario-do-rei-pele-completaria-85-anos-nesta-quinta-feira-dia-23-de-outubro-de-2025\/\" \/>\n<meta property=\"og:locale\" content=\"pt_BR\" \/>\n<meta property=\"og:type\" content=\"article\" \/>\n<meta property=\"og:title\" content=\"ANIVERS\u00c1RIO DO REI: Pel\u00e9 completaria 85 anos nesta quinta-feira, dia 23 de outubro de 2025 - Universo Esportivo\" \/>\n<meta property=\"og:description\" content=\"Maior personagem do futebol mundial, atleta considerado o Rei do Futebol, Edson Arantes do Nascimento, o Pel\u00e9, completaria 85 anos\" \/>\n<meta property=\"og:url\" content=\"https:\/\/universoesportivo.net\/index.php\/2025\/10\/23\/aniversario-do-rei-pele-completaria-85-anos-nesta-quinta-feira-dia-23-de-outubro-de-2025\/\" \/>\n<meta property=\"og:site_name\" content=\"Universo Esportivo\" \/>\n<meta property=\"article:publisher\" content=\"https:\/\/www.facebook.com\/universoesportivo.net\" \/>\n<meta property=\"article:published_time\" content=\"2025-10-23T10:47:50+00:00\" \/>\n<meta property=\"article:modified_time\" content=\"2025-10-23T11:48:47+00:00\" \/>\n<meta property=\"og:image\" content=\"https:\/\/universoesportivo.net\/wp-content\/uploads\/2025\/10\/abrepele.jpg\" \/>\n\t<meta property=\"og:image:width\" content=\"450\" \/>\n\t<meta property=\"og:image:height\" content=\"418\" \/>\n\t<meta property=\"og:image:type\" content=\"image\/jpeg\" \/>\n<meta name=\"author\" content=\"Tiago Lotto\" \/>\n<meta name=\"twitter:card\" content=\"summary_large_image\" \/>\n<meta name=\"twitter:label1\" content=\"Escrito por\" \/>\n\t<meta name=\"twitter:data1\" content=\"Tiago Lotto\" \/>\n\t<meta name=\"twitter:label2\" content=\"Est. tempo de leitura\" \/>\n\t<meta name=\"twitter:data2\" content=\"2 minutos\" \/>\n<script type=\"application\/ld+json\" class=\"yoast-schema-graph\">{\"@context\":\"https:\\\/\\\/schema.org\",\"@graph\":[{\"@type\":\"Article\",\"@id\":\"https:\\\/\\\/universoesportivo.net\\\/index.php\\\/2025\\\/10\\\/23\\\/aniversario-do-rei-pele-completaria-85-anos-nesta-quinta-feira-dia-23-de-outubro-de-2025\\\/#article\",\"isPartOf\":{\"@id\":\"https:\\\/\\\/universoesportivo.net\\\/index.php\\\/2025\\\/10\\\/23\\\/aniversario-do-rei-pele-completaria-85-anos-nesta-quinta-feira-dia-23-de-outubro-de-2025\\\/\"},\"author\":{\"name\":\"Tiago Lotto\",\"@id\":\"https:\\\/\\\/universoesportivo.net\\\/#\\\/schema\\\/person\\\/62bc311bc7def56a6bc83711536e74bd\"},\"headline\":\"ANIVERS\u00c1RIO DO REI: Pel\u00e9 completaria 85 anos nesta quinta-feira, dia 23 de outubro de 2025\",\"datePublished\":\"2025-10-23T10:47:50+00:00\",\"dateModified\":\"2025-10-23T11:48:47+00:00\",\"mainEntityOfPage\":{\"@id\":\"https:\\\/\\\/universoesportivo.net\\\/index.php\\\/2025\\\/10\\\/23\\\/aniversario-do-rei-pele-completaria-85-anos-nesta-quinta-feira-dia-23-de-outubro-de-2025\\\/\"},\"wordCount\":140,\"publisher\":{\"@id\":\"https:\\\/\\\/universoesportivo.net\\\/#organization\"},\"image\":{\"@id\":\"https:\\\/\\\/universoesportivo.net\\\/index.php\\\/2025\\\/10\\\/23\\\/aniversario-do-rei-pele-completaria-85-anos-nesta-quinta-feira-dia-23-de-outubro-de-2025\\\/#primaryimage\"},\"thumbnailUrl\":\"https:\\\/\\\/universoesportivo.net\\\/wp-content\\\/uploads\\\/2025\\\/10\\\/abrepele.jpg\",\"articleSection\":[\"ESPORTES\",\"Futebol\"],\"inLanguage\":\"pt-BR\"},{\"@type\":\"WebPage\",\"@id\":\"https:\\\/\\\/universoesportivo.net\\\/index.php\\\/2025\\\/10\\\/23\\\/aniversario-do-rei-pele-completaria-85-anos-nesta-quinta-feira-dia-23-de-outubro-de-2025\\\/\",\"url\":\"https:\\\/\\\/universoesportivo.net\\\/index.php\\\/2025\\\/10\\\/23\\\/aniversario-do-rei-pele-completaria-85-anos-nesta-quinta-feira-dia-23-de-outubro-de-2025\\\/\",\"name\":\"ANIVERS\u00c1RIO DO REI: Pel\u00e9 completaria 85 anos nesta quinta-feira, dia 23 de outubro de 2025 - Universo Esportivo\",\"isPartOf\":{\"@id\":\"https:\\\/\\\/universoesportivo.net\\\/#website\"},\"primaryImageOfPage\":{\"@id\":\"https:\\\/\\\/universoesportivo.net\\\/index.php\\\/2025\\\/10\\\/23\\\/aniversario-do-rei-pele-completaria-85-anos-nesta-quinta-feira-dia-23-de-outubro-de-2025\\\/#primaryimage\"},\"image\":{\"@id\":\"https:\\\/\\\/universoesportivo.net\\\/index.php\\\/2025\\\/10\\\/23\\\/aniversario-do-rei-pele-completaria-85-anos-nesta-quinta-feira-dia-23-de-outubro-de-2025\\\/#primaryimage\"},\"thumbnailUrl\":\"https:\\\/\\\/universoesportivo.net\\\/wp-content\\\/uploads\\\/2025\\\/10\\\/abrepele.jpg\",\"datePublished\":\"2025-10-23T10:47:50+00:00\",\"dateModified\":\"2025-10-23T11:48:47+00:00\",\"breadcrumb\":{\"@id\":\"https:\\\/\\\/universoesportivo.net\\\/index.php\\\/2025\\\/10\\\/23\\\/aniversario-do-rei-pele-completaria-85-anos-nesta-quinta-feira-dia-23-de-outubro-de-2025\\\/#breadcrumb\"},\"inLanguage\":\"pt-BR\",\"potentialAction\":[{\"@type\":\"ReadAction\",\"target\":[\"https:\\\/\\\/universoesportivo.net\\\/index.php\\\/2025\\\/10\\\/23\\\/aniversario-do-rei-pele-completaria-85-anos-nesta-quinta-feira-dia-23-de-outubro-de-2025\\\/\"]}]},{\"@type\":\"ImageObject\",\"inLanguage\":\"pt-BR\",\"@id\":\"https:\\\/\\\/universoesportivo.net\\\/index.php\\\/2025\\\/10\\\/23\\\/aniversario-do-rei-pele-completaria-85-anos-nesta-quinta-feira-dia-23-de-outubro-de-2025\\\/#primaryimage\",\"url\":\"https:\\\/\\\/universoesportivo.net\\\/wp-content\\\/uploads\\\/2025\\\/10\\\/abrepele.jpg\",\"contentUrl\":\"https:\\\/\\\/universoesportivo.net\\\/wp-content\\\/uploads\\\/2025\\\/10\\\/abrepele.jpg\",\"width\":450,\"height\":418},{\"@type\":\"BreadcrumbList\",\"@id\":\"https:\\\/\\\/universoesportivo.net\\\/index.php\\\/2025\\\/10\\\/23\\\/aniversario-do-rei-pele-completaria-85-anos-nesta-quinta-feira-dia-23-de-outubro-de-2025\\\/#breadcrumb\",\"itemListElement\":[{\"@type\":\"ListItem\",\"position\":1,\"name\":\"In\u00edcio\",\"item\":\"https:\\\/\\\/universoesportivo.net\\\/\"},{\"@type\":\"ListItem\",\"position\":2,\"name\":\"ANIVERS\u00c1RIO DO REI: Pel\u00e9 completaria 85 anos nesta quinta-feira, dia 23 de outubro de 2025\"}]},{\"@type\":\"WebSite\",\"@id\":\"https:\\\/\\\/universoesportivo.net\\\/#website\",\"url\":\"https:\\\/\\\/universoesportivo.net\\\/\",\"name\":\"Universo Esportivo\",\"description\":\"O portal de todas as modalidades esportivas!\",\"publisher\":{\"@id\":\"https:\\\/\\\/universoesportivo.net\\\/#organization\"},\"alternateName\":\"Jornalista Tiago Contador Lotto\",\"potentialAction\":[{\"@type\":\"SearchAction\",\"target\":{\"@type\":\"EntryPoint\",\"urlTemplate\":\"https:\\\/\\\/universoesportivo.net\\\/?s={search_term_string}\"},\"query-input\":{\"@type\":\"PropertyValueSpecification\",\"valueRequired\":true,\"valueName\":\"search_term_string\"}}],\"inLanguage\":\"pt-BR\"},{\"@type\":\"Organization\",\"@id\":\"https:\\\/\\\/universoesportivo.net\\\/#organization\",\"name\":\"Universo Esportivo\",\"alternateName\":\"Tiago Lotto\",\"url\":\"https:\\\/\\\/universoesportivo.net\\\/\",\"logo\":{\"@type\":\"ImageObject\",\"inLanguage\":\"pt-BR\",\"@id\":\"https:\\\/\\\/universoesportivo.net\\\/#\\\/schema\\\/logo\\\/image\\\/\",\"url\":\"https:\\\/\\\/universoesportivo.net\\\/wp-content\\\/uploads\\\/2024\\\/05\\\/cropped-cropped-universo-6.png\",\"contentUrl\":\"https:\\\/\\\/universoesportivo.net\\\/wp-content\\\/uploads\\\/2024\\\/05\\\/cropped-cropped-universo-6.png\",\"width\":413,\"height\":295,\"caption\":\"Universo Esportivo\"},\"image\":{\"@id\":\"https:\\\/\\\/universoesportivo.net\\\/#\\\/schema\\\/logo\\\/image\\\/\"},\"sameAs\":[\"https:\\\/\\\/www.facebook.com\\\/universoesportivo.net\"]},{\"@type\":\"Person\",\"@id\":\"https:\\\/\\\/universoesportivo.net\\\/#\\\/schema\\\/person\\\/62bc311bc7def56a6bc83711536e74bd\",\"name\":\"Tiago Lotto\",\"image\":{\"@type\":\"ImageObject\",\"inLanguage\":\"pt-BR\",\"@id\":\"https:\\\/\\\/secure.gravatar.com\\\/avatar\\\/fd6891125b3fb6ba0b794cd20c3398d5bb0fa20d2b9963a95f19470e5a6192f7?s=96&d=mm&r=g\",\"url\":\"https:\\\/\\\/secure.gravatar.com\\\/avatar\\\/fd6891125b3fb6ba0b794cd20c3398d5bb0fa20d2b9963a95f19470e5a6192f7?s=96&d=mm&r=g\",\"contentUrl\":\"https:\\\/\\\/secure.gravatar.com\\\/avatar\\\/fd6891125b3fb6ba0b794cd20c3398d5bb0fa20d2b9963a95f19470e5a6192f7?s=96&d=mm&r=g\",\"caption\":\"Tiago Lotto\"},\"url\":\"https:\\\/\\\/universoesportivo.net\\\/index.php\\\/author\\\/tiago-lotto\\\/\"}]}<\/script>\n<!-- \/ Yoast SEO plugin. -->","yoast_head_json":{"title":"ANIVERS\u00c1RIO DO REI: Pel\u00e9 completaria 85 anos nesta quinta-feira, dia 23 de outubro de 2025 - Universo Esportivo","robots":{"index":"index","follow":"follow","max-snippet":"max-snippet:-1","max-image-preview":"max-image-preview:large","max-video-preview":"max-video-preview:-1"},"canonical":"https:\/\/universoesportivo.net\/index.php\/2025\/10\/23\/aniversario-do-rei-pele-completaria-85-anos-nesta-quinta-feira-dia-23-de-outubro-de-2025\/","og_locale":"pt_BR","og_type":"article","og_title":"ANIVERS\u00c1RIO DO REI: Pel\u00e9 completaria 85 anos nesta quinta-feira, dia 23 de outubro de 2025 - Universo Esportivo","og_description":"Maior personagem do futebol mundial, atleta considerado o Rei do Futebol, Edson Arantes do Nascimento, o Pel\u00e9, completaria 85 anos","og_url":"https:\/\/universoesportivo.net\/index.php\/2025\/10\/23\/aniversario-do-rei-pele-completaria-85-anos-nesta-quinta-feira-dia-23-de-outubro-de-2025\/","og_site_name":"Universo Esportivo","article_publisher":"https:\/\/www.facebook.com\/universoesportivo.net","article_published_time":"2025-10-23T10:47:50+00:00","article_modified_time":"2025-10-23T11:48:47+00:00","og_image":[{"width":450,"height":418,"url":"https:\/\/universoesportivo.net\/wp-content\/uploads\/2025\/10\/abrepele.jpg","type":"image\/jpeg"}],"author":"Tiago Lotto","twitter_card":"summary_large_image","twitter_misc":{"Escrito por":"Tiago Lotto","Est. tempo de leitura":"2 minutos"},"schema":{"@context":"https:\/\/schema.org","@graph":[{"@type":"Article","@id":"https:\/\/universoesportivo.net\/index.php\/2025\/10\/23\/aniversario-do-rei-pele-completaria-85-anos-nesta-quinta-feira-dia-23-de-outubro-de-2025\/#article","isPartOf":{"@id":"https:\/\/universoesportivo.net\/index.php\/2025\/10\/23\/aniversario-do-rei-pele-completaria-85-anos-nesta-quinta-feira-dia-23-de-outubro-de-2025\/"},"author":{"name":"Tiago Lotto","@id":"https:\/\/universoesportivo.net\/#\/schema\/person\/62bc311bc7def56a6bc83711536e74bd"},"headline":"ANIVERS\u00c1RIO DO REI: Pel\u00e9 completaria 85 anos nesta quinta-feira, dia 23 de outubro de 2025","datePublished":"2025-10-23T10:47:50+00:00","dateModified":"2025-10-23T11:48:47+00:00","mainEntityOfPage":{"@id":"https:\/\/universoesportivo.net\/index.php\/2025\/10\/23\/aniversario-do-rei-pele-completaria-85-anos-nesta-quinta-feira-dia-23-de-outubro-de-2025\/"},"wordCount":140,"publisher":{"@id":"https:\/\/universoesportivo.net\/#organization"},"image":{"@id":"https:\/\/universoesportivo.net\/index.php\/2025\/10\/23\/aniversario-do-rei-pele-completaria-85-anos-nesta-quinta-feira-dia-23-de-outubro-de-2025\/#primaryimage"},"thumbnailUrl":"https:\/\/universoesportivo.net\/wp-content\/uploads\/2025\/10\/abrepele.jpg","articleSection":["ESPORTES","Futebol"],"inLanguage":"pt-BR"},{"@type":"WebPage","@id":"https:\/\/universoesportivo.net\/index.php\/2025\/10\/23\/aniversario-do-rei-pele-completaria-85-anos-nesta-quinta-feira-dia-23-de-outubro-de-2025\/","url":"https:\/\/universoesportivo.net\/index.php\/2025\/10\/23\/aniversario-do-rei-pele-completaria-85-anos-nesta-quinta-feira-dia-23-de-outubro-de-2025\/","name":"ANIVERS\u00c1RIO DO REI: Pel\u00e9 completaria 85 anos nesta quinta-feira, dia 23 de outubro de 2025 - Universo Esportivo","isPartOf":{"@id":"https:\/\/universoesportivo.net\/#website"},"primaryImageOfPage":{"@id":"https:\/\/universoesportivo.net\/index.php\/2025\/10\/23\/aniversario-do-rei-pele-completaria-85-anos-nesta-quinta-feira-dia-23-de-outubro-de-2025\/#primaryimage"},"image":{"@id":"https:\/\/universoesportivo.net\/index.php\/2025\/10\/23\/aniversario-do-rei-pele-completaria-85-anos-nesta-quinta-feira-dia-23-de-outubro-de-2025\/#primaryimage"},"thumbnailUrl":"https:\/\/universoesportivo.net\/wp-content\/uploads\/2025\/10\/abrepele.jpg","datePublished":"2025-10-23T10:47:50+00:00","dateModified":"2025-10-23T11:48:47+00:00","breadcrumb":{"@id":"https:\/\/universoesportivo.net\/index.php\/2025\/10\/23\/aniversario-do-rei-pele-completaria-85-anos-nesta-quinta-feira-dia-23-de-outubro-de-2025\/#breadcrumb"},"inLanguage":"pt-BR","potentialAction":[{"@type":"ReadAction","target":["https:\/\/universoesportivo.net\/index.php\/2025\/10\/23\/aniversario-do-rei-pele-completaria-85-anos-nesta-quinta-feira-dia-23-de-outubro-de-2025\/"]}]},{"@type":"ImageObject","inLanguage":"pt-BR","@id":"https:\/\/universoesportivo.net\/index.php\/2025\/10\/23\/aniversario-do-rei-pele-completaria-85-anos-nesta-quinta-feira-dia-23-de-outubro-de-2025\/#primaryimage","url":"https:\/\/universoesportivo.net\/wp-content\/uploads\/2025\/10\/abrepele.jpg","contentUrl":"https:\/\/universoesportivo.net\/wp-content\/uploads\/2025\/10\/abrepele.jpg","width":450,"height":418},{"@type":"BreadcrumbList","@id":"https:\/\/universoesportivo.net\/index.php\/2025\/10\/23\/aniversario-do-rei-pele-completaria-85-anos-nesta-quinta-feira-dia-23-de-outubro-de-2025\/#breadcrumb","itemListElement":[{"@type":"ListItem","position":1,"name":"In\u00edcio","item":"https:\/\/universoesportivo.net\/"},{"@type":"ListItem","position":2,"name":"ANIVERS\u00c1RIO DO REI: Pel\u00e9 completaria 85 anos nesta quinta-feira, dia 23 de outubro de 2025"}]},{"@type":"WebSite","@id":"https:\/\/universoesportivo.net\/#website","url":"https:\/\/universoesportivo.net\/","name":"Universo Esportivo","description":"O portal de todas as modalidades esportivas!","publisher":{"@id":"https:\/\/universoesportivo.net\/#organization"},"alternateName":"Jornalista Tiago Contador Lotto","potentialAction":[{"@type":"SearchAction","target":{"@type":"EntryPoint","urlTemplate":"https:\/\/universoesportivo.net\/?s={search_term_string}"},"query-input":{"@type":"PropertyValueSpecification","valueRequired":true,"valueName":"search_term_string"}}],"inLanguage":"pt-BR"},{"@type":"Organization","@id":"https:\/\/universoesportivo.net\/#organization","name":"Universo Esportivo","alternateName":"Tiago Lotto","url":"https:\/\/universoesportivo.net\/","logo":{"@type":"ImageObject","inLanguage":"pt-BR","@id":"https:\/\/universoesportivo.net\/#\/schema\/logo\/image\/","url":"https:\/\/universoesportivo.net\/wp-content\/uploads\/2024\/05\/cropped-cropped-universo-6.png","contentUrl":"https:\/\/universoesportivo.net\/wp-content\/uploads\/2024\/05\/cropped-cropped-universo-6.png","width":413,"height":295,"caption":"Universo Esportivo"},"image":{"@id":"https:\/\/universoesportivo.net\/#\/schema\/logo\/image\/"},"sameAs":["https:\/\/www.facebook.com\/universoesportivo.net"]},{"@type":"Person","@id":"https:\/\/universoesportivo.net\/#\/schema\/person\/62bc311bc7def56a6bc83711536e74bd","name":"Tiago Lotto","image":{"@type":"ImageObject","inLanguage":"pt-BR","@id":"https:\/\/secure.gravatar.com\/avatar\/fd6891125b3fb6ba0b794cd20c3398d5bb0fa20d2b9963a95f19470e5a6192f7?s=96&d=mm&r=g","url":"https:\/\/secure.gravatar.com\/avatar\/fd6891125b3fb6ba0b794cd20c3398d5bb0fa20d2b9963a95f19470e5a6192f7?s=96&d=mm&r=g","contentUrl":"https:\/\/secure.gravatar.com\/avatar\/fd6891125b3fb6ba0b794cd20c3398d5bb0fa20d2b9963a95f19470e5a6192f7?s=96&d=mm&r=g","caption":"Tiago Lotto"},"url":"https:\/\/universoesportivo.net\/index.php\/author\/tiago-lotto\/"}]}},"jetpack_featured_media_url":"https:\/\/universoesportivo.net\/wp-content\/uploads\/2025\/10\/abrepele.jpg","_links":{"self":[{"href":"https:\/\/universoesportivo.net\/index.php\/wp-json\/wp\/v2\/posts\/2319","targetHints":{"allow":["GET"]}}],"collection":[{"href":"https:\/\/universoesportivo.net\/index.php\/wp-json\/wp\/v2\/posts"}],"about":[{"href":"https:\/\/universoesportivo.net\/index.php\/wp-json\/wp\/v2\/types\/post"}],"author":[{"embeddable":true,"href":"https:\/\/universoesportivo.net\/index.php\/wp-json\/wp\/v2\/users\/2"}],"replies":[{"embeddable":true,"href":"https:\/\/universoesportivo.net\/index.php\/wp-json\/wp\/v2\/comments?post=2319"}],"version-history":[{"count":1,"href":"https:\/\/universoesportivo.net\/index.php\/wp-json\/wp\/v2\/posts\/2319\/revisions"}],"predecessor-version":[{"id":2322,"href":"https:\/\/universoesportivo.net\/index.php\/wp-json\/wp\/v2\/posts\/2319\/revisions\/2322"}],"wp:featuredmedia":[{"embeddable":true,"href":"https:\/\/universoesportivo.net\/index.php\/wp-json\/wp\/v2\/media\/2321"}],"wp:attachment":[{"href":"https:\/\/universoesportivo.net\/index.php\/wp-json\/wp\/v2\/media?parent=2319"}],"wp:term":[{"taxonomy":"category","embeddable":true,"href":"https:\/\/universoesportivo.net\/index.php\/wp-json\/wp\/v2\/categories?post=2319"},{"taxonomy":"post_tag","embeddable":true,"href":"https:\/\/universoesportivo.net\/index.php\/wp-json\/wp\/v2\/tags?post=2319"}],"curies":[{"name":"wp","href":"https:\/\/api.w.org\/{rel}","templated":true}]}}