{"id":2328,"date":"2025-11-03T11:59:34","date_gmt":"2025-11-03T14:59:34","guid":{"rendered":"https:\/\/universoesportivo.net\/?p=2328"},"modified":"2025-11-03T11:59:34","modified_gmt":"2025-11-03T14:59:34","slug":"murilo-batista-de-catanduva-fica-em-quarto-lugar-em-competicao-oficial-da-federacao-paulista-de-judo","status":"publish","type":"post","link":"https:\/\/universoesportivo.net\/index.php\/2025\/11\/03\/murilo-batista-de-catanduva-fica-em-quarto-lugar-em-competicao-oficial-da-federacao-paulista-de-judo\/","title":{"rendered":"Murilo Batista, de Catanduva, fica em quarto lugar em competi\u00e7\u00e3o oficial da Federa\u00e7\u00e3o Paulista de Jud\u00f4"},"content":{"rendered":"\n<p class=\"has-medium-font-size\">O judoca Murilo Batista, de Catanduva, disputou no \u00faltimo dia 1\u00ba de novembro, em S\u00e3o Bernardo do Campo, competi\u00e7\u00e3o oficial da Federa\u00e7\u00e3o Paulista de Jud\u00f4.<\/p>\n\n\n\n<p class=\"has-medium-font-size\">O evento esportivo valia vaga para disputar o Meeting Interestadual de Jud\u00f4 de Santa Catarina, que ser\u00e1 realizado dias 14, 15 e 16 de novembro.<\/p>\n\n\n\n<p class=\"has-medium-font-size\">Murilo competiu na categoria +90\/faixa marron, ficando em quarto lugar. A competi\u00e7\u00e3o reuniu mais de 1.000 atletas. Apesar da \u00f3tima coloca\u00e7\u00e3o, o judoca catanduvense n\u00e3o conseguiu vaga no Metting de Santa Catarina. Garantiram vaga atletas que ficaram at\u00e9 o terceiro lugar.<\/p>\n\n\n\n<p class=\"has-medium-font-size\">A competi\u00e7\u00e3o \u00e9 de alt\u00edssimo n\u00edvel, j\u00e1 que o \u201cmeeting\u201d \u00e9 um importante vento da modalidade, que ajuda a somar pontos para o ranking nacionais e pode ser um crit\u00e9rio de convoca\u00e7\u00e3o para a sele\u00e7\u00e3o brasileira.<\/p>\n\n\n\n<p class=\"has-medium-font-size\">Com 15 anos de idade, Murilo \u00e9 da equipe da ACES \u2013 Associa\u00e7\u00e3o Catanduvense de Esportes, que recebeu apoio da SMEL \u2013 Secretaria Municipal de Esportes e Lazer. O jovem \u00e9 bolsista da SMEL e leva o nome de Catanduva em todas as competi\u00e7\u00f5es que disputa.<\/p>\n\n\n\n<p class=\"has-medium-font-size\">\u201cAgrade\u00e7o o total apoio da ACES e o incentivo da SMEL. A competi\u00e7\u00e3o em S\u00e3o Bernardo reuniu os melhores atletas do jud\u00f4, todos em busca de uma vaga no Meeting de Santa Catarina\u201d, comentou Murilo.<\/p>\n\n\n\n<p class=\"has-medium-font-size\">SELETIVA NACIONAL &#8211; Murilo segue treinando para disputar a Seletiva Nacional, que ser\u00e1 realizada de 1\u00ba a 3 de dezembro, em S\u00e3o Paulo, no Clube Paineiras do Morumby.<\/p>\n\n\n\n<p class=\"has-medium-font-size\">Segundo o judoca catanduvense, a competi\u00e7\u00e3o vale vaga para o Metting Nacional e Sele\u00e7\u00e3o Brasileira de Jud\u00f4.<\/p>\n\n\n\n<p class=\"has-medium-font-size\">Da reda\u00e7\u00e3o \u2013 Universo Esportivo<\/p>\n\n\n\n<p class=\"has-medium-font-size\">Foto: Divulga\u00e7\u00e3o<\/p>\n","protected":false},"excerpt":{"rendered":"<p>Murilo competiu na categoria +90\/faixa marron, ficando em quarto lugar. A competi\u00e7\u00e3o reuniu mais de 1.000 atletas. Apesar da \u00f3tima coloca\u00e7\u00e3o, o judoca catanduvense n\u00e3o conseguiu vaga no Metting de Santa Catarina. <\/p>\n","protected":false},"author":2,"featured_media":2329,"comment_status":"closed","ping_status":"closed","sticky":false,"template":"","format":"standard","meta":{"colormag_page_container_layout":"default_layout","colormag_page_sidebar_layout":"default_layout","footnotes":""},"categories":[52,17],"tags":[],"class_list":["post-2328","post","type-post","status-publish","format-standard","has-post-thumbnail","hentry","category-artes-marciais","category-esportes"],"magazineBlocksPostFeaturedMedia":{"thumbnail":"https:\/\/universoesportivo.net\/wp-content\/uploads\/2025\/11\/muriloabre-150x150.jpg","medium":"https:\/\/universoesportivo.net\/wp-content\/uploads\/2025\/11\/muriloabre-300x201.jpg","medium_large":"https:\/\/universoesportivo.net\/wp-content\/uploads\/2025\/11\/muriloabre.jpg","large":"https:\/\/universoesportivo.net\/wp-content\/uploads\/2025\/11\/muriloabre.jpg","1536x1536":"https:\/\/universoesportivo.net\/wp-content\/uploads\/2025\/11\/muriloabre.jpg","2048x2048":"https:\/\/universoesportivo.net\/wp-content\/uploads\/2025\/11\/muriloabre.jpg","trp-custom-language-flag":"https:\/\/universoesportivo.net\/wp-content\/uploads\/2025\/11\/muriloabre-18x12.jpg","colormag-highlighted-post":"https:\/\/universoesportivo.net\/wp-content\/uploads\/2025\/11\/muriloabre-392x272.jpg","colormag-featured-post-medium":"https:\/\/universoesportivo.net\/wp-content\/uploads\/2025\/11\/muriloabre-390x205.jpg","colormag-featured-post-small":"https:\/\/universoesportivo.net\/wp-content\/uploads\/2025\/11\/muriloabre-130x90.jpg","colormag-featured-image":"https:\/\/universoesportivo.net\/wp-content\/uploads\/2025\/11\/muriloabre.jpg","colormag-default-news":"https:\/\/universoesportivo.net\/wp-content\/uploads\/2025\/11\/muriloabre-150x150.jpg","colormag-featured-image-large":"https:\/\/universoesportivo.net\/wp-content\/uploads\/2025\/11\/muriloabre.jpg","colormag-elementor-block-extra-large-thumbnail":"https:\/\/universoesportivo.net\/wp-content\/uploads\/2025\/11\/muriloabre.jpg","colormag-elementor-grid-large-thumbnail":"https:\/\/universoesportivo.net\/wp-content\/uploads\/2025\/11\/muriloabre.jpg","colormag-elementor-grid-small-thumbnail":"https:\/\/universoesportivo.net\/wp-content\/uploads\/2025\/11\/muriloabre-285x301.jpg","colormag-elementor-grid-medium-large-thumbnail":"https:\/\/universoesportivo.net\/wp-content\/uploads\/2025\/11\/muriloabre-450x198.jpg"},"magazineBlocksPostAuthor":{"name":"Tiago Lotto","avatar":"https:\/\/secure.gravatar.com\/avatar\/fd6891125b3fb6ba0b794cd20c3398d5bb0fa20d2b9963a95f19470e5a6192f7?s=96&d=mm&r=g"},"magazineBlocksPostCommentsNumber":false,"magazineBlocksPostExcerpt":"Murilo competiu na categoria +90\/faixa marron, ficando em quarto lugar. A competi\u00e7\u00e3o reuniu mais de 1.000 atletas. Apesar da \u00f3tima coloca\u00e7\u00e3o, o judoca catanduvense n\u00e3o conseguiu vaga no Metting de Santa Catarina. ","magazineBlocksPostCategories":["Artes Marciais","ESPORTES"],"magazineBlocksPostViewCount":51,"magazineBlocksPostReadTime":2,"magazine_blocks_featured_image_url":{"full":["https:\/\/universoesportivo.net\/wp-content\/uploads\/2025\/11\/muriloabre.jpg",450,301,false],"medium":["https:\/\/universoesportivo.net\/wp-content\/uploads\/2025\/11\/muriloabre-300x201.jpg",300,201,true],"thumbnail":["https:\/\/universoesportivo.net\/wp-content\/uploads\/2025\/11\/muriloabre-150x150.jpg",150,150,true]},"magazine_blocks_author":{"display_name":"Tiago Lotto","author_link":"https:\/\/universoesportivo.net\/index.php\/author\/tiago-lotto\/"},"magazine_blocks_comment":0,"magazine_blocks_author_image":"https:\/\/secure.gravatar.com\/avatar\/fd6891125b3fb6ba0b794cd20c3398d5bb0fa20d2b9963a95f19470e5a6192f7?s=96&d=mm&r=g","magazine_blocks_category":"<a href=\"#\" class=\"category-link category-link-52\">Artes Marciais<\/a> <a href=\"#\" class=\"category-link category-link-17\">ESPORTES<\/a>","yoast_head":"<!-- This site is optimized with the Yoast SEO plugin v27.4 - https:\/\/yoast.com\/product\/yoast-seo-wordpress\/ -->\n<title>Murilo Batista, de Catanduva, fica em quarto lugar em competi\u00e7\u00e3o oficial da Federa\u00e7\u00e3o Paulista de Jud\u00f4 - Universo Esportivo<\/title>\n<meta name=\"robots\" content=\"index, follow, max-snippet:-1, max-image-preview:large, max-video-preview:-1\" \/>\n<link rel=\"canonical\" href=\"https:\/\/universoesportivo.net\/index.php\/2025\/11\/03\/murilo-batista-de-catanduva-fica-em-quarto-lugar-em-competicao-oficial-da-federacao-paulista-de-judo\/\" \/>\n<meta property=\"og:locale\" content=\"pt_BR\" \/>\n<meta property=\"og:type\" content=\"article\" \/>\n<meta property=\"og:title\" content=\"Murilo Batista, de Catanduva, fica em quarto lugar em competi\u00e7\u00e3o oficial da Federa\u00e7\u00e3o Paulista de Jud\u00f4 - Universo Esportivo\" \/>\n<meta property=\"og:description\" content=\"Murilo competiu na categoria +90\/faixa marron, ficando em quarto lugar. A competi\u00e7\u00e3o reuniu mais de 1.000 atletas. Apesar da \u00f3tima coloca\u00e7\u00e3o, o judoca catanduvense n\u00e3o conseguiu vaga no Metting de Santa Catarina.\" \/>\n<meta property=\"og:url\" content=\"https:\/\/universoesportivo.net\/index.php\/2025\/11\/03\/murilo-batista-de-catanduva-fica-em-quarto-lugar-em-competicao-oficial-da-federacao-paulista-de-judo\/\" \/>\n<meta property=\"og:site_name\" content=\"Universo Esportivo\" \/>\n<meta property=\"article:publisher\" content=\"https:\/\/www.facebook.com\/universoesportivo.net\" \/>\n<meta property=\"article:published_time\" content=\"2025-11-03T14:59:34+00:00\" \/>\n<meta property=\"og:image\" content=\"https:\/\/universoesportivo.net\/wp-content\/uploads\/2025\/11\/muriloabre.jpg\" \/>\n\t<meta property=\"og:image:width\" content=\"450\" \/>\n\t<meta property=\"og:image:height\" content=\"301\" \/>\n\t<meta property=\"og:image:type\" content=\"image\/jpeg\" \/>\n<meta name=\"author\" content=\"Tiago Lotto\" \/>\n<meta name=\"twitter:card\" content=\"summary_large_image\" \/>\n<meta name=\"twitter:label1\" content=\"Escrito por\" \/>\n\t<meta name=\"twitter:data1\" content=\"Tiago Lotto\" \/>\n\t<meta name=\"twitter:label2\" content=\"Est. tempo de leitura\" \/>\n\t<meta name=\"twitter:data2\" content=\"2 minutos\" \/>\n<script type=\"application\/ld+json\" class=\"yoast-schema-graph\">{\"@context\":\"https:\\\/\\\/schema.org\",\"@graph\":[{\"@type\":\"Article\",\"@id\":\"https:\\\/\\\/universoesportivo.net\\\/index.php\\\/2025\\\/11\\\/03\\\/murilo-batista-de-catanduva-fica-em-quarto-lugar-em-competicao-oficial-da-federacao-paulista-de-judo\\\/#article\",\"isPartOf\":{\"@id\":\"https:\\\/\\\/universoesportivo.net\\\/index.php\\\/2025\\\/11\\\/03\\\/murilo-batista-de-catanduva-fica-em-quarto-lugar-em-competicao-oficial-da-federacao-paulista-de-judo\\\/\"},\"author\":{\"name\":\"Tiago Lotto\",\"@id\":\"https:\\\/\\\/universoesportivo.net\\\/#\\\/schema\\\/person\\\/62bc311bc7def56a6bc83711536e74bd\"},\"headline\":\"Murilo Batista, de Catanduva, fica em quarto lugar em competi\u00e7\u00e3o oficial da Federa\u00e7\u00e3o Paulista de Jud\u00f4\",\"datePublished\":\"2025-11-03T14:59:34+00:00\",\"mainEntityOfPage\":{\"@id\":\"https:\\\/\\\/universoesportivo.net\\\/index.php\\\/2025\\\/11\\\/03\\\/murilo-batista-de-catanduva-fica-em-quarto-lugar-em-competicao-oficial-da-federacao-paulista-de-judo\\\/\"},\"wordCount\":285,\"publisher\":{\"@id\":\"https:\\\/\\\/universoesportivo.net\\\/#organization\"},\"image\":{\"@id\":\"https:\\\/\\\/universoesportivo.net\\\/index.php\\\/2025\\\/11\\\/03\\\/murilo-batista-de-catanduva-fica-em-quarto-lugar-em-competicao-oficial-da-federacao-paulista-de-judo\\\/#primaryimage\"},\"thumbnailUrl\":\"https:\\\/\\\/universoesportivo.net\\\/wp-content\\\/uploads\\\/2025\\\/11\\\/muriloabre.jpg\",\"articleSection\":[\"Artes Marciais\",\"ESPORTES\"],\"inLanguage\":\"pt-BR\"},{\"@type\":\"WebPage\",\"@id\":\"https:\\\/\\\/universoesportivo.net\\\/index.php\\\/2025\\\/11\\\/03\\\/murilo-batista-de-catanduva-fica-em-quarto-lugar-em-competicao-oficial-da-federacao-paulista-de-judo\\\/\",\"url\":\"https:\\\/\\\/universoesportivo.net\\\/index.php\\\/2025\\\/11\\\/03\\\/murilo-batista-de-catanduva-fica-em-quarto-lugar-em-competicao-oficial-da-federacao-paulista-de-judo\\\/\",\"name\":\"Murilo Batista, de Catanduva, fica em quarto lugar em competi\u00e7\u00e3o oficial da Federa\u00e7\u00e3o Paulista de Jud\u00f4 - Universo Esportivo\",\"isPartOf\":{\"@id\":\"https:\\\/\\\/universoesportivo.net\\\/#website\"},\"primaryImageOfPage\":{\"@id\":\"https:\\\/\\\/universoesportivo.net\\\/index.php\\\/2025\\\/11\\\/03\\\/murilo-batista-de-catanduva-fica-em-quarto-lugar-em-competicao-oficial-da-federacao-paulista-de-judo\\\/#primaryimage\"},\"image\":{\"@id\":\"https:\\\/\\\/universoesportivo.net\\\/index.php\\\/2025\\\/11\\\/03\\\/murilo-batista-de-catanduva-fica-em-quarto-lugar-em-competicao-oficial-da-federacao-paulista-de-judo\\\/#primaryimage\"},\"thumbnailUrl\":\"https:\\\/\\\/universoesportivo.net\\\/wp-content\\\/uploads\\\/2025\\\/11\\\/muriloabre.jpg\",\"datePublished\":\"2025-11-03T14:59:34+00:00\",\"breadcrumb\":{\"@id\":\"https:\\\/\\\/universoesportivo.net\\\/index.php\\\/2025\\\/11\\\/03\\\/murilo-batista-de-catanduva-fica-em-quarto-lugar-em-competicao-oficial-da-federacao-paulista-de-judo\\\/#breadcrumb\"},\"inLanguage\":\"pt-BR\",\"potentialAction\":[{\"@type\":\"ReadAction\",\"target\":[\"https:\\\/\\\/universoesportivo.net\\\/index.php\\\/2025\\\/11\\\/03\\\/murilo-batista-de-catanduva-fica-em-quarto-lugar-em-competicao-oficial-da-federacao-paulista-de-judo\\\/\"]}]},{\"@type\":\"ImageObject\",\"inLanguage\":\"pt-BR\",\"@id\":\"https:\\\/\\\/universoesportivo.net\\\/index.php\\\/2025\\\/11\\\/03\\\/murilo-batista-de-catanduva-fica-em-quarto-lugar-em-competicao-oficial-da-federacao-paulista-de-judo\\\/#primaryimage\",\"url\":\"https:\\\/\\\/universoesportivo.net\\\/wp-content\\\/uploads\\\/2025\\\/11\\\/muriloabre.jpg\",\"contentUrl\":\"https:\\\/\\\/universoesportivo.net\\\/wp-content\\\/uploads\\\/2025\\\/11\\\/muriloabre.jpg\",\"width\":450,\"height\":301},{\"@type\":\"BreadcrumbList\",\"@id\":\"https:\\\/\\\/universoesportivo.net\\\/index.php\\\/2025\\\/11\\\/03\\\/murilo-batista-de-catanduva-fica-em-quarto-lugar-em-competicao-oficial-da-federacao-paulista-de-judo\\\/#breadcrumb\",\"itemListElement\":[{\"@type\":\"ListItem\",\"position\":1,\"name\":\"In\u00edcio\",\"item\":\"https:\\\/\\\/universoesportivo.net\\\/\"},{\"@type\":\"ListItem\",\"position\":2,\"name\":\"Murilo Batista, de Catanduva, fica em quarto lugar em competi\u00e7\u00e3o oficial da Federa\u00e7\u00e3o Paulista de Jud\u00f4\"}]},{\"@type\":\"WebSite\",\"@id\":\"https:\\\/\\\/universoesportivo.net\\\/#website\",\"url\":\"https:\\\/\\\/universoesportivo.net\\\/\",\"name\":\"Universo Esportivo\",\"description\":\"O portal de todas as modalidades esportivas!\",\"publisher\":{\"@id\":\"https:\\\/\\\/universoesportivo.net\\\/#organization\"},\"alternateName\":\"Jornalista Tiago Contador Lotto\",\"potentialAction\":[{\"@type\":\"SearchAction\",\"target\":{\"@type\":\"EntryPoint\",\"urlTemplate\":\"https:\\\/\\\/universoesportivo.net\\\/?s={search_term_string}\"},\"query-input\":{\"@type\":\"PropertyValueSpecification\",\"valueRequired\":true,\"valueName\":\"search_term_string\"}}],\"inLanguage\":\"pt-BR\"},{\"@type\":\"Organization\",\"@id\":\"https:\\\/\\\/universoesportivo.net\\\/#organization\",\"name\":\"Universo Esportivo\",\"alternateName\":\"Tiago Lotto\",\"url\":\"https:\\\/\\\/universoesportivo.net\\\/\",\"logo\":{\"@type\":\"ImageObject\",\"inLanguage\":\"pt-BR\",\"@id\":\"https:\\\/\\\/universoesportivo.net\\\/#\\\/schema\\\/logo\\\/image\\\/\",\"url\":\"https:\\\/\\\/universoesportivo.net\\\/wp-content\\\/uploads\\\/2024\\\/05\\\/cropped-cropped-universo-6.png\",\"contentUrl\":\"https:\\\/\\\/universoesportivo.net\\\/wp-content\\\/uploads\\\/2024\\\/05\\\/cropped-cropped-universo-6.png\",\"width\":413,\"height\":295,\"caption\":\"Universo Esportivo\"},\"image\":{\"@id\":\"https:\\\/\\\/universoesportivo.net\\\/#\\\/schema\\\/logo\\\/image\\\/\"},\"sameAs\":[\"https:\\\/\\\/www.facebook.com\\\/universoesportivo.net\"]},{\"@type\":\"Person\",\"@id\":\"https:\\\/\\\/universoesportivo.net\\\/#\\\/schema\\\/person\\\/62bc311bc7def56a6bc83711536e74bd\",\"name\":\"Tiago Lotto\",\"image\":{\"@type\":\"ImageObject\",\"inLanguage\":\"pt-BR\",\"@id\":\"https:\\\/\\\/secure.gravatar.com\\\/avatar\\\/fd6891125b3fb6ba0b794cd20c3398d5bb0fa20d2b9963a95f19470e5a6192f7?s=96&d=mm&r=g\",\"url\":\"https:\\\/\\\/secure.gravatar.com\\\/avatar\\\/fd6891125b3fb6ba0b794cd20c3398d5bb0fa20d2b9963a95f19470e5a6192f7?s=96&d=mm&r=g\",\"contentUrl\":\"https:\\\/\\\/secure.gravatar.com\\\/avatar\\\/fd6891125b3fb6ba0b794cd20c3398d5bb0fa20d2b9963a95f19470e5a6192f7?s=96&d=mm&r=g\",\"caption\":\"Tiago Lotto\"},\"url\":\"https:\\\/\\\/universoesportivo.net\\\/index.php\\\/author\\\/tiago-lotto\\\/\"}]}<\/script>\n<!-- \/ Yoast SEO plugin. -->","yoast_head_json":{"title":"Murilo Batista, de Catanduva, fica em quarto lugar em competi\u00e7\u00e3o oficial da Federa\u00e7\u00e3o Paulista de Jud\u00f4 - Universo Esportivo","robots":{"index":"index","follow":"follow","max-snippet":"max-snippet:-1","max-image-preview":"max-image-preview:large","max-video-preview":"max-video-preview:-1"},"canonical":"https:\/\/universoesportivo.net\/index.php\/2025\/11\/03\/murilo-batista-de-catanduva-fica-em-quarto-lugar-em-competicao-oficial-da-federacao-paulista-de-judo\/","og_locale":"pt_BR","og_type":"article","og_title":"Murilo Batista, de Catanduva, fica em quarto lugar em competi\u00e7\u00e3o oficial da Federa\u00e7\u00e3o Paulista de Jud\u00f4 - Universo Esportivo","og_description":"Murilo competiu na categoria +90\/faixa marron, ficando em quarto lugar. A competi\u00e7\u00e3o reuniu mais de 1.000 atletas. Apesar da \u00f3tima coloca\u00e7\u00e3o, o judoca catanduvense n\u00e3o conseguiu vaga no Metting de Santa Catarina.","og_url":"https:\/\/universoesportivo.net\/index.php\/2025\/11\/03\/murilo-batista-de-catanduva-fica-em-quarto-lugar-em-competicao-oficial-da-federacao-paulista-de-judo\/","og_site_name":"Universo Esportivo","article_publisher":"https:\/\/www.facebook.com\/universoesportivo.net","article_published_time":"2025-11-03T14:59:34+00:00","og_image":[{"width":450,"height":301,"url":"https:\/\/universoesportivo.net\/wp-content\/uploads\/2025\/11\/muriloabre.jpg","type":"image\/jpeg"}],"author":"Tiago Lotto","twitter_card":"summary_large_image","twitter_misc":{"Escrito por":"Tiago Lotto","Est. tempo de leitura":"2 minutos"},"schema":{"@context":"https:\/\/schema.org","@graph":[{"@type":"Article","@id":"https:\/\/universoesportivo.net\/index.php\/2025\/11\/03\/murilo-batista-de-catanduva-fica-em-quarto-lugar-em-competicao-oficial-da-federacao-paulista-de-judo\/#article","isPartOf":{"@id":"https:\/\/universoesportivo.net\/index.php\/2025\/11\/03\/murilo-batista-de-catanduva-fica-em-quarto-lugar-em-competicao-oficial-da-federacao-paulista-de-judo\/"},"author":{"name":"Tiago Lotto","@id":"https:\/\/universoesportivo.net\/#\/schema\/person\/62bc311bc7def56a6bc83711536e74bd"},"headline":"Murilo Batista, de Catanduva, fica em quarto lugar em competi\u00e7\u00e3o oficial da Federa\u00e7\u00e3o Paulista de Jud\u00f4","datePublished":"2025-11-03T14:59:34+00:00","mainEntityOfPage":{"@id":"https:\/\/universoesportivo.net\/index.php\/2025\/11\/03\/murilo-batista-de-catanduva-fica-em-quarto-lugar-em-competicao-oficial-da-federacao-paulista-de-judo\/"},"wordCount":285,"publisher":{"@id":"https:\/\/universoesportivo.net\/#organization"},"image":{"@id":"https:\/\/universoesportivo.net\/index.php\/2025\/11\/03\/murilo-batista-de-catanduva-fica-em-quarto-lugar-em-competicao-oficial-da-federacao-paulista-de-judo\/#primaryimage"},"thumbnailUrl":"https:\/\/universoesportivo.net\/wp-content\/uploads\/2025\/11\/muriloabre.jpg","articleSection":["Artes Marciais","ESPORTES"],"inLanguage":"pt-BR"},{"@type":"WebPage","@id":"https:\/\/universoesportivo.net\/index.php\/2025\/11\/03\/murilo-batista-de-catanduva-fica-em-quarto-lugar-em-competicao-oficial-da-federacao-paulista-de-judo\/","url":"https:\/\/universoesportivo.net\/index.php\/2025\/11\/03\/murilo-batista-de-catanduva-fica-em-quarto-lugar-em-competicao-oficial-da-federacao-paulista-de-judo\/","name":"Murilo Batista, de Catanduva, fica em quarto lugar em competi\u00e7\u00e3o oficial da Federa\u00e7\u00e3o Paulista de Jud\u00f4 - Universo Esportivo","isPartOf":{"@id":"https:\/\/universoesportivo.net\/#website"},"primaryImageOfPage":{"@id":"https:\/\/universoesportivo.net\/index.php\/2025\/11\/03\/murilo-batista-de-catanduva-fica-em-quarto-lugar-em-competicao-oficial-da-federacao-paulista-de-judo\/#primaryimage"},"image":{"@id":"https:\/\/universoesportivo.net\/index.php\/2025\/11\/03\/murilo-batista-de-catanduva-fica-em-quarto-lugar-em-competicao-oficial-da-federacao-paulista-de-judo\/#primaryimage"},"thumbnailUrl":"https:\/\/universoesportivo.net\/wp-content\/uploads\/2025\/11\/muriloabre.jpg","datePublished":"2025-11-03T14:59:34+00:00","breadcrumb":{"@id":"https:\/\/universoesportivo.net\/index.php\/2025\/11\/03\/murilo-batista-de-catanduva-fica-em-quarto-lugar-em-competicao-oficial-da-federacao-paulista-de-judo\/#breadcrumb"},"inLanguage":"pt-BR","potentialAction":[{"@type":"ReadAction","target":["https:\/\/universoesportivo.net\/index.php\/2025\/11\/03\/murilo-batista-de-catanduva-fica-em-quarto-lugar-em-competicao-oficial-da-federacao-paulista-de-judo\/"]}]},{"@type":"ImageObject","inLanguage":"pt-BR","@id":"https:\/\/universoesportivo.net\/index.php\/2025\/11\/03\/murilo-batista-de-catanduva-fica-em-quarto-lugar-em-competicao-oficial-da-federacao-paulista-de-judo\/#primaryimage","url":"https:\/\/universoesportivo.net\/wp-content\/uploads\/2025\/11\/muriloabre.jpg","contentUrl":"https:\/\/universoesportivo.net\/wp-content\/uploads\/2025\/11\/muriloabre.jpg","width":450,"height":301},{"@type":"BreadcrumbList","@id":"https:\/\/universoesportivo.net\/index.php\/2025\/11\/03\/murilo-batista-de-catanduva-fica-em-quarto-lugar-em-competicao-oficial-da-federacao-paulista-de-judo\/#breadcrumb","itemListElement":[{"@type":"ListItem","position":1,"name":"In\u00edcio","item":"https:\/\/universoesportivo.net\/"},{"@type":"ListItem","position":2,"name":"Murilo Batista, de Catanduva, fica em quarto lugar em competi\u00e7\u00e3o oficial da Federa\u00e7\u00e3o Paulista de Jud\u00f4"}]},{"@type":"WebSite","@id":"https:\/\/universoesportivo.net\/#website","url":"https:\/\/universoesportivo.net\/","name":"Universo Esportivo","description":"O portal de todas as modalidades esportivas!","publisher":{"@id":"https:\/\/universoesportivo.net\/#organization"},"alternateName":"Jornalista Tiago Contador Lotto","potentialAction":[{"@type":"SearchAction","target":{"@type":"EntryPoint","urlTemplate":"https:\/\/universoesportivo.net\/?s={search_term_string}"},"query-input":{"@type":"PropertyValueSpecification","valueRequired":true,"valueName":"search_term_string"}}],"inLanguage":"pt-BR"},{"@type":"Organization","@id":"https:\/\/universoesportivo.net\/#organization","name":"Universo Esportivo","alternateName":"Tiago Lotto","url":"https:\/\/universoesportivo.net\/","logo":{"@type":"ImageObject","inLanguage":"pt-BR","@id":"https:\/\/universoesportivo.net\/#\/schema\/logo\/image\/","url":"https:\/\/universoesportivo.net\/wp-content\/uploads\/2024\/05\/cropped-cropped-universo-6.png","contentUrl":"https:\/\/universoesportivo.net\/wp-content\/uploads\/2024\/05\/cropped-cropped-universo-6.png","width":413,"height":295,"caption":"Universo Esportivo"},"image":{"@id":"https:\/\/universoesportivo.net\/#\/schema\/logo\/image\/"},"sameAs":["https:\/\/www.facebook.com\/universoesportivo.net"]},{"@type":"Person","@id":"https:\/\/universoesportivo.net\/#\/schema\/person\/62bc311bc7def56a6bc83711536e74bd","name":"Tiago Lotto","image":{"@type":"ImageObject","inLanguage":"pt-BR","@id":"https:\/\/secure.gravatar.com\/avatar\/fd6891125b3fb6ba0b794cd20c3398d5bb0fa20d2b9963a95f19470e5a6192f7?s=96&d=mm&r=g","url":"https:\/\/secure.gravatar.com\/avatar\/fd6891125b3fb6ba0b794cd20c3398d5bb0fa20d2b9963a95f19470e5a6192f7?s=96&d=mm&r=g","contentUrl":"https:\/\/secure.gravatar.com\/avatar\/fd6891125b3fb6ba0b794cd20c3398d5bb0fa20d2b9963a95f19470e5a6192f7?s=96&d=mm&r=g","caption":"Tiago Lotto"},"url":"https:\/\/universoesportivo.net\/index.php\/author\/tiago-lotto\/"}]}},"jetpack_featured_media_url":"https:\/\/universoesportivo.net\/wp-content\/uploads\/2025\/11\/muriloabre.jpg","_links":{"self":[{"href":"https:\/\/universoesportivo.net\/index.php\/wp-json\/wp\/v2\/posts\/2328","targetHints":{"allow":["GET"]}}],"collection":[{"href":"https:\/\/universoesportivo.net\/index.php\/wp-json\/wp\/v2\/posts"}],"about":[{"href":"https:\/\/universoesportivo.net\/index.php\/wp-json\/wp\/v2\/types\/post"}],"author":[{"embeddable":true,"href":"https:\/\/universoesportivo.net\/index.php\/wp-json\/wp\/v2\/users\/2"}],"replies":[{"embeddable":true,"href":"https:\/\/universoesportivo.net\/index.php\/wp-json\/wp\/v2\/comments?post=2328"}],"version-history":[{"count":1,"href":"https:\/\/universoesportivo.net\/index.php\/wp-json\/wp\/v2\/posts\/2328\/revisions"}],"predecessor-version":[{"id":2330,"href":"https:\/\/universoesportivo.net\/index.php\/wp-json\/wp\/v2\/posts\/2328\/revisions\/2330"}],"wp:featuredmedia":[{"embeddable":true,"href":"https:\/\/universoesportivo.net\/index.php\/wp-json\/wp\/v2\/media\/2329"}],"wp:attachment":[{"href":"https:\/\/universoesportivo.net\/index.php\/wp-json\/wp\/v2\/media?parent=2328"}],"wp:term":[{"taxonomy":"category","embeddable":true,"href":"https:\/\/universoesportivo.net\/index.php\/wp-json\/wp\/v2\/categories?post=2328"},{"taxonomy":"post_tag","embeddable":true,"href":"https:\/\/universoesportivo.net\/index.php\/wp-json\/wp\/v2\/tags?post=2328"}],"curies":[{"name":"wp","href":"https:\/\/api.w.org\/{rel}","templated":true}]}}