{"id":2370,"date":"2025-12-04T12:08:25","date_gmt":"2025-12-04T15:08:25","guid":{"rendered":"https:\/\/universoesportivo.net\/?p=2370"},"modified":"2025-12-04T12:08:25","modified_gmt":"2025-12-04T15:08:25","slug":"em-catanduva-torcedores-do-flamengo-uniram-forcas-em-duas-finais-seguidas-encontros-sao-marcados-no-grupo-do-zap-zap","status":"publish","type":"post","link":"https:\/\/universoesportivo.net\/index.php\/2025\/12\/04\/em-catanduva-torcedores-do-flamengo-uniram-forcas-em-duas-finais-seguidas-encontros-sao-marcados-no-grupo-do-zap-zap\/","title":{"rendered":"Em Catanduva, torcedores do Flamengo uniram for\u00e7as em duas finais seguidas; encontros s\u00e3o marcados no \u201cgrupo do zap-zap\u201d"},"content":{"rendered":"\n<p class=\"has-medium-font-size\">Quem gosta de futebol sabe que o Flamengo \u00e9 o time brasileiro com o maior n\u00famero de torcedores no pa\u00eds. \u00c9 uma coisa de louco: em cada canto do Brasil voc\u00ea encontra um torcedor do Flamengo. \u201cFlamenguista \u00e9 igual padaria, em toda cidade do Brasil t\u00eam\u201d, brinca o jornalista Richard Casal, torcedor que reside em Catanduva, interior de S\u00e3o Paulo.<\/p>\n\n\n\n<p class=\"has-medium-font-size\">Munic\u00edpio com aproximadamente 120 mil habitantes, Catanduva conta com duas equipes profissionais de futebol: o Gr\u00eamio Catanduvense e o Catanduva Futebol Clube, de apelido \u201cSanto\u201d.<\/p>\n\n\n\n<p class=\"has-medium-font-size\">Na cidade, o Flamengo \u201cbriga\u201d de igual para igual com Palmeiras, Corinthians, S\u00e3o Paulo e Santos. O n\u00famero de torcedores do time carioca aumentou ap\u00f3s a contrata\u00e7\u00e3o do lateral catanduvense Alex Sandro, que deixou a It\u00e1lia para jogar no Flamengo. Aleta da sele\u00e7\u00e3o brasileira, Alex Sandro come\u00e7ou sua carreira na escolinha de futebol da Prefeitura de Catanduva.<\/p>\n\n\n\n<p class=\"has-medium-font-size\">\u201cN\u00e3o temos como somar o n\u00famero de flamenguistas, mas sabemos que s\u00e3o muitos. Entre os amigos, sempre juntamos os mais pr\u00f3ximos para um churrasco em dias de final\u201d, comentou o professor Gleison Begalli, outro flamenguista doente.<\/p>\n\n\n\n<p class=\"has-medium-font-size\">O Flamengo foi campe\u00e3o da Libertadores no dia 29 de novembro \u2013 no s\u00e1bado, vencendo o Palmeiras por 1&#215;0. Na quarta-feira, 3 de dezembro, conquistou o Campeonato Brasileiro ap\u00f3s vencer o Cear\u00e1 \u2013 tamb\u00e9m por 1&#215;0. O time chegou aos 78 pontos e n\u00e3o pode ser alcan\u00e7ado. Falta, apenas, uma rodada para terminar a competi\u00e7\u00e3o.<\/p>\n\n\n\n<p class=\"has-medium-font-size\">Na final da Libertadores e na rodada 37 do Brasileir\u00e3o (que deu o t\u00edtulo para o Flamengo), os amigos Valdyr Rovina, Gabriel Begalli, Petterson Ferrarezi Dr. Thales Bianchi, Richard Casal, Gleison Begalli, Ruan Pinheiro e Robson Silva reuniram para o tradicional churrasco da vit\u00f3ria.<\/p>\n\n\n\n<p class=\"has-medium-font-size\">\u201cTemos uma turma do zap (o aplicativo WhatsApp) somente com torcedores do Flamengo. Esses encontros s\u00e3o agendados e teclados no grupo. \u00c9 uma turma boa, com amigos que s\u00e3o apaixonados pelo futebol e \u2013 principalmente \u2013 pelo Flamengo\u201d, completou Richard Casal.<\/p>\n\n\n\n<p><\/p>\n\n\n\n<p class=\"has-medium-font-size\">Da reda\u00e7\u00e3o \u2013 Tiago Lotto<\/p>\n\n\n\n<p class=\"has-medium-font-size\">Fotos: Divulga\u00e7\u00e3o<\/p>\n\n\n\n<p class=\"has-medium-font-size\">Arte: Instagram do Flamengo<\/p>\n\n\n\n<figure class=\"wp-block-image\"><img fetchpriority=\"high\" decoding=\"async\" width=\"400\" height=\"533\" src=\"https:\/\/universoesportivo.net\/wp-content\/uploads\/2025\/12\/richardabaixob.jpg\" alt=\"\" class=\"wp-image-2372\" srcset=\"https:\/\/universoesportivo.net\/wp-content\/uploads\/2025\/12\/richardabaixob.jpg 400w, https:\/\/universoesportivo.net\/wp-content\/uploads\/2025\/12\/richardabaixob-225x300.jpg 225w, https:\/\/universoesportivo.net\/wp-content\/uploads\/2025\/12\/richardabaixob-9x12.jpg 9w\" sizes=\"(max-width: 400px) 100vw, 400px\" \/><\/figure>\n\n\n\n<figure class=\"wp-block-image\"><img decoding=\"async\" width=\"550\" height=\"477\" src=\"https:\/\/universoesportivo.net\/wp-content\/uploads\/2025\/12\/mengoabaixo.jpg\" alt=\"\" class=\"wp-image-2371\" srcset=\"https:\/\/universoesportivo.net\/wp-content\/uploads\/2025\/12\/mengoabaixo.jpg 550w, https:\/\/universoesportivo.net\/wp-content\/uploads\/2025\/12\/mengoabaixo-300x260.jpg 300w, https:\/\/universoesportivo.net\/wp-content\/uploads\/2025\/12\/mengoabaixo-14x12.jpg 14w\" sizes=\"(max-width: 550px) 100vw, 550px\" \/><\/figure>\n","protected":false},"excerpt":{"rendered":"<p>Torcedores de Catanduva formaram um grupo de flamenguistas no WhatsApp; churrasco para acompanhar jogos do time s\u00e3o marcados pelas tecladas.<\/p>\n","protected":false},"author":2,"featured_media":2373,"comment_status":"closed","ping_status":"closed","sticky":false,"template":"","format":"standard","meta":{"colormag_page_container_layout":"default_layout","colormag_page_sidebar_layout":"default_layout","footnotes":""},"categories":[17,43],"tags":[],"class_list":["post-2370","post","type-post","status-publish","format-standard","has-post-thumbnail","hentry","category-esportes","category-futebol"],"magazineBlocksPostFeaturedMedia":{"thumbnail":"https:\/\/universoesportivo.net\/wp-content\/uploads\/2025\/12\/abrerichardabre-150x150.jpg","medium":"https:\/\/universoesportivo.net\/wp-content\/uploads\/2025\/12\/abrerichardabre-300x300.jpg","medium_large":"https:\/\/universoesportivo.net\/wp-content\/uploads\/2025\/12\/abrerichardabre.jpg","large":"https:\/\/universoesportivo.net\/wp-content\/uploads\/2025\/12\/abrerichardabre.jpg","1536x1536":"https:\/\/universoesportivo.net\/wp-content\/uploads\/2025\/12\/abrerichardabre.jpg","2048x2048":"https:\/\/universoesportivo.net\/wp-content\/uploads\/2025\/12\/abrerichardabre.jpg","trp-custom-language-flag":"https:\/\/universoesportivo.net\/wp-content\/uploads\/2025\/12\/abrerichardabre-12x12.jpg","colormag-highlighted-post":"https:\/\/universoesportivo.net\/wp-content\/uploads\/2025\/12\/abrerichardabre-392x272.jpg","colormag-featured-post-medium":"https:\/\/universoesportivo.net\/wp-content\/uploads\/2025\/12\/abrerichardabre-390x205.jpg","colormag-featured-post-small":"https:\/\/universoesportivo.net\/wp-content\/uploads\/2025\/12\/abrerichardabre-130x90.jpg","colormag-featured-image":"https:\/\/universoesportivo.net\/wp-content\/uploads\/2025\/12\/abrerichardabre.jpg","colormag-default-news":"https:\/\/universoesportivo.net\/wp-content\/uploads\/2025\/12\/abrerichardabre-150x150.jpg","colormag-featured-image-large":"https:\/\/universoesportivo.net\/wp-content\/uploads\/2025\/12\/abrerichardabre.jpg","colormag-elementor-block-extra-large-thumbnail":"https:\/\/universoesportivo.net\/wp-content\/uploads\/2025\/12\/abrerichardabre.jpg","colormag-elementor-grid-large-thumbnail":"https:\/\/universoesportivo.net\/wp-content\/uploads\/2025\/12\/abrerichardabre.jpg","colormag-elementor-grid-small-thumbnail":"https:\/\/universoesportivo.net\/wp-content\/uploads\/2025\/12\/abrerichardabre-285x400.jpg","colormag-elementor-grid-medium-large-thumbnail":"https:\/\/universoesportivo.net\/wp-content\/uploads\/2025\/12\/abrerichardabre-400x198.jpg"},"magazineBlocksPostAuthor":{"name":"Tiago Lotto","avatar":"https:\/\/secure.gravatar.com\/avatar\/fd6891125b3fb6ba0b794cd20c3398d5bb0fa20d2b9963a95f19470e5a6192f7?s=96&d=mm&r=g"},"magazineBlocksPostCommentsNumber":false,"magazineBlocksPostExcerpt":"Torcedores de Catanduva formaram um grupo de flamenguistas no WhatsApp; churrasco para acompanhar jogos do time s\u00e3o marcados pelas tecladas.","magazineBlocksPostCategories":["ESPORTES","Futebol"],"magazineBlocksPostViewCount":33,"magazineBlocksPostReadTime":2,"magazine_blocks_featured_image_url":{"full":["https:\/\/universoesportivo.net\/wp-content\/uploads\/2025\/12\/abrerichardabre.jpg",400,400,false],"medium":["https:\/\/universoesportivo.net\/wp-content\/uploads\/2025\/12\/abrerichardabre-300x300.jpg",300,300,true],"thumbnail":["https:\/\/universoesportivo.net\/wp-content\/uploads\/2025\/12\/abrerichardabre-150x150.jpg",150,150,true]},"magazine_blocks_author":{"display_name":"Tiago Lotto","author_link":"https:\/\/universoesportivo.net\/index.php\/author\/tiago-lotto\/"},"magazine_blocks_comment":0,"magazine_blocks_author_image":"https:\/\/secure.gravatar.com\/avatar\/fd6891125b3fb6ba0b794cd20c3398d5bb0fa20d2b9963a95f19470e5a6192f7?s=96&d=mm&r=g","magazine_blocks_category":"<a href=\"#\" class=\"category-link category-link-17\">ESPORTES<\/a> <a href=\"#\" class=\"category-link category-link-43\">Futebol<\/a>","yoast_head":"<!-- This site is optimized with the Yoast SEO plugin v27.4 - https:\/\/yoast.com\/product\/yoast-seo-wordpress\/ -->\n<title>Em Catanduva, torcedores do Flamengo uniram for\u00e7as em duas finais seguidas; encontros s\u00e3o marcados no \u201cgrupo do zap-zap\u201d - Universo Esportivo<\/title>\n<meta name=\"robots\" content=\"index, follow, max-snippet:-1, max-image-preview:large, max-video-preview:-1\" \/>\n<link rel=\"canonical\" href=\"https:\/\/universoesportivo.net\/index.php\/2025\/12\/04\/em-catanduva-torcedores-do-flamengo-uniram-forcas-em-duas-finais-seguidas-encontros-sao-marcados-no-grupo-do-zap-zap\/\" \/>\n<meta property=\"og:locale\" content=\"pt_BR\" \/>\n<meta property=\"og:type\" content=\"article\" \/>\n<meta property=\"og:title\" content=\"Em Catanduva, torcedores do Flamengo uniram for\u00e7as em duas finais seguidas; encontros s\u00e3o marcados no \u201cgrupo do zap-zap\u201d - Universo Esportivo\" \/>\n<meta property=\"og:description\" content=\"Torcedores de Catanduva formaram um grupo de flamenguistas no WhatsApp; churrasco para acompanhar jogos do time s\u00e3o marcados pelas tecladas.\" \/>\n<meta property=\"og:url\" content=\"https:\/\/universoesportivo.net\/index.php\/2025\/12\/04\/em-catanduva-torcedores-do-flamengo-uniram-forcas-em-duas-finais-seguidas-encontros-sao-marcados-no-grupo-do-zap-zap\/\" \/>\n<meta property=\"og:site_name\" content=\"Universo Esportivo\" \/>\n<meta property=\"article:publisher\" content=\"https:\/\/www.facebook.com\/universoesportivo.net\" \/>\n<meta property=\"article:published_time\" content=\"2025-12-04T15:08:25+00:00\" \/>\n<meta property=\"og:image\" content=\"https:\/\/universoesportivo.net\/wp-content\/uploads\/2025\/12\/abrerichardabre.jpg\" \/>\n\t<meta property=\"og:image:width\" content=\"400\" \/>\n\t<meta property=\"og:image:height\" content=\"400\" \/>\n\t<meta property=\"og:image:type\" content=\"image\/jpeg\" \/>\n<meta name=\"author\" content=\"Tiago Lotto\" \/>\n<meta name=\"twitter:card\" content=\"summary_large_image\" \/>\n<meta name=\"twitter:label1\" content=\"Escrito por\" \/>\n\t<meta name=\"twitter:data1\" content=\"Tiago Lotto\" \/>\n\t<meta name=\"twitter:label2\" content=\"Est. tempo de leitura\" \/>\n\t<meta name=\"twitter:data2\" content=\"3 minutos\" \/>\n<script type=\"application\/ld+json\" class=\"yoast-schema-graph\">{\"@context\":\"https:\\\/\\\/schema.org\",\"@graph\":[{\"@type\":\"Article\",\"@id\":\"https:\\\/\\\/universoesportivo.net\\\/index.php\\\/2025\\\/12\\\/04\\\/em-catanduva-torcedores-do-flamengo-uniram-forcas-em-duas-finais-seguidas-encontros-sao-marcados-no-grupo-do-zap-zap\\\/#article\",\"isPartOf\":{\"@id\":\"https:\\\/\\\/universoesportivo.net\\\/index.php\\\/2025\\\/12\\\/04\\\/em-catanduva-torcedores-do-flamengo-uniram-forcas-em-duas-finais-seguidas-encontros-sao-marcados-no-grupo-do-zap-zap\\\/\"},\"author\":{\"name\":\"Tiago Lotto\",\"@id\":\"https:\\\/\\\/universoesportivo.net\\\/#\\\/schema\\\/person\\\/62bc311bc7def56a6bc83711536e74bd\"},\"headline\":\"Em Catanduva, torcedores do Flamengo uniram for\u00e7as em duas finais seguidas; encontros s\u00e3o marcados no \u201cgrupo do zap-zap\u201d\",\"datePublished\":\"2025-12-04T15:08:25+00:00\",\"mainEntityOfPage\":{\"@id\":\"https:\\\/\\\/universoesportivo.net\\\/index.php\\\/2025\\\/12\\\/04\\\/em-catanduva-torcedores-do-flamengo-uniram-forcas-em-duas-finais-seguidas-encontros-sao-marcados-no-grupo-do-zap-zap\\\/\"},\"wordCount\":366,\"publisher\":{\"@id\":\"https:\\\/\\\/universoesportivo.net\\\/#organization\"},\"image\":{\"@id\":\"https:\\\/\\\/universoesportivo.net\\\/index.php\\\/2025\\\/12\\\/04\\\/em-catanduva-torcedores-do-flamengo-uniram-forcas-em-duas-finais-seguidas-encontros-sao-marcados-no-grupo-do-zap-zap\\\/#primaryimage\"},\"thumbnailUrl\":\"https:\\\/\\\/universoesportivo.net\\\/wp-content\\\/uploads\\\/2025\\\/12\\\/abrerichardabre.jpg\",\"articleSection\":[\"ESPORTES\",\"Futebol\"],\"inLanguage\":\"pt-BR\"},{\"@type\":\"WebPage\",\"@id\":\"https:\\\/\\\/universoesportivo.net\\\/index.php\\\/2025\\\/12\\\/04\\\/em-catanduva-torcedores-do-flamengo-uniram-forcas-em-duas-finais-seguidas-encontros-sao-marcados-no-grupo-do-zap-zap\\\/\",\"url\":\"https:\\\/\\\/universoesportivo.net\\\/index.php\\\/2025\\\/12\\\/04\\\/em-catanduva-torcedores-do-flamengo-uniram-forcas-em-duas-finais-seguidas-encontros-sao-marcados-no-grupo-do-zap-zap\\\/\",\"name\":\"Em Catanduva, torcedores do Flamengo uniram for\u00e7as em duas finais seguidas; encontros s\u00e3o marcados no \u201cgrupo do zap-zap\u201d - Universo Esportivo\",\"isPartOf\":{\"@id\":\"https:\\\/\\\/universoesportivo.net\\\/#website\"},\"primaryImageOfPage\":{\"@id\":\"https:\\\/\\\/universoesportivo.net\\\/index.php\\\/2025\\\/12\\\/04\\\/em-catanduva-torcedores-do-flamengo-uniram-forcas-em-duas-finais-seguidas-encontros-sao-marcados-no-grupo-do-zap-zap\\\/#primaryimage\"},\"image\":{\"@id\":\"https:\\\/\\\/universoesportivo.net\\\/index.php\\\/2025\\\/12\\\/04\\\/em-catanduva-torcedores-do-flamengo-uniram-forcas-em-duas-finais-seguidas-encontros-sao-marcados-no-grupo-do-zap-zap\\\/#primaryimage\"},\"thumbnailUrl\":\"https:\\\/\\\/universoesportivo.net\\\/wp-content\\\/uploads\\\/2025\\\/12\\\/abrerichardabre.jpg\",\"datePublished\":\"2025-12-04T15:08:25+00:00\",\"breadcrumb\":{\"@id\":\"https:\\\/\\\/universoesportivo.net\\\/index.php\\\/2025\\\/12\\\/04\\\/em-catanduva-torcedores-do-flamengo-uniram-forcas-em-duas-finais-seguidas-encontros-sao-marcados-no-grupo-do-zap-zap\\\/#breadcrumb\"},\"inLanguage\":\"pt-BR\",\"potentialAction\":[{\"@type\":\"ReadAction\",\"target\":[\"https:\\\/\\\/universoesportivo.net\\\/index.php\\\/2025\\\/12\\\/04\\\/em-catanduva-torcedores-do-flamengo-uniram-forcas-em-duas-finais-seguidas-encontros-sao-marcados-no-grupo-do-zap-zap\\\/\"]}]},{\"@type\":\"ImageObject\",\"inLanguage\":\"pt-BR\",\"@id\":\"https:\\\/\\\/universoesportivo.net\\\/index.php\\\/2025\\\/12\\\/04\\\/em-catanduva-torcedores-do-flamengo-uniram-forcas-em-duas-finais-seguidas-encontros-sao-marcados-no-grupo-do-zap-zap\\\/#primaryimage\",\"url\":\"https:\\\/\\\/universoesportivo.net\\\/wp-content\\\/uploads\\\/2025\\\/12\\\/abrerichardabre.jpg\",\"contentUrl\":\"https:\\\/\\\/universoesportivo.net\\\/wp-content\\\/uploads\\\/2025\\\/12\\\/abrerichardabre.jpg\",\"width\":400,\"height\":400},{\"@type\":\"BreadcrumbList\",\"@id\":\"https:\\\/\\\/universoesportivo.net\\\/index.php\\\/2025\\\/12\\\/04\\\/em-catanduva-torcedores-do-flamengo-uniram-forcas-em-duas-finais-seguidas-encontros-sao-marcados-no-grupo-do-zap-zap\\\/#breadcrumb\",\"itemListElement\":[{\"@type\":\"ListItem\",\"position\":1,\"name\":\"In\u00edcio\",\"item\":\"https:\\\/\\\/universoesportivo.net\\\/\"},{\"@type\":\"ListItem\",\"position\":2,\"name\":\"Em Catanduva, torcedores do Flamengo uniram for\u00e7as em duas finais seguidas; encontros s\u00e3o marcados no \u201cgrupo do zap-zap\u201d\"}]},{\"@type\":\"WebSite\",\"@id\":\"https:\\\/\\\/universoesportivo.net\\\/#website\",\"url\":\"https:\\\/\\\/universoesportivo.net\\\/\",\"name\":\"Universo Esportivo\",\"description\":\"O portal de todas as modalidades esportivas!\",\"publisher\":{\"@id\":\"https:\\\/\\\/universoesportivo.net\\\/#organization\"},\"alternateName\":\"Jornalista Tiago Contador Lotto\",\"potentialAction\":[{\"@type\":\"SearchAction\",\"target\":{\"@type\":\"EntryPoint\",\"urlTemplate\":\"https:\\\/\\\/universoesportivo.net\\\/?s={search_term_string}\"},\"query-input\":{\"@type\":\"PropertyValueSpecification\",\"valueRequired\":true,\"valueName\":\"search_term_string\"}}],\"inLanguage\":\"pt-BR\"},{\"@type\":\"Organization\",\"@id\":\"https:\\\/\\\/universoesportivo.net\\\/#organization\",\"name\":\"Universo Esportivo\",\"alternateName\":\"Tiago Lotto\",\"url\":\"https:\\\/\\\/universoesportivo.net\\\/\",\"logo\":{\"@type\":\"ImageObject\",\"inLanguage\":\"pt-BR\",\"@id\":\"https:\\\/\\\/universoesportivo.net\\\/#\\\/schema\\\/logo\\\/image\\\/\",\"url\":\"https:\\\/\\\/universoesportivo.net\\\/wp-content\\\/uploads\\\/2024\\\/05\\\/cropped-cropped-universo-6.png\",\"contentUrl\":\"https:\\\/\\\/universoesportivo.net\\\/wp-content\\\/uploads\\\/2024\\\/05\\\/cropped-cropped-universo-6.png\",\"width\":413,\"height\":295,\"caption\":\"Universo Esportivo\"},\"image\":{\"@id\":\"https:\\\/\\\/universoesportivo.net\\\/#\\\/schema\\\/logo\\\/image\\\/\"},\"sameAs\":[\"https:\\\/\\\/www.facebook.com\\\/universoesportivo.net\"]},{\"@type\":\"Person\",\"@id\":\"https:\\\/\\\/universoesportivo.net\\\/#\\\/schema\\\/person\\\/62bc311bc7def56a6bc83711536e74bd\",\"name\":\"Tiago Lotto\",\"image\":{\"@type\":\"ImageObject\",\"inLanguage\":\"pt-BR\",\"@id\":\"https:\\\/\\\/secure.gravatar.com\\\/avatar\\\/fd6891125b3fb6ba0b794cd20c3398d5bb0fa20d2b9963a95f19470e5a6192f7?s=96&d=mm&r=g\",\"url\":\"https:\\\/\\\/secure.gravatar.com\\\/avatar\\\/fd6891125b3fb6ba0b794cd20c3398d5bb0fa20d2b9963a95f19470e5a6192f7?s=96&d=mm&r=g\",\"contentUrl\":\"https:\\\/\\\/secure.gravatar.com\\\/avatar\\\/fd6891125b3fb6ba0b794cd20c3398d5bb0fa20d2b9963a95f19470e5a6192f7?s=96&d=mm&r=g\",\"caption\":\"Tiago Lotto\"},\"url\":\"https:\\\/\\\/universoesportivo.net\\\/index.php\\\/author\\\/tiago-lotto\\\/\"}]}<\/script>\n<!-- \/ Yoast SEO plugin. -->","yoast_head_json":{"title":"Em Catanduva, torcedores do Flamengo uniram for\u00e7as em duas finais seguidas; encontros s\u00e3o marcados no \u201cgrupo do zap-zap\u201d - Universo Esportivo","robots":{"index":"index","follow":"follow","max-snippet":"max-snippet:-1","max-image-preview":"max-image-preview:large","max-video-preview":"max-video-preview:-1"},"canonical":"https:\/\/universoesportivo.net\/index.php\/2025\/12\/04\/em-catanduva-torcedores-do-flamengo-uniram-forcas-em-duas-finais-seguidas-encontros-sao-marcados-no-grupo-do-zap-zap\/","og_locale":"pt_BR","og_type":"article","og_title":"Em Catanduva, torcedores do Flamengo uniram for\u00e7as em duas finais seguidas; encontros s\u00e3o marcados no \u201cgrupo do zap-zap\u201d - Universo Esportivo","og_description":"Torcedores de Catanduva formaram um grupo de flamenguistas no WhatsApp; churrasco para acompanhar jogos do time s\u00e3o marcados pelas tecladas.","og_url":"https:\/\/universoesportivo.net\/index.php\/2025\/12\/04\/em-catanduva-torcedores-do-flamengo-uniram-forcas-em-duas-finais-seguidas-encontros-sao-marcados-no-grupo-do-zap-zap\/","og_site_name":"Universo Esportivo","article_publisher":"https:\/\/www.facebook.com\/universoesportivo.net","article_published_time":"2025-12-04T15:08:25+00:00","og_image":[{"width":400,"height":400,"url":"https:\/\/universoesportivo.net\/wp-content\/uploads\/2025\/12\/abrerichardabre.jpg","type":"image\/jpeg"}],"author":"Tiago Lotto","twitter_card":"summary_large_image","twitter_misc":{"Escrito por":"Tiago Lotto","Est. tempo de leitura":"3 minutos"},"schema":{"@context":"https:\/\/schema.org","@graph":[{"@type":"Article","@id":"https:\/\/universoesportivo.net\/index.php\/2025\/12\/04\/em-catanduva-torcedores-do-flamengo-uniram-forcas-em-duas-finais-seguidas-encontros-sao-marcados-no-grupo-do-zap-zap\/#article","isPartOf":{"@id":"https:\/\/universoesportivo.net\/index.php\/2025\/12\/04\/em-catanduva-torcedores-do-flamengo-uniram-forcas-em-duas-finais-seguidas-encontros-sao-marcados-no-grupo-do-zap-zap\/"},"author":{"name":"Tiago Lotto","@id":"https:\/\/universoesportivo.net\/#\/schema\/person\/62bc311bc7def56a6bc83711536e74bd"},"headline":"Em Catanduva, torcedores do Flamengo uniram for\u00e7as em duas finais seguidas; encontros s\u00e3o marcados no \u201cgrupo do zap-zap\u201d","datePublished":"2025-12-04T15:08:25+00:00","mainEntityOfPage":{"@id":"https:\/\/universoesportivo.net\/index.php\/2025\/12\/04\/em-catanduva-torcedores-do-flamengo-uniram-forcas-em-duas-finais-seguidas-encontros-sao-marcados-no-grupo-do-zap-zap\/"},"wordCount":366,"publisher":{"@id":"https:\/\/universoesportivo.net\/#organization"},"image":{"@id":"https:\/\/universoesportivo.net\/index.php\/2025\/12\/04\/em-catanduva-torcedores-do-flamengo-uniram-forcas-em-duas-finais-seguidas-encontros-sao-marcados-no-grupo-do-zap-zap\/#primaryimage"},"thumbnailUrl":"https:\/\/universoesportivo.net\/wp-content\/uploads\/2025\/12\/abrerichardabre.jpg","articleSection":["ESPORTES","Futebol"],"inLanguage":"pt-BR"},{"@type":"WebPage","@id":"https:\/\/universoesportivo.net\/index.php\/2025\/12\/04\/em-catanduva-torcedores-do-flamengo-uniram-forcas-em-duas-finais-seguidas-encontros-sao-marcados-no-grupo-do-zap-zap\/","url":"https:\/\/universoesportivo.net\/index.php\/2025\/12\/04\/em-catanduva-torcedores-do-flamengo-uniram-forcas-em-duas-finais-seguidas-encontros-sao-marcados-no-grupo-do-zap-zap\/","name":"Em Catanduva, torcedores do Flamengo uniram for\u00e7as em duas finais seguidas; encontros s\u00e3o marcados no \u201cgrupo do zap-zap\u201d - Universo Esportivo","isPartOf":{"@id":"https:\/\/universoesportivo.net\/#website"},"primaryImageOfPage":{"@id":"https:\/\/universoesportivo.net\/index.php\/2025\/12\/04\/em-catanduva-torcedores-do-flamengo-uniram-forcas-em-duas-finais-seguidas-encontros-sao-marcados-no-grupo-do-zap-zap\/#primaryimage"},"image":{"@id":"https:\/\/universoesportivo.net\/index.php\/2025\/12\/04\/em-catanduva-torcedores-do-flamengo-uniram-forcas-em-duas-finais-seguidas-encontros-sao-marcados-no-grupo-do-zap-zap\/#primaryimage"},"thumbnailUrl":"https:\/\/universoesportivo.net\/wp-content\/uploads\/2025\/12\/abrerichardabre.jpg","datePublished":"2025-12-04T15:08:25+00:00","breadcrumb":{"@id":"https:\/\/universoesportivo.net\/index.php\/2025\/12\/04\/em-catanduva-torcedores-do-flamengo-uniram-forcas-em-duas-finais-seguidas-encontros-sao-marcados-no-grupo-do-zap-zap\/#breadcrumb"},"inLanguage":"pt-BR","potentialAction":[{"@type":"ReadAction","target":["https:\/\/universoesportivo.net\/index.php\/2025\/12\/04\/em-catanduva-torcedores-do-flamengo-uniram-forcas-em-duas-finais-seguidas-encontros-sao-marcados-no-grupo-do-zap-zap\/"]}]},{"@type":"ImageObject","inLanguage":"pt-BR","@id":"https:\/\/universoesportivo.net\/index.php\/2025\/12\/04\/em-catanduva-torcedores-do-flamengo-uniram-forcas-em-duas-finais-seguidas-encontros-sao-marcados-no-grupo-do-zap-zap\/#primaryimage","url":"https:\/\/universoesportivo.net\/wp-content\/uploads\/2025\/12\/abrerichardabre.jpg","contentUrl":"https:\/\/universoesportivo.net\/wp-content\/uploads\/2025\/12\/abrerichardabre.jpg","width":400,"height":400},{"@type":"BreadcrumbList","@id":"https:\/\/universoesportivo.net\/index.php\/2025\/12\/04\/em-catanduva-torcedores-do-flamengo-uniram-forcas-em-duas-finais-seguidas-encontros-sao-marcados-no-grupo-do-zap-zap\/#breadcrumb","itemListElement":[{"@type":"ListItem","position":1,"name":"In\u00edcio","item":"https:\/\/universoesportivo.net\/"},{"@type":"ListItem","position":2,"name":"Em Catanduva, torcedores do Flamengo uniram for\u00e7as em duas finais seguidas; encontros s\u00e3o marcados no \u201cgrupo do zap-zap\u201d"}]},{"@type":"WebSite","@id":"https:\/\/universoesportivo.net\/#website","url":"https:\/\/universoesportivo.net\/","name":"Universo Esportivo","description":"O portal de todas as modalidades esportivas!","publisher":{"@id":"https:\/\/universoesportivo.net\/#organization"},"alternateName":"Jornalista Tiago Contador Lotto","potentialAction":[{"@type":"SearchAction","target":{"@type":"EntryPoint","urlTemplate":"https:\/\/universoesportivo.net\/?s={search_term_string}"},"query-input":{"@type":"PropertyValueSpecification","valueRequired":true,"valueName":"search_term_string"}}],"inLanguage":"pt-BR"},{"@type":"Organization","@id":"https:\/\/universoesportivo.net\/#organization","name":"Universo Esportivo","alternateName":"Tiago Lotto","url":"https:\/\/universoesportivo.net\/","logo":{"@type":"ImageObject","inLanguage":"pt-BR","@id":"https:\/\/universoesportivo.net\/#\/schema\/logo\/image\/","url":"https:\/\/universoesportivo.net\/wp-content\/uploads\/2024\/05\/cropped-cropped-universo-6.png","contentUrl":"https:\/\/universoesportivo.net\/wp-content\/uploads\/2024\/05\/cropped-cropped-universo-6.png","width":413,"height":295,"caption":"Universo Esportivo"},"image":{"@id":"https:\/\/universoesportivo.net\/#\/schema\/logo\/image\/"},"sameAs":["https:\/\/www.facebook.com\/universoesportivo.net"]},{"@type":"Person","@id":"https:\/\/universoesportivo.net\/#\/schema\/person\/62bc311bc7def56a6bc83711536e74bd","name":"Tiago Lotto","image":{"@type":"ImageObject","inLanguage":"pt-BR","@id":"https:\/\/secure.gravatar.com\/avatar\/fd6891125b3fb6ba0b794cd20c3398d5bb0fa20d2b9963a95f19470e5a6192f7?s=96&d=mm&r=g","url":"https:\/\/secure.gravatar.com\/avatar\/fd6891125b3fb6ba0b794cd20c3398d5bb0fa20d2b9963a95f19470e5a6192f7?s=96&d=mm&r=g","contentUrl":"https:\/\/secure.gravatar.com\/avatar\/fd6891125b3fb6ba0b794cd20c3398d5bb0fa20d2b9963a95f19470e5a6192f7?s=96&d=mm&r=g","caption":"Tiago Lotto"},"url":"https:\/\/universoesportivo.net\/index.php\/author\/tiago-lotto\/"}]}},"jetpack_featured_media_url":"https:\/\/universoesportivo.net\/wp-content\/uploads\/2025\/12\/abrerichardabre.jpg","_links":{"self":[{"href":"https:\/\/universoesportivo.net\/index.php\/wp-json\/wp\/v2\/posts\/2370","targetHints":{"allow":["GET"]}}],"collection":[{"href":"https:\/\/universoesportivo.net\/index.php\/wp-json\/wp\/v2\/posts"}],"about":[{"href":"https:\/\/universoesportivo.net\/index.php\/wp-json\/wp\/v2\/types\/post"}],"author":[{"embeddable":true,"href":"https:\/\/universoesportivo.net\/index.php\/wp-json\/wp\/v2\/users\/2"}],"replies":[{"embeddable":true,"href":"https:\/\/universoesportivo.net\/index.php\/wp-json\/wp\/v2\/comments?post=2370"}],"version-history":[{"count":1,"href":"https:\/\/universoesportivo.net\/index.php\/wp-json\/wp\/v2\/posts\/2370\/revisions"}],"predecessor-version":[{"id":2374,"href":"https:\/\/universoesportivo.net\/index.php\/wp-json\/wp\/v2\/posts\/2370\/revisions\/2374"}],"wp:featuredmedia":[{"embeddable":true,"href":"https:\/\/universoesportivo.net\/index.php\/wp-json\/wp\/v2\/media\/2373"}],"wp:attachment":[{"href":"https:\/\/universoesportivo.net\/index.php\/wp-json\/wp\/v2\/media?parent=2370"}],"wp:term":[{"taxonomy":"category","embeddable":true,"href":"https:\/\/universoesportivo.net\/index.php\/wp-json\/wp\/v2\/categories?post=2370"},{"taxonomy":"post_tag","embeddable":true,"href":"https:\/\/universoesportivo.net\/index.php\/wp-json\/wp\/v2\/tags?post=2370"}],"curies":[{"name":"wp","href":"https:\/\/api.w.org\/{rel}","templated":true}]}}