{"id":2375,"date":"2025-12-08T12:16:25","date_gmt":"2025-12-08T15:16:25","guid":{"rendered":"https:\/\/universoesportivo.net\/?p=2375"},"modified":"2025-12-08T12:19:58","modified_gmt":"2025-12-08T15:19:58","slug":"final-da-copa-smel-movimenta-categorias-de-base-com-sete-equipes-participantes","status":"publish","type":"post","link":"https:\/\/universoesportivo.net\/index.php\/2025\/12\/08\/final-da-copa-smel-movimenta-categorias-de-base-com-sete-equipes-participantes\/","title":{"rendered":"Final da Copa SMEL movimenta categorias de base com sete equipes participantes"},"content":{"rendered":"\n<p class=\"has-medium-font-size\">A Copa SMEL &#8211; Secretaria Municipal de Esportes e Lazer de Catanduva chegou \u00e0 sua grande final reunindo sete equipes nas categorias Sub-11, Sub-13 e Sub-14. Participaram da competi\u00e7\u00e3o a Associa\u00e7\u00e3o P\u00e3o Nosso, a Associa\u00e7\u00e3o Crian\u00e7a de Ouro, o time da Prefeitura Municipal de Elisi\u00e1rio, da Prefeitura Municipal de Marapoama, do Clube de T\u00eanis Catanduva, o Vila Real F.C. e o Inter Academy Brasil \/ Arena P7.<\/p>\n\n\n\n<p class=\"has-medium-font-size\">A disputa foi dividida em S\u00e9rie Ouro e S\u00e9rie Prata, consagrando um campe\u00e3o por categoria \u2014 totalizando seis t\u00edtulos entregues ao longo do evento. Al\u00e9m das decis\u00f5es em quadra, os atletas campe\u00f5es tamb\u00e9m participaram de sorteios de brindes, que inclu\u00edram desde vouchers de a\u00e7a\u00ed at\u00e9 caixas de som.<\/p>\n\n\n\n<p class=\"has-medium-font-size\">Organizada por S\u00e9rgio Ricardo (Zinh\u00e3o) e Manoel (Crian\u00e7a de Ouro), a competi\u00e7\u00e3o j\u00e1 se consolidou como uma das tradi\u00e7\u00f5es do calend\u00e1rio esportivo da cidade, incentivando a forma\u00e7\u00e3o e o desenvolvimento dos jovens atletas.<\/p>\n\n\n\n<p class=\"has-medium-font-size\"><\/p>\n\n\n\n<p class=\"has-medium-font-size\">Texto e fotos: Erika Lima &#8211; @erikalimaphoto<\/p>\n\n\n\n<figure class=\"wp-block-image\"><img fetchpriority=\"high\" decoding=\"async\" width=\"500\" height=\"333\" src=\"https:\/\/universoesportivo.net\/wp-content\/uploads\/2025\/12\/ameabaixo2.jpg\" alt=\"\" class=\"wp-image-2379\" srcset=\"https:\/\/universoesportivo.net\/wp-content\/uploads\/2025\/12\/ameabaixo2.jpg 500w, https:\/\/universoesportivo.net\/wp-content\/uploads\/2025\/12\/ameabaixo2-300x200.jpg 300w, https:\/\/universoesportivo.net\/wp-content\/uploads\/2025\/12\/ameabaixo2-18x12.jpg 18w\" sizes=\"(max-width: 500px) 100vw, 500px\" \/><\/figure>\n\n\n\n<p><\/p>\n\n\n\n<figure class=\"wp-block-image\"><img decoding=\"async\" width=\"500\" height=\"333\" src=\"https:\/\/universoesportivo.net\/wp-content\/uploads\/2025\/12\/ameabaixo1.jpg\" alt=\"\" class=\"wp-image-2378\" srcset=\"https:\/\/universoesportivo.net\/wp-content\/uploads\/2025\/12\/ameabaixo1.jpg 500w, https:\/\/universoesportivo.net\/wp-content\/uploads\/2025\/12\/ameabaixo1-300x200.jpg 300w, https:\/\/universoesportivo.net\/wp-content\/uploads\/2025\/12\/ameabaixo1-18x12.jpg 18w\" sizes=\"(max-width: 500px) 100vw, 500px\" \/><\/figure>\n","protected":false},"excerpt":{"rendered":"<p>A Copa SMEL chegou \u00e0 sua grande final reunindo sete equipes nas categorias Sub-11, Sub-13 e Sub-14.<\/p>\n","protected":false},"author":2,"featured_media":2376,"comment_status":"closed","ping_status":"closed","sticky":false,"template":"","format":"standard","meta":{"colormag_page_container_layout":"default_layout","colormag_page_sidebar_layout":"default_layout","footnotes":""},"categories":[17,70],"tags":[],"class_list":["post-2375","post","type-post","status-publish","format-standard","has-post-thumbnail","hentry","category-esportes","category-futebol-de-base"],"magazineBlocksPostFeaturedMedia":{"thumbnail":"https:\/\/universoesportivo.net\/wp-content\/uploads\/2025\/12\/Abreaame-150x150.jpg","medium":"https:\/\/universoesportivo.net\/wp-content\/uploads\/2025\/12\/Abreaame-300x200.jpg","medium_large":"https:\/\/universoesportivo.net\/wp-content\/uploads\/2025\/12\/Abreaame.jpg","large":"https:\/\/universoesportivo.net\/wp-content\/uploads\/2025\/12\/Abreaame.jpg","1536x1536":"https:\/\/universoesportivo.net\/wp-content\/uploads\/2025\/12\/Abreaame.jpg","2048x2048":"https:\/\/universoesportivo.net\/wp-content\/uploads\/2025\/12\/Abreaame.jpg","trp-custom-language-flag":"https:\/\/universoesportivo.net\/wp-content\/uploads\/2025\/12\/Abreaame-18x12.jpg","colormag-highlighted-post":"https:\/\/universoesportivo.net\/wp-content\/uploads\/2025\/12\/Abreaame-392x272.jpg","colormag-featured-post-medium":"https:\/\/universoesportivo.net\/wp-content\/uploads\/2025\/12\/Abreaame-390x205.jpg","colormag-featured-post-small":"https:\/\/universoesportivo.net\/wp-content\/uploads\/2025\/12\/Abreaame-130x90.jpg","colormag-featured-image":"https:\/\/universoesportivo.net\/wp-content\/uploads\/2025\/12\/Abreaame.jpg","colormag-default-news":"https:\/\/universoesportivo.net\/wp-content\/uploads\/2025\/12\/Abreaame-150x150.jpg","colormag-featured-image-large":"https:\/\/universoesportivo.net\/wp-content\/uploads\/2025\/12\/Abreaame.jpg","colormag-elementor-block-extra-large-thumbnail":"https:\/\/universoesportivo.net\/wp-content\/uploads\/2025\/12\/Abreaame.jpg","colormag-elementor-grid-large-thumbnail":"https:\/\/universoesportivo.net\/wp-content\/uploads\/2025\/12\/Abreaame.jpg","colormag-elementor-grid-small-thumbnail":"https:\/\/universoesportivo.net\/wp-content\/uploads\/2025\/12\/Abreaame-285x367.jpg","colormag-elementor-grid-medium-large-thumbnail":"https:\/\/universoesportivo.net\/wp-content\/uploads\/2025\/12\/Abreaame-550x198.jpg"},"magazineBlocksPostAuthor":{"name":"Tiago Lotto","avatar":"https:\/\/secure.gravatar.com\/avatar\/fd6891125b3fb6ba0b794cd20c3398d5bb0fa20d2b9963a95f19470e5a6192f7?s=96&d=mm&r=g"},"magazineBlocksPostCommentsNumber":false,"magazineBlocksPostExcerpt":"A Copa SMEL chegou \u00e0 sua grande final reunindo sete equipes nas categorias Sub-11, Sub-13 e Sub-14.","magazineBlocksPostCategories":["ESPORTES","Futebol de base"],"magazineBlocksPostViewCount":41,"magazineBlocksPostReadTime":1,"magazine_blocks_featured_image_url":{"full":["https:\/\/universoesportivo.net\/wp-content\/uploads\/2025\/12\/Abreaame.jpg",550,367,false],"medium":["https:\/\/universoesportivo.net\/wp-content\/uploads\/2025\/12\/Abreaame-300x200.jpg",300,200,true],"thumbnail":["https:\/\/universoesportivo.net\/wp-content\/uploads\/2025\/12\/Abreaame-150x150.jpg",150,150,true]},"magazine_blocks_author":{"display_name":"Tiago Lotto","author_link":"https:\/\/universoesportivo.net\/index.php\/author\/tiago-lotto\/"},"magazine_blocks_comment":0,"magazine_blocks_author_image":"https:\/\/secure.gravatar.com\/avatar\/fd6891125b3fb6ba0b794cd20c3398d5bb0fa20d2b9963a95f19470e5a6192f7?s=96&d=mm&r=g","magazine_blocks_category":"<a href=\"#\" class=\"category-link category-link-17\">ESPORTES<\/a> <a href=\"#\" class=\"category-link category-link-70\">Futebol de base<\/a>","yoast_head":"<!-- This site is optimized with the Yoast SEO plugin v27.4 - https:\/\/yoast.com\/product\/yoast-seo-wordpress\/ -->\n<title>Final da Copa SMEL movimenta categorias de base com sete equipes participantes - Universo Esportivo<\/title>\n<meta name=\"robots\" content=\"index, follow, max-snippet:-1, max-image-preview:large, max-video-preview:-1\" \/>\n<link rel=\"canonical\" href=\"https:\/\/universoesportivo.net\/index.php\/2025\/12\/08\/final-da-copa-smel-movimenta-categorias-de-base-com-sete-equipes-participantes\/\" \/>\n<meta property=\"og:locale\" content=\"pt_BR\" \/>\n<meta property=\"og:type\" content=\"article\" \/>\n<meta property=\"og:title\" content=\"Final da Copa SMEL movimenta categorias de base com sete equipes participantes - Universo Esportivo\" \/>\n<meta property=\"og:description\" content=\"A Copa SMEL chegou \u00e0 sua grande final reunindo sete equipes nas categorias Sub-11, Sub-13 e Sub-14.\" \/>\n<meta property=\"og:url\" content=\"https:\/\/universoesportivo.net\/index.php\/2025\/12\/08\/final-da-copa-smel-movimenta-categorias-de-base-com-sete-equipes-participantes\/\" \/>\n<meta property=\"og:site_name\" content=\"Universo Esportivo\" \/>\n<meta property=\"article:publisher\" content=\"https:\/\/www.facebook.com\/universoesportivo.net\" \/>\n<meta property=\"article:published_time\" content=\"2025-12-08T15:16:25+00:00\" \/>\n<meta property=\"article:modified_time\" content=\"2025-12-08T15:19:58+00:00\" \/>\n<meta property=\"og:image\" content=\"https:\/\/universoesportivo.net\/wp-content\/uploads\/2025\/12\/Abreaame.jpg\" \/>\n\t<meta property=\"og:image:width\" content=\"550\" \/>\n\t<meta property=\"og:image:height\" content=\"367\" \/>\n\t<meta property=\"og:image:type\" content=\"image\/jpeg\" \/>\n<meta name=\"author\" content=\"Tiago Lotto\" \/>\n<meta name=\"twitter:card\" content=\"summary_large_image\" \/>\n<meta name=\"twitter:label1\" content=\"Escrito por\" \/>\n\t<meta name=\"twitter:data1\" content=\"Tiago Lotto\" \/>\n\t<meta name=\"twitter:label2\" content=\"Est. tempo de leitura\" \/>\n\t<meta name=\"twitter:data2\" content=\"2 minutos\" \/>\n<script type=\"application\/ld+json\" class=\"yoast-schema-graph\">{\"@context\":\"https:\\\/\\\/schema.org\",\"@graph\":[{\"@type\":\"Article\",\"@id\":\"https:\\\/\\\/universoesportivo.net\\\/index.php\\\/2025\\\/12\\\/08\\\/final-da-copa-smel-movimenta-categorias-de-base-com-sete-equipes-participantes\\\/#article\",\"isPartOf\":{\"@id\":\"https:\\\/\\\/universoesportivo.net\\\/index.php\\\/2025\\\/12\\\/08\\\/final-da-copa-smel-movimenta-categorias-de-base-com-sete-equipes-participantes\\\/\"},\"author\":{\"name\":\"Tiago Lotto\",\"@id\":\"https:\\\/\\\/universoesportivo.net\\\/#\\\/schema\\\/person\\\/62bc311bc7def56a6bc83711536e74bd\"},\"headline\":\"Final da Copa SMEL movimenta categorias de base com sete equipes participantes\",\"datePublished\":\"2025-12-08T15:16:25+00:00\",\"dateModified\":\"2025-12-08T15:19:58+00:00\",\"mainEntityOfPage\":{\"@id\":\"https:\\\/\\\/universoesportivo.net\\\/index.php\\\/2025\\\/12\\\/08\\\/final-da-copa-smel-movimenta-categorias-de-base-com-sete-equipes-participantes\\\/\"},\"wordCount\":189,\"publisher\":{\"@id\":\"https:\\\/\\\/universoesportivo.net\\\/#organization\"},\"image\":{\"@id\":\"https:\\\/\\\/universoesportivo.net\\\/index.php\\\/2025\\\/12\\\/08\\\/final-da-copa-smel-movimenta-categorias-de-base-com-sete-equipes-participantes\\\/#primaryimage\"},\"thumbnailUrl\":\"https:\\\/\\\/universoesportivo.net\\\/wp-content\\\/uploads\\\/2025\\\/12\\\/Abreaame.jpg\",\"articleSection\":[\"ESPORTES\",\"Futebol de base\"],\"inLanguage\":\"pt-BR\"},{\"@type\":\"WebPage\",\"@id\":\"https:\\\/\\\/universoesportivo.net\\\/index.php\\\/2025\\\/12\\\/08\\\/final-da-copa-smel-movimenta-categorias-de-base-com-sete-equipes-participantes\\\/\",\"url\":\"https:\\\/\\\/universoesportivo.net\\\/index.php\\\/2025\\\/12\\\/08\\\/final-da-copa-smel-movimenta-categorias-de-base-com-sete-equipes-participantes\\\/\",\"name\":\"Final da Copa SMEL movimenta categorias de base com sete equipes participantes - Universo Esportivo\",\"isPartOf\":{\"@id\":\"https:\\\/\\\/universoesportivo.net\\\/#website\"},\"primaryImageOfPage\":{\"@id\":\"https:\\\/\\\/universoesportivo.net\\\/index.php\\\/2025\\\/12\\\/08\\\/final-da-copa-smel-movimenta-categorias-de-base-com-sete-equipes-participantes\\\/#primaryimage\"},\"image\":{\"@id\":\"https:\\\/\\\/universoesportivo.net\\\/index.php\\\/2025\\\/12\\\/08\\\/final-da-copa-smel-movimenta-categorias-de-base-com-sete-equipes-participantes\\\/#primaryimage\"},\"thumbnailUrl\":\"https:\\\/\\\/universoesportivo.net\\\/wp-content\\\/uploads\\\/2025\\\/12\\\/Abreaame.jpg\",\"datePublished\":\"2025-12-08T15:16:25+00:00\",\"dateModified\":\"2025-12-08T15:19:58+00:00\",\"breadcrumb\":{\"@id\":\"https:\\\/\\\/universoesportivo.net\\\/index.php\\\/2025\\\/12\\\/08\\\/final-da-copa-smel-movimenta-categorias-de-base-com-sete-equipes-participantes\\\/#breadcrumb\"},\"inLanguage\":\"pt-BR\",\"potentialAction\":[{\"@type\":\"ReadAction\",\"target\":[\"https:\\\/\\\/universoesportivo.net\\\/index.php\\\/2025\\\/12\\\/08\\\/final-da-copa-smel-movimenta-categorias-de-base-com-sete-equipes-participantes\\\/\"]}]},{\"@type\":\"ImageObject\",\"inLanguage\":\"pt-BR\",\"@id\":\"https:\\\/\\\/universoesportivo.net\\\/index.php\\\/2025\\\/12\\\/08\\\/final-da-copa-smel-movimenta-categorias-de-base-com-sete-equipes-participantes\\\/#primaryimage\",\"url\":\"https:\\\/\\\/universoesportivo.net\\\/wp-content\\\/uploads\\\/2025\\\/12\\\/Abreaame.jpg\",\"contentUrl\":\"https:\\\/\\\/universoesportivo.net\\\/wp-content\\\/uploads\\\/2025\\\/12\\\/Abreaame.jpg\",\"width\":550,\"height\":367},{\"@type\":\"BreadcrumbList\",\"@id\":\"https:\\\/\\\/universoesportivo.net\\\/index.php\\\/2025\\\/12\\\/08\\\/final-da-copa-smel-movimenta-categorias-de-base-com-sete-equipes-participantes\\\/#breadcrumb\",\"itemListElement\":[{\"@type\":\"ListItem\",\"position\":1,\"name\":\"In\u00edcio\",\"item\":\"https:\\\/\\\/universoesportivo.net\\\/\"},{\"@type\":\"ListItem\",\"position\":2,\"name\":\"Final da Copa SMEL movimenta categorias de base com sete equipes participantes\"}]},{\"@type\":\"WebSite\",\"@id\":\"https:\\\/\\\/universoesportivo.net\\\/#website\",\"url\":\"https:\\\/\\\/universoesportivo.net\\\/\",\"name\":\"Universo Esportivo\",\"description\":\"O portal de todas as modalidades esportivas!\",\"publisher\":{\"@id\":\"https:\\\/\\\/universoesportivo.net\\\/#organization\"},\"alternateName\":\"Jornalista Tiago Contador Lotto\",\"potentialAction\":[{\"@type\":\"SearchAction\",\"target\":{\"@type\":\"EntryPoint\",\"urlTemplate\":\"https:\\\/\\\/universoesportivo.net\\\/?s={search_term_string}\"},\"query-input\":{\"@type\":\"PropertyValueSpecification\",\"valueRequired\":true,\"valueName\":\"search_term_string\"}}],\"inLanguage\":\"pt-BR\"},{\"@type\":\"Organization\",\"@id\":\"https:\\\/\\\/universoesportivo.net\\\/#organization\",\"name\":\"Universo Esportivo\",\"alternateName\":\"Tiago Lotto\",\"url\":\"https:\\\/\\\/universoesportivo.net\\\/\",\"logo\":{\"@type\":\"ImageObject\",\"inLanguage\":\"pt-BR\",\"@id\":\"https:\\\/\\\/universoesportivo.net\\\/#\\\/schema\\\/logo\\\/image\\\/\",\"url\":\"https:\\\/\\\/universoesportivo.net\\\/wp-content\\\/uploads\\\/2024\\\/05\\\/cropped-cropped-universo-6.png\",\"contentUrl\":\"https:\\\/\\\/universoesportivo.net\\\/wp-content\\\/uploads\\\/2024\\\/05\\\/cropped-cropped-universo-6.png\",\"width\":413,\"height\":295,\"caption\":\"Universo Esportivo\"},\"image\":{\"@id\":\"https:\\\/\\\/universoesportivo.net\\\/#\\\/schema\\\/logo\\\/image\\\/\"},\"sameAs\":[\"https:\\\/\\\/www.facebook.com\\\/universoesportivo.net\"]},{\"@type\":\"Person\",\"@id\":\"https:\\\/\\\/universoesportivo.net\\\/#\\\/schema\\\/person\\\/62bc311bc7def56a6bc83711536e74bd\",\"name\":\"Tiago Lotto\",\"image\":{\"@type\":\"ImageObject\",\"inLanguage\":\"pt-BR\",\"@id\":\"https:\\\/\\\/secure.gravatar.com\\\/avatar\\\/fd6891125b3fb6ba0b794cd20c3398d5bb0fa20d2b9963a95f19470e5a6192f7?s=96&d=mm&r=g\",\"url\":\"https:\\\/\\\/secure.gravatar.com\\\/avatar\\\/fd6891125b3fb6ba0b794cd20c3398d5bb0fa20d2b9963a95f19470e5a6192f7?s=96&d=mm&r=g\",\"contentUrl\":\"https:\\\/\\\/secure.gravatar.com\\\/avatar\\\/fd6891125b3fb6ba0b794cd20c3398d5bb0fa20d2b9963a95f19470e5a6192f7?s=96&d=mm&r=g\",\"caption\":\"Tiago Lotto\"},\"url\":\"https:\\\/\\\/universoesportivo.net\\\/index.php\\\/author\\\/tiago-lotto\\\/\"}]}<\/script>\n<!-- \/ Yoast SEO plugin. -->","yoast_head_json":{"title":"Final da Copa SMEL movimenta categorias de base com sete equipes participantes - Universo Esportivo","robots":{"index":"index","follow":"follow","max-snippet":"max-snippet:-1","max-image-preview":"max-image-preview:large","max-video-preview":"max-video-preview:-1"},"canonical":"https:\/\/universoesportivo.net\/index.php\/2025\/12\/08\/final-da-copa-smel-movimenta-categorias-de-base-com-sete-equipes-participantes\/","og_locale":"pt_BR","og_type":"article","og_title":"Final da Copa SMEL movimenta categorias de base com sete equipes participantes - Universo Esportivo","og_description":"A Copa SMEL chegou \u00e0 sua grande final reunindo sete equipes nas categorias Sub-11, Sub-13 e Sub-14.","og_url":"https:\/\/universoesportivo.net\/index.php\/2025\/12\/08\/final-da-copa-smel-movimenta-categorias-de-base-com-sete-equipes-participantes\/","og_site_name":"Universo Esportivo","article_publisher":"https:\/\/www.facebook.com\/universoesportivo.net","article_published_time":"2025-12-08T15:16:25+00:00","article_modified_time":"2025-12-08T15:19:58+00:00","og_image":[{"width":550,"height":367,"url":"https:\/\/universoesportivo.net\/wp-content\/uploads\/2025\/12\/Abreaame.jpg","type":"image\/jpeg"}],"author":"Tiago Lotto","twitter_card":"summary_large_image","twitter_misc":{"Escrito por":"Tiago Lotto","Est. tempo de leitura":"2 minutos"},"schema":{"@context":"https:\/\/schema.org","@graph":[{"@type":"Article","@id":"https:\/\/universoesportivo.net\/index.php\/2025\/12\/08\/final-da-copa-smel-movimenta-categorias-de-base-com-sete-equipes-participantes\/#article","isPartOf":{"@id":"https:\/\/universoesportivo.net\/index.php\/2025\/12\/08\/final-da-copa-smel-movimenta-categorias-de-base-com-sete-equipes-participantes\/"},"author":{"name":"Tiago Lotto","@id":"https:\/\/universoesportivo.net\/#\/schema\/person\/62bc311bc7def56a6bc83711536e74bd"},"headline":"Final da Copa SMEL movimenta categorias de base com sete equipes participantes","datePublished":"2025-12-08T15:16:25+00:00","dateModified":"2025-12-08T15:19:58+00:00","mainEntityOfPage":{"@id":"https:\/\/universoesportivo.net\/index.php\/2025\/12\/08\/final-da-copa-smel-movimenta-categorias-de-base-com-sete-equipes-participantes\/"},"wordCount":189,"publisher":{"@id":"https:\/\/universoesportivo.net\/#organization"},"image":{"@id":"https:\/\/universoesportivo.net\/index.php\/2025\/12\/08\/final-da-copa-smel-movimenta-categorias-de-base-com-sete-equipes-participantes\/#primaryimage"},"thumbnailUrl":"https:\/\/universoesportivo.net\/wp-content\/uploads\/2025\/12\/Abreaame.jpg","articleSection":["ESPORTES","Futebol de base"],"inLanguage":"pt-BR"},{"@type":"WebPage","@id":"https:\/\/universoesportivo.net\/index.php\/2025\/12\/08\/final-da-copa-smel-movimenta-categorias-de-base-com-sete-equipes-participantes\/","url":"https:\/\/universoesportivo.net\/index.php\/2025\/12\/08\/final-da-copa-smel-movimenta-categorias-de-base-com-sete-equipes-participantes\/","name":"Final da Copa SMEL movimenta categorias de base com sete equipes participantes - Universo Esportivo","isPartOf":{"@id":"https:\/\/universoesportivo.net\/#website"},"primaryImageOfPage":{"@id":"https:\/\/universoesportivo.net\/index.php\/2025\/12\/08\/final-da-copa-smel-movimenta-categorias-de-base-com-sete-equipes-participantes\/#primaryimage"},"image":{"@id":"https:\/\/universoesportivo.net\/index.php\/2025\/12\/08\/final-da-copa-smel-movimenta-categorias-de-base-com-sete-equipes-participantes\/#primaryimage"},"thumbnailUrl":"https:\/\/universoesportivo.net\/wp-content\/uploads\/2025\/12\/Abreaame.jpg","datePublished":"2025-12-08T15:16:25+00:00","dateModified":"2025-12-08T15:19:58+00:00","breadcrumb":{"@id":"https:\/\/universoesportivo.net\/index.php\/2025\/12\/08\/final-da-copa-smel-movimenta-categorias-de-base-com-sete-equipes-participantes\/#breadcrumb"},"inLanguage":"pt-BR","potentialAction":[{"@type":"ReadAction","target":["https:\/\/universoesportivo.net\/index.php\/2025\/12\/08\/final-da-copa-smel-movimenta-categorias-de-base-com-sete-equipes-participantes\/"]}]},{"@type":"ImageObject","inLanguage":"pt-BR","@id":"https:\/\/universoesportivo.net\/index.php\/2025\/12\/08\/final-da-copa-smel-movimenta-categorias-de-base-com-sete-equipes-participantes\/#primaryimage","url":"https:\/\/universoesportivo.net\/wp-content\/uploads\/2025\/12\/Abreaame.jpg","contentUrl":"https:\/\/universoesportivo.net\/wp-content\/uploads\/2025\/12\/Abreaame.jpg","width":550,"height":367},{"@type":"BreadcrumbList","@id":"https:\/\/universoesportivo.net\/index.php\/2025\/12\/08\/final-da-copa-smel-movimenta-categorias-de-base-com-sete-equipes-participantes\/#breadcrumb","itemListElement":[{"@type":"ListItem","position":1,"name":"In\u00edcio","item":"https:\/\/universoesportivo.net\/"},{"@type":"ListItem","position":2,"name":"Final da Copa SMEL movimenta categorias de base com sete equipes participantes"}]},{"@type":"WebSite","@id":"https:\/\/universoesportivo.net\/#website","url":"https:\/\/universoesportivo.net\/","name":"Universo Esportivo","description":"O portal de todas as modalidades esportivas!","publisher":{"@id":"https:\/\/universoesportivo.net\/#organization"},"alternateName":"Jornalista Tiago Contador Lotto","potentialAction":[{"@type":"SearchAction","target":{"@type":"EntryPoint","urlTemplate":"https:\/\/universoesportivo.net\/?s={search_term_string}"},"query-input":{"@type":"PropertyValueSpecification","valueRequired":true,"valueName":"search_term_string"}}],"inLanguage":"pt-BR"},{"@type":"Organization","@id":"https:\/\/universoesportivo.net\/#organization","name":"Universo Esportivo","alternateName":"Tiago Lotto","url":"https:\/\/universoesportivo.net\/","logo":{"@type":"ImageObject","inLanguage":"pt-BR","@id":"https:\/\/universoesportivo.net\/#\/schema\/logo\/image\/","url":"https:\/\/universoesportivo.net\/wp-content\/uploads\/2024\/05\/cropped-cropped-universo-6.png","contentUrl":"https:\/\/universoesportivo.net\/wp-content\/uploads\/2024\/05\/cropped-cropped-universo-6.png","width":413,"height":295,"caption":"Universo Esportivo"},"image":{"@id":"https:\/\/universoesportivo.net\/#\/schema\/logo\/image\/"},"sameAs":["https:\/\/www.facebook.com\/universoesportivo.net"]},{"@type":"Person","@id":"https:\/\/universoesportivo.net\/#\/schema\/person\/62bc311bc7def56a6bc83711536e74bd","name":"Tiago Lotto","image":{"@type":"ImageObject","inLanguage":"pt-BR","@id":"https:\/\/secure.gravatar.com\/avatar\/fd6891125b3fb6ba0b794cd20c3398d5bb0fa20d2b9963a95f19470e5a6192f7?s=96&d=mm&r=g","url":"https:\/\/secure.gravatar.com\/avatar\/fd6891125b3fb6ba0b794cd20c3398d5bb0fa20d2b9963a95f19470e5a6192f7?s=96&d=mm&r=g","contentUrl":"https:\/\/secure.gravatar.com\/avatar\/fd6891125b3fb6ba0b794cd20c3398d5bb0fa20d2b9963a95f19470e5a6192f7?s=96&d=mm&r=g","caption":"Tiago Lotto"},"url":"https:\/\/universoesportivo.net\/index.php\/author\/tiago-lotto\/"}]}},"jetpack_featured_media_url":"https:\/\/universoesportivo.net\/wp-content\/uploads\/2025\/12\/Abreaame.jpg","_links":{"self":[{"href":"https:\/\/universoesportivo.net\/index.php\/wp-json\/wp\/v2\/posts\/2375","targetHints":{"allow":["GET"]}}],"collection":[{"href":"https:\/\/universoesportivo.net\/index.php\/wp-json\/wp\/v2\/posts"}],"about":[{"href":"https:\/\/universoesportivo.net\/index.php\/wp-json\/wp\/v2\/types\/post"}],"author":[{"embeddable":true,"href":"https:\/\/universoesportivo.net\/index.php\/wp-json\/wp\/v2\/users\/2"}],"replies":[{"embeddable":true,"href":"https:\/\/universoesportivo.net\/index.php\/wp-json\/wp\/v2\/comments?post=2375"}],"version-history":[{"count":3,"href":"https:\/\/universoesportivo.net\/index.php\/wp-json\/wp\/v2\/posts\/2375\/revisions"}],"predecessor-version":[{"id":2381,"href":"https:\/\/universoesportivo.net\/index.php\/wp-json\/wp\/v2\/posts\/2375\/revisions\/2381"}],"wp:featuredmedia":[{"embeddable":true,"href":"https:\/\/universoesportivo.net\/index.php\/wp-json\/wp\/v2\/media\/2376"}],"wp:attachment":[{"href":"https:\/\/universoesportivo.net\/index.php\/wp-json\/wp\/v2\/media?parent=2375"}],"wp:term":[{"taxonomy":"category","embeddable":true,"href":"https:\/\/universoesportivo.net\/index.php\/wp-json\/wp\/v2\/categories?post=2375"},{"taxonomy":"post_tag","embeddable":true,"href":"https:\/\/universoesportivo.net\/index.php\/wp-json\/wp\/v2\/tags?post=2375"}],"curies":[{"name":"wp","href":"https:\/\/api.w.org\/{rel}","templated":true}]}}