{"id":2434,"date":"2025-12-17T18:33:22","date_gmt":"2025-12-17T21:33:22","guid":{"rendered":"https:\/\/universoesportivo.net\/?p=2434"},"modified":"2025-12-18T11:04:55","modified_gmt":"2025-12-18T14:04:55","slug":"fotografo-esportivo-crava-corinthians-campeao-da-copa-do-brasil-2025","status":"publish","type":"post","link":"https:\/\/universoesportivo.net\/index.php\/2025\/12\/17\/fotografo-esportivo-crava-corinthians-campeao-da-copa-do-brasil-2025\/","title":{"rendered":"PALPITE AP\u00d3S AS 18 HORAS &#8211; Fot\u00f3grafo esportivo crava Corinthians campe\u00e3o da Copa do Brasil 2025"},"content":{"rendered":"\n<p class=\"has-medium-font-size\">O fot\u00f3grafo esportivo profissional Cleder Rodrigues Damasceno, no Neneca, aposta no Corinthians campe\u00e3o da Copa do Brasil. Mesmo com o fraco futebol apresentado no primeiro jogo da final, contra o Vasco, Neneca acredita na vit\u00f3ria no Maracan\u00e3. &#8220;Vamos surpreender o esquema t\u00e1tico do t\u00e9cnico Fernando Diniz (do Vasco). Vamos ganhar no Maracan\u00e3 de 3&#215;2&#8221;, comentou o fot\u00f3grafo, que atua na regi\u00e3o noroeste paulista, cobrindo jogos do Mirassol, Novorizontino, Catanduva, entre outras competi\u00e7\u00f5es esportivas.<\/p>\n\n\n\n<p class=\"has-medium-font-size\">Quer conhecer o trabalho do Neneca? Segue ele no Instagram:  <a href=\"http:\/\/@neneca_fotosesportivas\">http:\/\/@neneca_fotosesportivas<\/a><br><\/p>\n\n\n\n<p class=\"has-medium-font-size\">Da Reda\u00e7\u00e3o<\/p>\n\n\n\n<p class=\"has-medium-font-size\">Foto: Divulga\u00e7\u00e3o<\/p>\n","protected":false},"excerpt":{"rendered":"<p>Fot\u00f3grafo profissional da regi\u00e3o noroeste paulista acredita no t\u00edtulo do Tim\u00e3o na Copa do Brasil. Segundo e \u00faltimo jogo ser\u00e1 domingo, dia 21<\/p>\n","protected":false},"author":2,"featured_media":2438,"comment_status":"closed","ping_status":"closed","sticky":false,"template":"","format":"standard","meta":{"colormag_page_container_layout":"default_layout","colormag_page_sidebar_layout":"default_layout","footnotes":""},"categories":[17,43],"tags":[],"class_list":["post-2434","post","type-post","status-publish","format-standard","has-post-thumbnail","hentry","category-esportes","category-futebol"],"magazineBlocksPostFeaturedMedia":{"thumbnail":"https:\/\/universoesportivo.net\/wp-content\/uploads\/2025\/12\/ABRERTONENECA-150x150.jpg","medium":"https:\/\/universoesportivo.net\/wp-content\/uploads\/2025\/12\/ABRERTONENECA-260x300.jpg","medium_large":"https:\/\/universoesportivo.net\/wp-content\/uploads\/2025\/12\/ABRERTONENECA.jpg","large":"https:\/\/universoesportivo.net\/wp-content\/uploads\/2025\/12\/ABRERTONENECA.jpg","1536x1536":"https:\/\/universoesportivo.net\/wp-content\/uploads\/2025\/12\/ABRERTONENECA.jpg","2048x2048":"https:\/\/universoesportivo.net\/wp-content\/uploads\/2025\/12\/ABRERTONENECA.jpg","trp-custom-language-flag":"https:\/\/universoesportivo.net\/wp-content\/uploads\/2025\/12\/ABRERTONENECA-10x12.jpg","colormag-highlighted-post":"https:\/\/universoesportivo.net\/wp-content\/uploads\/2025\/12\/ABRERTONENECA-392x272.jpg","colormag-featured-post-medium":"https:\/\/universoesportivo.net\/wp-content\/uploads\/2025\/12\/ABRERTONENECA-390x205.jpg","colormag-featured-post-small":"https:\/\/universoesportivo.net\/wp-content\/uploads\/2025\/12\/ABRERTONENECA-130x90.jpg","colormag-featured-image":"https:\/\/universoesportivo.net\/wp-content\/uploads\/2025\/12\/ABRERTONENECA-450x445.jpg","colormag-default-news":"https:\/\/universoesportivo.net\/wp-content\/uploads\/2025\/12\/ABRERTONENECA-150x150.jpg","colormag-featured-image-large":"https:\/\/universoesportivo.net\/wp-content\/uploads\/2025\/12\/ABRERTONENECA.jpg","colormag-elementor-block-extra-large-thumbnail":"https:\/\/universoesportivo.net\/wp-content\/uploads\/2025\/12\/ABRERTONENECA-450x480.jpg","colormag-elementor-grid-large-thumbnail":"https:\/\/universoesportivo.net\/wp-content\/uploads\/2025\/12\/ABRERTONENECA-450x417.jpg","colormag-elementor-grid-small-thumbnail":"https:\/\/universoesportivo.net\/wp-content\/uploads\/2025\/12\/ABRERTONENECA-285x450.jpg","colormag-elementor-grid-medium-large-thumbnail":"https:\/\/universoesportivo.net\/wp-content\/uploads\/2025\/12\/ABRERTONENECA-450x198.jpg"},"magazineBlocksPostAuthor":{"name":"Tiago Lotto","avatar":"https:\/\/secure.gravatar.com\/avatar\/fd6891125b3fb6ba0b794cd20c3398d5bb0fa20d2b9963a95f19470e5a6192f7?s=96&d=mm&r=g"},"magazineBlocksPostCommentsNumber":false,"magazineBlocksPostExcerpt":"Fot\u00f3grafo profissional da regi\u00e3o noroeste paulista acredita no t\u00edtulo do Tim\u00e3o na Copa do Brasil. Segundo e \u00faltimo jogo ser\u00e1 domingo, dia 21","magazineBlocksPostCategories":["ESPORTES","Futebol"],"magazineBlocksPostViewCount":38,"magazineBlocksPostReadTime":1,"magazine_blocks_featured_image_url":{"full":["https:\/\/universoesportivo.net\/wp-content\/uploads\/2025\/12\/ABRERTONENECA.jpg",450,519,false],"medium":["https:\/\/universoesportivo.net\/wp-content\/uploads\/2025\/12\/ABRERTONENECA-260x300.jpg",260,300,true],"thumbnail":["https:\/\/universoesportivo.net\/wp-content\/uploads\/2025\/12\/ABRERTONENECA-150x150.jpg",150,150,true]},"magazine_blocks_author":{"display_name":"Tiago Lotto","author_link":"https:\/\/universoesportivo.net\/index.php\/author\/tiago-lotto\/"},"magazine_blocks_comment":0,"magazine_blocks_author_image":"https:\/\/secure.gravatar.com\/avatar\/fd6891125b3fb6ba0b794cd20c3398d5bb0fa20d2b9963a95f19470e5a6192f7?s=96&d=mm&r=g","magazine_blocks_category":"<a href=\"#\" class=\"category-link category-link-17\">ESPORTES<\/a> <a href=\"#\" class=\"category-link category-link-43\">Futebol<\/a>","yoast_head":"<!-- This site is optimized with the Yoast SEO plugin v27.4 - https:\/\/yoast.com\/product\/yoast-seo-wordpress\/ -->\n<title>PALPITE AP\u00d3S AS 18 HORAS - Fot\u00f3grafo esportivo crava Corinthians campe\u00e3o da Copa do Brasil 2025 - Universo Esportivo<\/title>\n<meta name=\"robots\" content=\"index, follow, max-snippet:-1, max-image-preview:large, max-video-preview:-1\" \/>\n<link rel=\"canonical\" href=\"https:\/\/universoesportivo.net\/index.php\/2025\/12\/17\/fotografo-esportivo-crava-corinthians-campeao-da-copa-do-brasil-2025\/\" \/>\n<meta property=\"og:locale\" content=\"pt_BR\" \/>\n<meta property=\"og:type\" content=\"article\" \/>\n<meta property=\"og:title\" content=\"PALPITE AP\u00d3S AS 18 HORAS - Fot\u00f3grafo esportivo crava Corinthians campe\u00e3o da Copa do Brasil 2025 - Universo Esportivo\" \/>\n<meta property=\"og:description\" content=\"Fot\u00f3grafo profissional da regi\u00e3o noroeste paulista acredita no t\u00edtulo do Tim\u00e3o na Copa do Brasil. Segundo e \u00faltimo jogo ser\u00e1 domingo, dia 21\" \/>\n<meta property=\"og:url\" content=\"https:\/\/universoesportivo.net\/index.php\/2025\/12\/17\/fotografo-esportivo-crava-corinthians-campeao-da-copa-do-brasil-2025\/\" \/>\n<meta property=\"og:site_name\" content=\"Universo Esportivo\" \/>\n<meta property=\"article:publisher\" content=\"https:\/\/www.facebook.com\/universoesportivo.net\" \/>\n<meta property=\"article:published_time\" content=\"2025-12-17T21:33:22+00:00\" \/>\n<meta property=\"article:modified_time\" content=\"2025-12-18T14:04:55+00:00\" \/>\n<meta property=\"og:image\" content=\"https:\/\/universoesportivo.net\/wp-content\/uploads\/2025\/12\/ABRERTONENECA.jpg\" \/>\n\t<meta property=\"og:image:width\" content=\"450\" \/>\n\t<meta property=\"og:image:height\" content=\"519\" \/>\n\t<meta property=\"og:image:type\" content=\"image\/jpeg\" \/>\n<meta name=\"author\" content=\"Tiago Lotto\" \/>\n<meta name=\"twitter:card\" content=\"summary_large_image\" \/>\n<meta name=\"twitter:label1\" content=\"Escrito por\" \/>\n\t<meta name=\"twitter:data1\" content=\"Tiago Lotto\" \/>\n\t<meta name=\"twitter:label2\" content=\"Est. tempo de leitura\" \/>\n\t<meta name=\"twitter:data2\" content=\"1 minuto\" \/>\n<script type=\"application\/ld+json\" class=\"yoast-schema-graph\">{\"@context\":\"https:\\\/\\\/schema.org\",\"@graph\":[{\"@type\":\"Article\",\"@id\":\"https:\\\/\\\/universoesportivo.net\\\/index.php\\\/2025\\\/12\\\/17\\\/fotografo-esportivo-crava-corinthians-campeao-da-copa-do-brasil-2025\\\/#article\",\"isPartOf\":{\"@id\":\"https:\\\/\\\/universoesportivo.net\\\/index.php\\\/2025\\\/12\\\/17\\\/fotografo-esportivo-crava-corinthians-campeao-da-copa-do-brasil-2025\\\/\"},\"author\":{\"name\":\"Tiago Lotto\",\"@id\":\"https:\\\/\\\/universoesportivo.net\\\/#\\\/schema\\\/person\\\/62bc311bc7def56a6bc83711536e74bd\"},\"headline\":\"PALPITE AP\u00d3S AS 18 HORAS &#8211; Fot\u00f3grafo esportivo crava Corinthians campe\u00e3o da Copa do Brasil 2025\",\"datePublished\":\"2025-12-17T21:33:22+00:00\",\"dateModified\":\"2025-12-18T14:04:55+00:00\",\"mainEntityOfPage\":{\"@id\":\"https:\\\/\\\/universoesportivo.net\\\/index.php\\\/2025\\\/12\\\/17\\\/fotografo-esportivo-crava-corinthians-campeao-da-copa-do-brasil-2025\\\/\"},\"wordCount\":117,\"publisher\":{\"@id\":\"https:\\\/\\\/universoesportivo.net\\\/#organization\"},\"image\":{\"@id\":\"https:\\\/\\\/universoesportivo.net\\\/index.php\\\/2025\\\/12\\\/17\\\/fotografo-esportivo-crava-corinthians-campeao-da-copa-do-brasil-2025\\\/#primaryimage\"},\"thumbnailUrl\":\"https:\\\/\\\/universoesportivo.net\\\/wp-content\\\/uploads\\\/2025\\\/12\\\/ABRERTONENECA.jpg\",\"articleSection\":[\"ESPORTES\",\"Futebol\"],\"inLanguage\":\"pt-BR\"},{\"@type\":\"WebPage\",\"@id\":\"https:\\\/\\\/universoesportivo.net\\\/index.php\\\/2025\\\/12\\\/17\\\/fotografo-esportivo-crava-corinthians-campeao-da-copa-do-brasil-2025\\\/\",\"url\":\"https:\\\/\\\/universoesportivo.net\\\/index.php\\\/2025\\\/12\\\/17\\\/fotografo-esportivo-crava-corinthians-campeao-da-copa-do-brasil-2025\\\/\",\"name\":\"PALPITE AP\u00d3S AS 18 HORAS - Fot\u00f3grafo esportivo crava Corinthians campe\u00e3o da Copa do Brasil 2025 - Universo Esportivo\",\"isPartOf\":{\"@id\":\"https:\\\/\\\/universoesportivo.net\\\/#website\"},\"primaryImageOfPage\":{\"@id\":\"https:\\\/\\\/universoesportivo.net\\\/index.php\\\/2025\\\/12\\\/17\\\/fotografo-esportivo-crava-corinthians-campeao-da-copa-do-brasil-2025\\\/#primaryimage\"},\"image\":{\"@id\":\"https:\\\/\\\/universoesportivo.net\\\/index.php\\\/2025\\\/12\\\/17\\\/fotografo-esportivo-crava-corinthians-campeao-da-copa-do-brasil-2025\\\/#primaryimage\"},\"thumbnailUrl\":\"https:\\\/\\\/universoesportivo.net\\\/wp-content\\\/uploads\\\/2025\\\/12\\\/ABRERTONENECA.jpg\",\"datePublished\":\"2025-12-17T21:33:22+00:00\",\"dateModified\":\"2025-12-18T14:04:55+00:00\",\"breadcrumb\":{\"@id\":\"https:\\\/\\\/universoesportivo.net\\\/index.php\\\/2025\\\/12\\\/17\\\/fotografo-esportivo-crava-corinthians-campeao-da-copa-do-brasil-2025\\\/#breadcrumb\"},\"inLanguage\":\"pt-BR\",\"potentialAction\":[{\"@type\":\"ReadAction\",\"target\":[\"https:\\\/\\\/universoesportivo.net\\\/index.php\\\/2025\\\/12\\\/17\\\/fotografo-esportivo-crava-corinthians-campeao-da-copa-do-brasil-2025\\\/\"]}]},{\"@type\":\"ImageObject\",\"inLanguage\":\"pt-BR\",\"@id\":\"https:\\\/\\\/universoesportivo.net\\\/index.php\\\/2025\\\/12\\\/17\\\/fotografo-esportivo-crava-corinthians-campeao-da-copa-do-brasil-2025\\\/#primaryimage\",\"url\":\"https:\\\/\\\/universoesportivo.net\\\/wp-content\\\/uploads\\\/2025\\\/12\\\/ABRERTONENECA.jpg\",\"contentUrl\":\"https:\\\/\\\/universoesportivo.net\\\/wp-content\\\/uploads\\\/2025\\\/12\\\/ABRERTONENECA.jpg\",\"width\":450,\"height\":519},{\"@type\":\"BreadcrumbList\",\"@id\":\"https:\\\/\\\/universoesportivo.net\\\/index.php\\\/2025\\\/12\\\/17\\\/fotografo-esportivo-crava-corinthians-campeao-da-copa-do-brasil-2025\\\/#breadcrumb\",\"itemListElement\":[{\"@type\":\"ListItem\",\"position\":1,\"name\":\"In\u00edcio\",\"item\":\"https:\\\/\\\/universoesportivo.net\\\/\"},{\"@type\":\"ListItem\",\"position\":2,\"name\":\"PALPITE AP\u00d3S AS 18 HORAS &#8211; Fot\u00f3grafo esportivo crava Corinthians campe\u00e3o da Copa do Brasil 2025\"}]},{\"@type\":\"WebSite\",\"@id\":\"https:\\\/\\\/universoesportivo.net\\\/#website\",\"url\":\"https:\\\/\\\/universoesportivo.net\\\/\",\"name\":\"Universo Esportivo\",\"description\":\"O portal de todas as modalidades esportivas!\",\"publisher\":{\"@id\":\"https:\\\/\\\/universoesportivo.net\\\/#organization\"},\"alternateName\":\"Jornalista Tiago Contador Lotto\",\"potentialAction\":[{\"@type\":\"SearchAction\",\"target\":{\"@type\":\"EntryPoint\",\"urlTemplate\":\"https:\\\/\\\/universoesportivo.net\\\/?s={search_term_string}\"},\"query-input\":{\"@type\":\"PropertyValueSpecification\",\"valueRequired\":true,\"valueName\":\"search_term_string\"}}],\"inLanguage\":\"pt-BR\"},{\"@type\":\"Organization\",\"@id\":\"https:\\\/\\\/universoesportivo.net\\\/#organization\",\"name\":\"Universo Esportivo\",\"alternateName\":\"Tiago Lotto\",\"url\":\"https:\\\/\\\/universoesportivo.net\\\/\",\"logo\":{\"@type\":\"ImageObject\",\"inLanguage\":\"pt-BR\",\"@id\":\"https:\\\/\\\/universoesportivo.net\\\/#\\\/schema\\\/logo\\\/image\\\/\",\"url\":\"https:\\\/\\\/universoesportivo.net\\\/wp-content\\\/uploads\\\/2024\\\/05\\\/cropped-cropped-universo-6.png\",\"contentUrl\":\"https:\\\/\\\/universoesportivo.net\\\/wp-content\\\/uploads\\\/2024\\\/05\\\/cropped-cropped-universo-6.png\",\"width\":413,\"height\":295,\"caption\":\"Universo Esportivo\"},\"image\":{\"@id\":\"https:\\\/\\\/universoesportivo.net\\\/#\\\/schema\\\/logo\\\/image\\\/\"},\"sameAs\":[\"https:\\\/\\\/www.facebook.com\\\/universoesportivo.net\"]},{\"@type\":\"Person\",\"@id\":\"https:\\\/\\\/universoesportivo.net\\\/#\\\/schema\\\/person\\\/62bc311bc7def56a6bc83711536e74bd\",\"name\":\"Tiago Lotto\",\"image\":{\"@type\":\"ImageObject\",\"inLanguage\":\"pt-BR\",\"@id\":\"https:\\\/\\\/secure.gravatar.com\\\/avatar\\\/fd6891125b3fb6ba0b794cd20c3398d5bb0fa20d2b9963a95f19470e5a6192f7?s=96&d=mm&r=g\",\"url\":\"https:\\\/\\\/secure.gravatar.com\\\/avatar\\\/fd6891125b3fb6ba0b794cd20c3398d5bb0fa20d2b9963a95f19470e5a6192f7?s=96&d=mm&r=g\",\"contentUrl\":\"https:\\\/\\\/secure.gravatar.com\\\/avatar\\\/fd6891125b3fb6ba0b794cd20c3398d5bb0fa20d2b9963a95f19470e5a6192f7?s=96&d=mm&r=g\",\"caption\":\"Tiago Lotto\"},\"url\":\"https:\\\/\\\/universoesportivo.net\\\/index.php\\\/author\\\/tiago-lotto\\\/\"}]}<\/script>\n<!-- \/ Yoast SEO plugin. -->","yoast_head_json":{"title":"PALPITE AP\u00d3S AS 18 HORAS - Fot\u00f3grafo esportivo crava Corinthians campe\u00e3o da Copa do Brasil 2025 - Universo Esportivo","robots":{"index":"index","follow":"follow","max-snippet":"max-snippet:-1","max-image-preview":"max-image-preview:large","max-video-preview":"max-video-preview:-1"},"canonical":"https:\/\/universoesportivo.net\/index.php\/2025\/12\/17\/fotografo-esportivo-crava-corinthians-campeao-da-copa-do-brasil-2025\/","og_locale":"pt_BR","og_type":"article","og_title":"PALPITE AP\u00d3S AS 18 HORAS - Fot\u00f3grafo esportivo crava Corinthians campe\u00e3o da Copa do Brasil 2025 - Universo Esportivo","og_description":"Fot\u00f3grafo profissional da regi\u00e3o noroeste paulista acredita no t\u00edtulo do Tim\u00e3o na Copa do Brasil. Segundo e \u00faltimo jogo ser\u00e1 domingo, dia 21","og_url":"https:\/\/universoesportivo.net\/index.php\/2025\/12\/17\/fotografo-esportivo-crava-corinthians-campeao-da-copa-do-brasil-2025\/","og_site_name":"Universo Esportivo","article_publisher":"https:\/\/www.facebook.com\/universoesportivo.net","article_published_time":"2025-12-17T21:33:22+00:00","article_modified_time":"2025-12-18T14:04:55+00:00","og_image":[{"width":450,"height":519,"url":"https:\/\/universoesportivo.net\/wp-content\/uploads\/2025\/12\/ABRERTONENECA.jpg","type":"image\/jpeg"}],"author":"Tiago Lotto","twitter_card":"summary_large_image","twitter_misc":{"Escrito por":"Tiago Lotto","Est. tempo de leitura":"1 minuto"},"schema":{"@context":"https:\/\/schema.org","@graph":[{"@type":"Article","@id":"https:\/\/universoesportivo.net\/index.php\/2025\/12\/17\/fotografo-esportivo-crava-corinthians-campeao-da-copa-do-brasil-2025\/#article","isPartOf":{"@id":"https:\/\/universoesportivo.net\/index.php\/2025\/12\/17\/fotografo-esportivo-crava-corinthians-campeao-da-copa-do-brasil-2025\/"},"author":{"name":"Tiago Lotto","@id":"https:\/\/universoesportivo.net\/#\/schema\/person\/62bc311bc7def56a6bc83711536e74bd"},"headline":"PALPITE AP\u00d3S AS 18 HORAS &#8211; Fot\u00f3grafo esportivo crava Corinthians campe\u00e3o da Copa do Brasil 2025","datePublished":"2025-12-17T21:33:22+00:00","dateModified":"2025-12-18T14:04:55+00:00","mainEntityOfPage":{"@id":"https:\/\/universoesportivo.net\/index.php\/2025\/12\/17\/fotografo-esportivo-crava-corinthians-campeao-da-copa-do-brasil-2025\/"},"wordCount":117,"publisher":{"@id":"https:\/\/universoesportivo.net\/#organization"},"image":{"@id":"https:\/\/universoesportivo.net\/index.php\/2025\/12\/17\/fotografo-esportivo-crava-corinthians-campeao-da-copa-do-brasil-2025\/#primaryimage"},"thumbnailUrl":"https:\/\/universoesportivo.net\/wp-content\/uploads\/2025\/12\/ABRERTONENECA.jpg","articleSection":["ESPORTES","Futebol"],"inLanguage":"pt-BR"},{"@type":"WebPage","@id":"https:\/\/universoesportivo.net\/index.php\/2025\/12\/17\/fotografo-esportivo-crava-corinthians-campeao-da-copa-do-brasil-2025\/","url":"https:\/\/universoesportivo.net\/index.php\/2025\/12\/17\/fotografo-esportivo-crava-corinthians-campeao-da-copa-do-brasil-2025\/","name":"PALPITE AP\u00d3S AS 18 HORAS - Fot\u00f3grafo esportivo crava Corinthians campe\u00e3o da Copa do Brasil 2025 - Universo Esportivo","isPartOf":{"@id":"https:\/\/universoesportivo.net\/#website"},"primaryImageOfPage":{"@id":"https:\/\/universoesportivo.net\/index.php\/2025\/12\/17\/fotografo-esportivo-crava-corinthians-campeao-da-copa-do-brasil-2025\/#primaryimage"},"image":{"@id":"https:\/\/universoesportivo.net\/index.php\/2025\/12\/17\/fotografo-esportivo-crava-corinthians-campeao-da-copa-do-brasil-2025\/#primaryimage"},"thumbnailUrl":"https:\/\/universoesportivo.net\/wp-content\/uploads\/2025\/12\/ABRERTONENECA.jpg","datePublished":"2025-12-17T21:33:22+00:00","dateModified":"2025-12-18T14:04:55+00:00","breadcrumb":{"@id":"https:\/\/universoesportivo.net\/index.php\/2025\/12\/17\/fotografo-esportivo-crava-corinthians-campeao-da-copa-do-brasil-2025\/#breadcrumb"},"inLanguage":"pt-BR","potentialAction":[{"@type":"ReadAction","target":["https:\/\/universoesportivo.net\/index.php\/2025\/12\/17\/fotografo-esportivo-crava-corinthians-campeao-da-copa-do-brasil-2025\/"]}]},{"@type":"ImageObject","inLanguage":"pt-BR","@id":"https:\/\/universoesportivo.net\/index.php\/2025\/12\/17\/fotografo-esportivo-crava-corinthians-campeao-da-copa-do-brasil-2025\/#primaryimage","url":"https:\/\/universoesportivo.net\/wp-content\/uploads\/2025\/12\/ABRERTONENECA.jpg","contentUrl":"https:\/\/universoesportivo.net\/wp-content\/uploads\/2025\/12\/ABRERTONENECA.jpg","width":450,"height":519},{"@type":"BreadcrumbList","@id":"https:\/\/universoesportivo.net\/index.php\/2025\/12\/17\/fotografo-esportivo-crava-corinthians-campeao-da-copa-do-brasil-2025\/#breadcrumb","itemListElement":[{"@type":"ListItem","position":1,"name":"In\u00edcio","item":"https:\/\/universoesportivo.net\/"},{"@type":"ListItem","position":2,"name":"PALPITE AP\u00d3S AS 18 HORAS &#8211; Fot\u00f3grafo esportivo crava Corinthians campe\u00e3o da Copa do Brasil 2025"}]},{"@type":"WebSite","@id":"https:\/\/universoesportivo.net\/#website","url":"https:\/\/universoesportivo.net\/","name":"Universo Esportivo","description":"O portal de todas as modalidades esportivas!","publisher":{"@id":"https:\/\/universoesportivo.net\/#organization"},"alternateName":"Jornalista Tiago Contador Lotto","potentialAction":[{"@type":"SearchAction","target":{"@type":"EntryPoint","urlTemplate":"https:\/\/universoesportivo.net\/?s={search_term_string}"},"query-input":{"@type":"PropertyValueSpecification","valueRequired":true,"valueName":"search_term_string"}}],"inLanguage":"pt-BR"},{"@type":"Organization","@id":"https:\/\/universoesportivo.net\/#organization","name":"Universo Esportivo","alternateName":"Tiago Lotto","url":"https:\/\/universoesportivo.net\/","logo":{"@type":"ImageObject","inLanguage":"pt-BR","@id":"https:\/\/universoesportivo.net\/#\/schema\/logo\/image\/","url":"https:\/\/universoesportivo.net\/wp-content\/uploads\/2024\/05\/cropped-cropped-universo-6.png","contentUrl":"https:\/\/universoesportivo.net\/wp-content\/uploads\/2024\/05\/cropped-cropped-universo-6.png","width":413,"height":295,"caption":"Universo Esportivo"},"image":{"@id":"https:\/\/universoesportivo.net\/#\/schema\/logo\/image\/"},"sameAs":["https:\/\/www.facebook.com\/universoesportivo.net"]},{"@type":"Person","@id":"https:\/\/universoesportivo.net\/#\/schema\/person\/62bc311bc7def56a6bc83711536e74bd","name":"Tiago Lotto","image":{"@type":"ImageObject","inLanguage":"pt-BR","@id":"https:\/\/secure.gravatar.com\/avatar\/fd6891125b3fb6ba0b794cd20c3398d5bb0fa20d2b9963a95f19470e5a6192f7?s=96&d=mm&r=g","url":"https:\/\/secure.gravatar.com\/avatar\/fd6891125b3fb6ba0b794cd20c3398d5bb0fa20d2b9963a95f19470e5a6192f7?s=96&d=mm&r=g","contentUrl":"https:\/\/secure.gravatar.com\/avatar\/fd6891125b3fb6ba0b794cd20c3398d5bb0fa20d2b9963a95f19470e5a6192f7?s=96&d=mm&r=g","caption":"Tiago Lotto"},"url":"https:\/\/universoesportivo.net\/index.php\/author\/tiago-lotto\/"}]}},"jetpack_featured_media_url":"https:\/\/universoesportivo.net\/wp-content\/uploads\/2025\/12\/ABRERTONENECA.jpg","_links":{"self":[{"href":"https:\/\/universoesportivo.net\/index.php\/wp-json\/wp\/v2\/posts\/2434","targetHints":{"allow":["GET"]}}],"collection":[{"href":"https:\/\/universoesportivo.net\/index.php\/wp-json\/wp\/v2\/posts"}],"about":[{"href":"https:\/\/universoesportivo.net\/index.php\/wp-json\/wp\/v2\/types\/post"}],"author":[{"embeddable":true,"href":"https:\/\/universoesportivo.net\/index.php\/wp-json\/wp\/v2\/users\/2"}],"replies":[{"embeddable":true,"href":"https:\/\/universoesportivo.net\/index.php\/wp-json\/wp\/v2\/comments?post=2434"}],"version-history":[{"count":2,"href":"https:\/\/universoesportivo.net\/index.php\/wp-json\/wp\/v2\/posts\/2434\/revisions"}],"predecessor-version":[{"id":2437,"href":"https:\/\/universoesportivo.net\/index.php\/wp-json\/wp\/v2\/posts\/2434\/revisions\/2437"}],"wp:featuredmedia":[{"embeddable":true,"href":"https:\/\/universoesportivo.net\/index.php\/wp-json\/wp\/v2\/media\/2438"}],"wp:attachment":[{"href":"https:\/\/universoesportivo.net\/index.php\/wp-json\/wp\/v2\/media?parent=2434"}],"wp:term":[{"taxonomy":"category","embeddable":true,"href":"https:\/\/universoesportivo.net\/index.php\/wp-json\/wp\/v2\/categories?post=2434"},{"taxonomy":"post_tag","embeddable":true,"href":"https:\/\/universoesportivo.net\/index.php\/wp-json\/wp\/v2\/tags?post=2434"}],"curies":[{"name":"wp","href":"https:\/\/api.w.org\/{rel}","templated":true}]}}