{"id":2450,"date":"2025-12-20T12:48:11","date_gmt":"2025-12-20T15:48:11","guid":{"rendered":"https:\/\/universoesportivo.net\/?p=2450"},"modified":"2025-12-20T12:49:22","modified_gmt":"2025-12-20T15:49:22","slug":"60-atletas-do-basquete-feminino-de-catanduva-buscam-apoio-para-representar-o-brasil-no-panamericano-de-el-salvador-2026","status":"publish","type":"post","link":"https:\/\/universoesportivo.net\/index.php\/2025\/12\/20\/60-atletas-do-basquete-feminino-de-catanduva-buscam-apoio-para-representar-o-brasil-no-panamericano-de-el-salvador-2026\/","title":{"rendered":"60+: Atletas do basquete feminino de Catanduva buscam apoio para representar o Brasil no Panamericano de El Salvador 2026"},"content":{"rendered":"\n<p class=\"has-medium-font-size\">Duas atletas do basquete feminino de Catanduva foram convocadas para integrar a Sele\u00e7\u00e3o Brasileira Master que vai representar o Brasil no XIII Campeonato Panamericano de Maxibasquetebol.<\/p>\n\n\n\n<p class=\"has-medium-font-size\">Mirlei Dotto e Regina C\u00e9lia Gomes Domingues da Silva, a C\u00e9linha, ambas com 61 anos, fazem parte do grupo que vai para El Salvador. A competi\u00e7\u00e3o internacional ser\u00e1 de 20 de fevereiro a 01 de mar\u00e7o de 2026. Mirlei e C\u00e9linha s\u00e3o da Categoria 60+ (atletas acima de 60 anos de idade).<\/p>\n\n\n\n<p class=\"has-medium-font-size\">Ex-atletas profissionais, Mirlei e Celinha jogaram pelo extinto Clube Recreativo Higien\u00f3polis (CRH), na equipe que foi destaque nacional da d\u00e9cada de 1980. As atletas e amigas fizeram parte do elenco campe\u00e3o estadual e brasileiro, com Hort\u00eancia, Ilza, Cristina, Virg\u00ednia, Selma, Ione, Vilma, Regina, Silvia, Sumaia, Salma, entre outras jogadoras renomadas.<\/p>\n\n\n\n<p class=\"has-medium-font-size\">Antes, por\u00e9m, traziam t\u00edtulos pelo CRH nas categorias de base, sendo campe\u00e3s estadual e nacional nas categorias Mini Mirim, Mirim, Infantil e Juvenil. Foram, ainda, campe\u00e3s dos Jogos Regionais e Jogos Abertos por Catanduva.<\/p>\n\n\n\n<p class=\"has-medium-font-size\">Al\u00e9m do CRH, Mirlei jogou profissionalmente no Minercal, ao lado das lendas do basquete feminino Branca, Hort\u00eancia e Joyce. Pela base da sele\u00e7\u00e3o brasileira, foi campe\u00e3 dos Jogos Panamericanos nos Estados Unidos, campe\u00e3 do Sulamericano na Col\u00f4mbia, do Mundial na R\u00fassia.<\/p>\n\n\n\n<p class=\"has-medium-font-size\">Mirlei parou de jogar na d\u00e9cada de 1980 e retornou com 37 anos &#8211; como atleta master. Em 2017, passou a disputar Regionais e Estaduais.<\/p>\n\n\n\n<p class=\"has-medium-font-size\">Celinha ficou afastada das quadras por 40 anos, retornando em 2023 onde j\u00e1 participou de campeonatos e diversos amistosos, representando o CTC &#8211; Clube de T\u00eanis de Catanduva e a equipe de Basquete Master do Paran\u00e1.<\/p>\n\n\n\n<p class=\"has-medium-font-size\">Mirlei e Celinha pelo time master do Clube de T\u00eanis Catanduva (CTC), participaram do Campeonato Internacional de Clubes de 2023, ocorrido em Santos.<br>O CTC foi campe\u00e3o das categorias 50+ e 60+. Em 2025, sagrou-se bi-campe\u00e3 em Santos, ap\u00f3s conquistar o t\u00edtulo do Campeonato Internacional de Clubes \u2013 categoria 60+.<\/p>\n\n\n\n<p class=\"has-medium-font-size\">Mirlei e Celinha tamb\u00e9m fazem parte da sele\u00e7\u00e3o Master 60+ do Paran\u00e1 e foram convocada para Sele\u00e7\u00e3o Brasileira Master 60+, onde participaram do 17\u00ba Campeonato Mundial de Maxibasketball da FIMBA em Ticino, Su\u00ed\u00e7a de 27 de Junho a 06 de Julho de 2025.<\/p>\n\n\n\n<p class=\"has-medium-font-size\">As atletas agora est\u00e3o em prepara\u00e7\u00e3o para disputar o Pan Americano em El Salvador e procurando por patroc\u00ednio.<\/p>\n\n\n\n<p class=\"has-medium-font-size\">VENDA DE CAMISETAS \u2013 Visando angariar recursos para se deslocar at\u00e9 El Salvador, Mirlei e Celinha est\u00e3o vendendo camisetas da Sele\u00e7\u00e3o Brasileira de Basquete Feminino Master. Cada camiseta custa R$ 65,00 e os interessados podem chamar no WhatsApp (17) 99771-5688.<\/p>\n\n\n\n<p class=\"has-medium-font-size\">O valor da venda das camisetas ser\u00e1 revertido para passagens e hospedagens em El Salvador.<\/p>\n\n\n\n<p class=\"has-medium-font-size\">\u201cA venda da camiseta \u00e9 a nossa esperan\u00e7a para representar o Brasil nos Jogos Panamericanos. Tamb\u00e9m estamos procurando por patrocinadores e apoiadores, que poder\u00e3o colocar suas logomarcas em nossos uniformes\u201d, explicou Celinha. <\/p>\n\n\n\n<p class=\"has-medium-font-size\">Segue, abaixo, modelos das camisetas que est\u00e3o a venda.<\/p>\n\n\n\n<p class=\"has-medium-font-size\"><\/p>\n\n\n\n<p class=\"has-medium-font-size\">Da Reda\u00e7\u00e3o &#8211; Universo Esportivo<\/p>\n\n\n\n<p class=\"has-medium-font-size\">Foto e imagens: Divulga\u00e7\u00e3o<\/p>\n\n\n\n<figure class=\"wp-block-image\"><img fetchpriority=\"high\" decoding=\"async\" width=\"400\" height=\"270\" src=\"https:\/\/universoesportivo.net\/wp-content\/uploads\/2025\/12\/azulabaixo.jpg\" alt=\"\" class=\"wp-image-2452\" srcset=\"https:\/\/universoesportivo.net\/wp-content\/uploads\/2025\/12\/azulabaixo.jpg 400w, https:\/\/universoesportivo.net\/wp-content\/uploads\/2025\/12\/azulabaixo-300x203.jpg 300w, https:\/\/universoesportivo.net\/wp-content\/uploads\/2025\/12\/azulabaixo-18x12.jpg 18w\" sizes=\"(max-width: 400px) 100vw, 400px\" \/><\/figure>\n\n\n\n<figure class=\"wp-block-image\"><img decoding=\"async\" width=\"400\" height=\"270\" src=\"https:\/\/universoesportivo.net\/wp-content\/uploads\/2025\/12\/amareloabaixo.jpg\" alt=\"\" class=\"wp-image-2453\" srcset=\"https:\/\/universoesportivo.net\/wp-content\/uploads\/2025\/12\/amareloabaixo.jpg 400w, https:\/\/universoesportivo.net\/wp-content\/uploads\/2025\/12\/amareloabaixo-300x203.jpg 300w, https:\/\/universoesportivo.net\/wp-content\/uploads\/2025\/12\/amareloabaixo-18x12.jpg 18w\" sizes=\"(max-width: 400px) 100vw, 400px\" \/><\/figure>\n","protected":false},"excerpt":{"rendered":"<p>Celinha (de azul) e Mirlei seguem treinando para representar o Brasil na categoria 60+ da sele\u00e7\u00e3o brasileira de basquete feminino.<\/p>\n","protected":false},"author":2,"featured_media":2451,"comment_status":"closed","ping_status":"closed","sticky":false,"template":"","format":"standard","meta":{"colormag_page_container_layout":"default_layout","colormag_page_sidebar_layout":"default_layout","footnotes":""},"categories":[51,17],"tags":[],"class_list":["post-2450","post","type-post","status-publish","format-standard","has-post-thumbnail","hentry","category-basquete","category-esportes"],"magazineBlocksPostFeaturedMedia":{"thumbnail":"https:\/\/universoesportivo.net\/wp-content\/uploads\/2025\/12\/abreatletasbasq-150x150.jpg","medium":"https:\/\/universoesportivo.net\/wp-content\/uploads\/2025\/12\/abreatletasbasq-300x215.jpg","medium_large":"https:\/\/universoesportivo.net\/wp-content\/uploads\/2025\/12\/abreatletasbasq.jpg","large":"https:\/\/universoesportivo.net\/wp-content\/uploads\/2025\/12\/abreatletasbasq.jpg","1536x1536":"https:\/\/universoesportivo.net\/wp-content\/uploads\/2025\/12\/abreatletasbasq.jpg","2048x2048":"https:\/\/universoesportivo.net\/wp-content\/uploads\/2025\/12\/abreatletasbasq.jpg","trp-custom-language-flag":"https:\/\/universoesportivo.net\/wp-content\/uploads\/2025\/12\/abreatletasbasq-18x12.jpg","colormag-highlighted-post":"https:\/\/universoesportivo.net\/wp-content\/uploads\/2025\/12\/abreatletasbasq-392x272.jpg","colormag-featured-post-medium":"https:\/\/universoesportivo.net\/wp-content\/uploads\/2025\/12\/abreatletasbasq-390x205.jpg","colormag-featured-post-small":"https:\/\/universoesportivo.net\/wp-content\/uploads\/2025\/12\/abreatletasbasq-130x90.jpg","colormag-featured-image":"https:\/\/universoesportivo.net\/wp-content\/uploads\/2025\/12\/abreatletasbasq.jpg","colormag-default-news":"https:\/\/universoesportivo.net\/wp-content\/uploads\/2025\/12\/abreatletasbasq-150x150.jpg","colormag-featured-image-large":"https:\/\/universoesportivo.net\/wp-content\/uploads\/2025\/12\/abreatletasbasq.jpg","colormag-elementor-block-extra-large-thumbnail":"https:\/\/universoesportivo.net\/wp-content\/uploads\/2025\/12\/abreatletasbasq.jpg","colormag-elementor-grid-large-thumbnail":"https:\/\/universoesportivo.net\/wp-content\/uploads\/2025\/12\/abreatletasbasq.jpg","colormag-elementor-grid-small-thumbnail":"https:\/\/universoesportivo.net\/wp-content\/uploads\/2025\/12\/abreatletasbasq-285x322.jpg","colormag-elementor-grid-medium-large-thumbnail":"https:\/\/universoesportivo.net\/wp-content\/uploads\/2025\/12\/abreatletasbasq-450x198.jpg"},"magazineBlocksPostAuthor":{"name":"Tiago Lotto","avatar":"https:\/\/secure.gravatar.com\/avatar\/fd6891125b3fb6ba0b794cd20c3398d5bb0fa20d2b9963a95f19470e5a6192f7?s=96&d=mm&r=g"},"magazineBlocksPostCommentsNumber":false,"magazineBlocksPostExcerpt":"Celinha (de azul) e Mirlei seguem treinando para representar o Brasil na categoria 60+ da sele\u00e7\u00e3o brasileira de basquete feminino.","magazineBlocksPostCategories":["Basquete","ESPORTES"],"magazineBlocksPostViewCount":55,"magazineBlocksPostReadTime":3,"magazine_blocks_featured_image_url":{"full":["https:\/\/universoesportivo.net\/wp-content\/uploads\/2025\/12\/abreatletasbasq.jpg",450,322,false],"medium":["https:\/\/universoesportivo.net\/wp-content\/uploads\/2025\/12\/abreatletasbasq-300x215.jpg",300,215,true],"thumbnail":["https:\/\/universoesportivo.net\/wp-content\/uploads\/2025\/12\/abreatletasbasq-150x150.jpg",150,150,true]},"magazine_blocks_author":{"display_name":"Tiago Lotto","author_link":"https:\/\/universoesportivo.net\/index.php\/author\/tiago-lotto\/"},"magazine_blocks_comment":0,"magazine_blocks_author_image":"https:\/\/secure.gravatar.com\/avatar\/fd6891125b3fb6ba0b794cd20c3398d5bb0fa20d2b9963a95f19470e5a6192f7?s=96&d=mm&r=g","magazine_blocks_category":"<a href=\"#\" class=\"category-link category-link-51\">Basquete<\/a> <a href=\"#\" class=\"category-link category-link-17\">ESPORTES<\/a>","yoast_head":"<!-- This site is optimized with the Yoast SEO plugin v27.4 - https:\/\/yoast.com\/product\/yoast-seo-wordpress\/ -->\n<title>60+: Atletas do basquete feminino de Catanduva buscam apoio para representar o Brasil no Panamericano de El Salvador 2026 - Universo Esportivo<\/title>\n<meta name=\"robots\" content=\"index, follow, max-snippet:-1, max-image-preview:large, max-video-preview:-1\" \/>\n<link rel=\"canonical\" href=\"https:\/\/universoesportivo.net\/index.php\/2025\/12\/20\/60-atletas-do-basquete-feminino-de-catanduva-buscam-apoio-para-representar-o-brasil-no-panamericano-de-el-salvador-2026\/\" \/>\n<meta property=\"og:locale\" content=\"pt_BR\" \/>\n<meta property=\"og:type\" content=\"article\" \/>\n<meta property=\"og:title\" content=\"60+: Atletas do basquete feminino de Catanduva buscam apoio para representar o Brasil no Panamericano de El Salvador 2026 - Universo Esportivo\" \/>\n<meta property=\"og:description\" content=\"Celinha (de azul) e Mirlei seguem treinando para representar o Brasil na categoria 60+ da sele\u00e7\u00e3o brasileira de basquete feminino.\" \/>\n<meta property=\"og:url\" content=\"https:\/\/universoesportivo.net\/index.php\/2025\/12\/20\/60-atletas-do-basquete-feminino-de-catanduva-buscam-apoio-para-representar-o-brasil-no-panamericano-de-el-salvador-2026\/\" \/>\n<meta property=\"og:site_name\" content=\"Universo Esportivo\" \/>\n<meta property=\"article:publisher\" content=\"https:\/\/www.facebook.com\/universoesportivo.net\" \/>\n<meta property=\"article:published_time\" content=\"2025-12-20T15:48:11+00:00\" \/>\n<meta property=\"article:modified_time\" content=\"2025-12-20T15:49:22+00:00\" \/>\n<meta property=\"og:image\" content=\"https:\/\/universoesportivo.net\/wp-content\/uploads\/2025\/12\/abreatletasbasq.jpg\" \/>\n\t<meta property=\"og:image:width\" content=\"450\" \/>\n\t<meta property=\"og:image:height\" content=\"322\" \/>\n\t<meta property=\"og:image:type\" content=\"image\/jpeg\" \/>\n<meta name=\"author\" content=\"Tiago Lotto\" \/>\n<meta name=\"twitter:card\" content=\"summary_large_image\" \/>\n<meta name=\"twitter:label1\" content=\"Escrito por\" \/>\n\t<meta name=\"twitter:data1\" content=\"Tiago Lotto\" \/>\n\t<meta name=\"twitter:label2\" content=\"Est. tempo de leitura\" \/>\n\t<meta name=\"twitter:data2\" content=\"4 minutos\" \/>\n<script type=\"application\/ld+json\" class=\"yoast-schema-graph\">{\"@context\":\"https:\\\/\\\/schema.org\",\"@graph\":[{\"@type\":\"Article\",\"@id\":\"https:\\\/\\\/universoesportivo.net\\\/index.php\\\/2025\\\/12\\\/20\\\/60-atletas-do-basquete-feminino-de-catanduva-buscam-apoio-para-representar-o-brasil-no-panamericano-de-el-salvador-2026\\\/#article\",\"isPartOf\":{\"@id\":\"https:\\\/\\\/universoesportivo.net\\\/index.php\\\/2025\\\/12\\\/20\\\/60-atletas-do-basquete-feminino-de-catanduva-buscam-apoio-para-representar-o-brasil-no-panamericano-de-el-salvador-2026\\\/\"},\"author\":{\"name\":\"Tiago Lotto\",\"@id\":\"https:\\\/\\\/universoesportivo.net\\\/#\\\/schema\\\/person\\\/62bc311bc7def56a6bc83711536e74bd\"},\"headline\":\"60+: Atletas do basquete feminino de Catanduva buscam apoio para representar o Brasil no Panamericano de El Salvador 2026\",\"datePublished\":\"2025-12-20T15:48:11+00:00\",\"dateModified\":\"2025-12-20T15:49:22+00:00\",\"mainEntityOfPage\":{\"@id\":\"https:\\\/\\\/universoesportivo.net\\\/index.php\\\/2025\\\/12\\\/20\\\/60-atletas-do-basquete-feminino-de-catanduva-buscam-apoio-para-representar-o-brasil-no-panamericano-de-el-salvador-2026\\\/\"},\"wordCount\":511,\"publisher\":{\"@id\":\"https:\\\/\\\/universoesportivo.net\\\/#organization\"},\"image\":{\"@id\":\"https:\\\/\\\/universoesportivo.net\\\/index.php\\\/2025\\\/12\\\/20\\\/60-atletas-do-basquete-feminino-de-catanduva-buscam-apoio-para-representar-o-brasil-no-panamericano-de-el-salvador-2026\\\/#primaryimage\"},\"thumbnailUrl\":\"https:\\\/\\\/universoesportivo.net\\\/wp-content\\\/uploads\\\/2025\\\/12\\\/abreatletasbasq.jpg\",\"articleSection\":[\"Basquete\",\"ESPORTES\"],\"inLanguage\":\"pt-BR\"},{\"@type\":\"WebPage\",\"@id\":\"https:\\\/\\\/universoesportivo.net\\\/index.php\\\/2025\\\/12\\\/20\\\/60-atletas-do-basquete-feminino-de-catanduva-buscam-apoio-para-representar-o-brasil-no-panamericano-de-el-salvador-2026\\\/\",\"url\":\"https:\\\/\\\/universoesportivo.net\\\/index.php\\\/2025\\\/12\\\/20\\\/60-atletas-do-basquete-feminino-de-catanduva-buscam-apoio-para-representar-o-brasil-no-panamericano-de-el-salvador-2026\\\/\",\"name\":\"60+: Atletas do basquete feminino de Catanduva buscam apoio para representar o Brasil no Panamericano de El Salvador 2026 - Universo Esportivo\",\"isPartOf\":{\"@id\":\"https:\\\/\\\/universoesportivo.net\\\/#website\"},\"primaryImageOfPage\":{\"@id\":\"https:\\\/\\\/universoesportivo.net\\\/index.php\\\/2025\\\/12\\\/20\\\/60-atletas-do-basquete-feminino-de-catanduva-buscam-apoio-para-representar-o-brasil-no-panamericano-de-el-salvador-2026\\\/#primaryimage\"},\"image\":{\"@id\":\"https:\\\/\\\/universoesportivo.net\\\/index.php\\\/2025\\\/12\\\/20\\\/60-atletas-do-basquete-feminino-de-catanduva-buscam-apoio-para-representar-o-brasil-no-panamericano-de-el-salvador-2026\\\/#primaryimage\"},\"thumbnailUrl\":\"https:\\\/\\\/universoesportivo.net\\\/wp-content\\\/uploads\\\/2025\\\/12\\\/abreatletasbasq.jpg\",\"datePublished\":\"2025-12-20T15:48:11+00:00\",\"dateModified\":\"2025-12-20T15:49:22+00:00\",\"breadcrumb\":{\"@id\":\"https:\\\/\\\/universoesportivo.net\\\/index.php\\\/2025\\\/12\\\/20\\\/60-atletas-do-basquete-feminino-de-catanduva-buscam-apoio-para-representar-o-brasil-no-panamericano-de-el-salvador-2026\\\/#breadcrumb\"},\"inLanguage\":\"pt-BR\",\"potentialAction\":[{\"@type\":\"ReadAction\",\"target\":[\"https:\\\/\\\/universoesportivo.net\\\/index.php\\\/2025\\\/12\\\/20\\\/60-atletas-do-basquete-feminino-de-catanduva-buscam-apoio-para-representar-o-brasil-no-panamericano-de-el-salvador-2026\\\/\"]}]},{\"@type\":\"ImageObject\",\"inLanguage\":\"pt-BR\",\"@id\":\"https:\\\/\\\/universoesportivo.net\\\/index.php\\\/2025\\\/12\\\/20\\\/60-atletas-do-basquete-feminino-de-catanduva-buscam-apoio-para-representar-o-brasil-no-panamericano-de-el-salvador-2026\\\/#primaryimage\",\"url\":\"https:\\\/\\\/universoesportivo.net\\\/wp-content\\\/uploads\\\/2025\\\/12\\\/abreatletasbasq.jpg\",\"contentUrl\":\"https:\\\/\\\/universoesportivo.net\\\/wp-content\\\/uploads\\\/2025\\\/12\\\/abreatletasbasq.jpg\",\"width\":450,\"height\":322},{\"@type\":\"BreadcrumbList\",\"@id\":\"https:\\\/\\\/universoesportivo.net\\\/index.php\\\/2025\\\/12\\\/20\\\/60-atletas-do-basquete-feminino-de-catanduva-buscam-apoio-para-representar-o-brasil-no-panamericano-de-el-salvador-2026\\\/#breadcrumb\",\"itemListElement\":[{\"@type\":\"ListItem\",\"position\":1,\"name\":\"In\u00edcio\",\"item\":\"https:\\\/\\\/universoesportivo.net\\\/\"},{\"@type\":\"ListItem\",\"position\":2,\"name\":\"60+: Atletas do basquete feminino de Catanduva buscam apoio para representar o Brasil no Panamericano de El Salvador 2026\"}]},{\"@type\":\"WebSite\",\"@id\":\"https:\\\/\\\/universoesportivo.net\\\/#website\",\"url\":\"https:\\\/\\\/universoesportivo.net\\\/\",\"name\":\"Universo Esportivo\",\"description\":\"O portal de todas as modalidades esportivas!\",\"publisher\":{\"@id\":\"https:\\\/\\\/universoesportivo.net\\\/#organization\"},\"alternateName\":\"Jornalista Tiago Contador Lotto\",\"potentialAction\":[{\"@type\":\"SearchAction\",\"target\":{\"@type\":\"EntryPoint\",\"urlTemplate\":\"https:\\\/\\\/universoesportivo.net\\\/?s={search_term_string}\"},\"query-input\":{\"@type\":\"PropertyValueSpecification\",\"valueRequired\":true,\"valueName\":\"search_term_string\"}}],\"inLanguage\":\"pt-BR\"},{\"@type\":\"Organization\",\"@id\":\"https:\\\/\\\/universoesportivo.net\\\/#organization\",\"name\":\"Universo Esportivo\",\"alternateName\":\"Tiago Lotto\",\"url\":\"https:\\\/\\\/universoesportivo.net\\\/\",\"logo\":{\"@type\":\"ImageObject\",\"inLanguage\":\"pt-BR\",\"@id\":\"https:\\\/\\\/universoesportivo.net\\\/#\\\/schema\\\/logo\\\/image\\\/\",\"url\":\"https:\\\/\\\/universoesportivo.net\\\/wp-content\\\/uploads\\\/2024\\\/05\\\/cropped-cropped-universo-6.png\",\"contentUrl\":\"https:\\\/\\\/universoesportivo.net\\\/wp-content\\\/uploads\\\/2024\\\/05\\\/cropped-cropped-universo-6.png\",\"width\":413,\"height\":295,\"caption\":\"Universo Esportivo\"},\"image\":{\"@id\":\"https:\\\/\\\/universoesportivo.net\\\/#\\\/schema\\\/logo\\\/image\\\/\"},\"sameAs\":[\"https:\\\/\\\/www.facebook.com\\\/universoesportivo.net\"]},{\"@type\":\"Person\",\"@id\":\"https:\\\/\\\/universoesportivo.net\\\/#\\\/schema\\\/person\\\/62bc311bc7def56a6bc83711536e74bd\",\"name\":\"Tiago Lotto\",\"image\":{\"@type\":\"ImageObject\",\"inLanguage\":\"pt-BR\",\"@id\":\"https:\\\/\\\/secure.gravatar.com\\\/avatar\\\/fd6891125b3fb6ba0b794cd20c3398d5bb0fa20d2b9963a95f19470e5a6192f7?s=96&d=mm&r=g\",\"url\":\"https:\\\/\\\/secure.gravatar.com\\\/avatar\\\/fd6891125b3fb6ba0b794cd20c3398d5bb0fa20d2b9963a95f19470e5a6192f7?s=96&d=mm&r=g\",\"contentUrl\":\"https:\\\/\\\/secure.gravatar.com\\\/avatar\\\/fd6891125b3fb6ba0b794cd20c3398d5bb0fa20d2b9963a95f19470e5a6192f7?s=96&d=mm&r=g\",\"caption\":\"Tiago Lotto\"},\"url\":\"https:\\\/\\\/universoesportivo.net\\\/index.php\\\/author\\\/tiago-lotto\\\/\"}]}<\/script>\n<!-- \/ Yoast SEO plugin. -->","yoast_head_json":{"title":"60+: Atletas do basquete feminino de Catanduva buscam apoio para representar o Brasil no Panamericano de El Salvador 2026 - Universo Esportivo","robots":{"index":"index","follow":"follow","max-snippet":"max-snippet:-1","max-image-preview":"max-image-preview:large","max-video-preview":"max-video-preview:-1"},"canonical":"https:\/\/universoesportivo.net\/index.php\/2025\/12\/20\/60-atletas-do-basquete-feminino-de-catanduva-buscam-apoio-para-representar-o-brasil-no-panamericano-de-el-salvador-2026\/","og_locale":"pt_BR","og_type":"article","og_title":"60+: Atletas do basquete feminino de Catanduva buscam apoio para representar o Brasil no Panamericano de El Salvador 2026 - Universo Esportivo","og_description":"Celinha (de azul) e Mirlei seguem treinando para representar o Brasil na categoria 60+ da sele\u00e7\u00e3o brasileira de basquete feminino.","og_url":"https:\/\/universoesportivo.net\/index.php\/2025\/12\/20\/60-atletas-do-basquete-feminino-de-catanduva-buscam-apoio-para-representar-o-brasil-no-panamericano-de-el-salvador-2026\/","og_site_name":"Universo Esportivo","article_publisher":"https:\/\/www.facebook.com\/universoesportivo.net","article_published_time":"2025-12-20T15:48:11+00:00","article_modified_time":"2025-12-20T15:49:22+00:00","og_image":[{"width":450,"height":322,"url":"https:\/\/universoesportivo.net\/wp-content\/uploads\/2025\/12\/abreatletasbasq.jpg","type":"image\/jpeg"}],"author":"Tiago Lotto","twitter_card":"summary_large_image","twitter_misc":{"Escrito por":"Tiago Lotto","Est. tempo de leitura":"4 minutos"},"schema":{"@context":"https:\/\/schema.org","@graph":[{"@type":"Article","@id":"https:\/\/universoesportivo.net\/index.php\/2025\/12\/20\/60-atletas-do-basquete-feminino-de-catanduva-buscam-apoio-para-representar-o-brasil-no-panamericano-de-el-salvador-2026\/#article","isPartOf":{"@id":"https:\/\/universoesportivo.net\/index.php\/2025\/12\/20\/60-atletas-do-basquete-feminino-de-catanduva-buscam-apoio-para-representar-o-brasil-no-panamericano-de-el-salvador-2026\/"},"author":{"name":"Tiago Lotto","@id":"https:\/\/universoesportivo.net\/#\/schema\/person\/62bc311bc7def56a6bc83711536e74bd"},"headline":"60+: Atletas do basquete feminino de Catanduva buscam apoio para representar o Brasil no Panamericano de El Salvador 2026","datePublished":"2025-12-20T15:48:11+00:00","dateModified":"2025-12-20T15:49:22+00:00","mainEntityOfPage":{"@id":"https:\/\/universoesportivo.net\/index.php\/2025\/12\/20\/60-atletas-do-basquete-feminino-de-catanduva-buscam-apoio-para-representar-o-brasil-no-panamericano-de-el-salvador-2026\/"},"wordCount":511,"publisher":{"@id":"https:\/\/universoesportivo.net\/#organization"},"image":{"@id":"https:\/\/universoesportivo.net\/index.php\/2025\/12\/20\/60-atletas-do-basquete-feminino-de-catanduva-buscam-apoio-para-representar-o-brasil-no-panamericano-de-el-salvador-2026\/#primaryimage"},"thumbnailUrl":"https:\/\/universoesportivo.net\/wp-content\/uploads\/2025\/12\/abreatletasbasq.jpg","articleSection":["Basquete","ESPORTES"],"inLanguage":"pt-BR"},{"@type":"WebPage","@id":"https:\/\/universoesportivo.net\/index.php\/2025\/12\/20\/60-atletas-do-basquete-feminino-de-catanduva-buscam-apoio-para-representar-o-brasil-no-panamericano-de-el-salvador-2026\/","url":"https:\/\/universoesportivo.net\/index.php\/2025\/12\/20\/60-atletas-do-basquete-feminino-de-catanduva-buscam-apoio-para-representar-o-brasil-no-panamericano-de-el-salvador-2026\/","name":"60+: Atletas do basquete feminino de Catanduva buscam apoio para representar o Brasil no Panamericano de El Salvador 2026 - Universo Esportivo","isPartOf":{"@id":"https:\/\/universoesportivo.net\/#website"},"primaryImageOfPage":{"@id":"https:\/\/universoesportivo.net\/index.php\/2025\/12\/20\/60-atletas-do-basquete-feminino-de-catanduva-buscam-apoio-para-representar-o-brasil-no-panamericano-de-el-salvador-2026\/#primaryimage"},"image":{"@id":"https:\/\/universoesportivo.net\/index.php\/2025\/12\/20\/60-atletas-do-basquete-feminino-de-catanduva-buscam-apoio-para-representar-o-brasil-no-panamericano-de-el-salvador-2026\/#primaryimage"},"thumbnailUrl":"https:\/\/universoesportivo.net\/wp-content\/uploads\/2025\/12\/abreatletasbasq.jpg","datePublished":"2025-12-20T15:48:11+00:00","dateModified":"2025-12-20T15:49:22+00:00","breadcrumb":{"@id":"https:\/\/universoesportivo.net\/index.php\/2025\/12\/20\/60-atletas-do-basquete-feminino-de-catanduva-buscam-apoio-para-representar-o-brasil-no-panamericano-de-el-salvador-2026\/#breadcrumb"},"inLanguage":"pt-BR","potentialAction":[{"@type":"ReadAction","target":["https:\/\/universoesportivo.net\/index.php\/2025\/12\/20\/60-atletas-do-basquete-feminino-de-catanduva-buscam-apoio-para-representar-o-brasil-no-panamericano-de-el-salvador-2026\/"]}]},{"@type":"ImageObject","inLanguage":"pt-BR","@id":"https:\/\/universoesportivo.net\/index.php\/2025\/12\/20\/60-atletas-do-basquete-feminino-de-catanduva-buscam-apoio-para-representar-o-brasil-no-panamericano-de-el-salvador-2026\/#primaryimage","url":"https:\/\/universoesportivo.net\/wp-content\/uploads\/2025\/12\/abreatletasbasq.jpg","contentUrl":"https:\/\/universoesportivo.net\/wp-content\/uploads\/2025\/12\/abreatletasbasq.jpg","width":450,"height":322},{"@type":"BreadcrumbList","@id":"https:\/\/universoesportivo.net\/index.php\/2025\/12\/20\/60-atletas-do-basquete-feminino-de-catanduva-buscam-apoio-para-representar-o-brasil-no-panamericano-de-el-salvador-2026\/#breadcrumb","itemListElement":[{"@type":"ListItem","position":1,"name":"In\u00edcio","item":"https:\/\/universoesportivo.net\/"},{"@type":"ListItem","position":2,"name":"60+: Atletas do basquete feminino de Catanduva buscam apoio para representar o Brasil no Panamericano de El Salvador 2026"}]},{"@type":"WebSite","@id":"https:\/\/universoesportivo.net\/#website","url":"https:\/\/universoesportivo.net\/","name":"Universo Esportivo","description":"O portal de todas as modalidades esportivas!","publisher":{"@id":"https:\/\/universoesportivo.net\/#organization"},"alternateName":"Jornalista Tiago Contador Lotto","potentialAction":[{"@type":"SearchAction","target":{"@type":"EntryPoint","urlTemplate":"https:\/\/universoesportivo.net\/?s={search_term_string}"},"query-input":{"@type":"PropertyValueSpecification","valueRequired":true,"valueName":"search_term_string"}}],"inLanguage":"pt-BR"},{"@type":"Organization","@id":"https:\/\/universoesportivo.net\/#organization","name":"Universo Esportivo","alternateName":"Tiago Lotto","url":"https:\/\/universoesportivo.net\/","logo":{"@type":"ImageObject","inLanguage":"pt-BR","@id":"https:\/\/universoesportivo.net\/#\/schema\/logo\/image\/","url":"https:\/\/universoesportivo.net\/wp-content\/uploads\/2024\/05\/cropped-cropped-universo-6.png","contentUrl":"https:\/\/universoesportivo.net\/wp-content\/uploads\/2024\/05\/cropped-cropped-universo-6.png","width":413,"height":295,"caption":"Universo Esportivo"},"image":{"@id":"https:\/\/universoesportivo.net\/#\/schema\/logo\/image\/"},"sameAs":["https:\/\/www.facebook.com\/universoesportivo.net"]},{"@type":"Person","@id":"https:\/\/universoesportivo.net\/#\/schema\/person\/62bc311bc7def56a6bc83711536e74bd","name":"Tiago Lotto","image":{"@type":"ImageObject","inLanguage":"pt-BR","@id":"https:\/\/secure.gravatar.com\/avatar\/fd6891125b3fb6ba0b794cd20c3398d5bb0fa20d2b9963a95f19470e5a6192f7?s=96&d=mm&r=g","url":"https:\/\/secure.gravatar.com\/avatar\/fd6891125b3fb6ba0b794cd20c3398d5bb0fa20d2b9963a95f19470e5a6192f7?s=96&d=mm&r=g","contentUrl":"https:\/\/secure.gravatar.com\/avatar\/fd6891125b3fb6ba0b794cd20c3398d5bb0fa20d2b9963a95f19470e5a6192f7?s=96&d=mm&r=g","caption":"Tiago Lotto"},"url":"https:\/\/universoesportivo.net\/index.php\/author\/tiago-lotto\/"}]}},"jetpack_featured_media_url":"https:\/\/universoesportivo.net\/wp-content\/uploads\/2025\/12\/abreatletasbasq.jpg","_links":{"self":[{"href":"https:\/\/universoesportivo.net\/index.php\/wp-json\/wp\/v2\/posts\/2450","targetHints":{"allow":["GET"]}}],"collection":[{"href":"https:\/\/universoesportivo.net\/index.php\/wp-json\/wp\/v2\/posts"}],"about":[{"href":"https:\/\/universoesportivo.net\/index.php\/wp-json\/wp\/v2\/types\/post"}],"author":[{"embeddable":true,"href":"https:\/\/universoesportivo.net\/index.php\/wp-json\/wp\/v2\/users\/2"}],"replies":[{"embeddable":true,"href":"https:\/\/universoesportivo.net\/index.php\/wp-json\/wp\/v2\/comments?post=2450"}],"version-history":[{"count":2,"href":"https:\/\/universoesportivo.net\/index.php\/wp-json\/wp\/v2\/posts\/2450\/revisions"}],"predecessor-version":[{"id":2455,"href":"https:\/\/universoesportivo.net\/index.php\/wp-json\/wp\/v2\/posts\/2450\/revisions\/2455"}],"wp:featuredmedia":[{"embeddable":true,"href":"https:\/\/universoesportivo.net\/index.php\/wp-json\/wp\/v2\/media\/2451"}],"wp:attachment":[{"href":"https:\/\/universoesportivo.net\/index.php\/wp-json\/wp\/v2\/media?parent=2450"}],"wp:term":[{"taxonomy":"category","embeddable":true,"href":"https:\/\/universoesportivo.net\/index.php\/wp-json\/wp\/v2\/categories?post=2450"},{"taxonomy":"post_tag","embeddable":true,"href":"https:\/\/universoesportivo.net\/index.php\/wp-json\/wp\/v2\/tags?post=2450"}],"curies":[{"name":"wp","href":"https:\/\/api.w.org\/{rel}","templated":true}]}}