{"id":2461,"date":"2025-12-21T22:07:31","date_gmt":"2025-12-22T01:07:31","guid":{"rendered":"https:\/\/universoesportivo.net\/?p=2461"},"modified":"2025-12-21T22:34:08","modified_gmt":"2025-12-22T01:34:08","slug":"corinthians-bate-o-vasco-no-maracana-e-conquista-a-copa-do-brasil-pela-quarta-vez","status":"publish","type":"post","link":"https:\/\/universoesportivo.net\/index.php\/2025\/12\/21\/corinthians-bate-o-vasco-no-maracana-e-conquista-a-copa-do-brasil-pela-quarta-vez\/","title":{"rendered":"Corinthians bate o Vasco no Maracan\u00e3 e conquista a Copa do Brasil pela quarta vez"},"content":{"rendered":"\n<p class=\"has-medium-font-size\">O Corinthians levantou o seu quarto trof\u00e9u da Copa do Brasil em sua hist\u00f3ria. O palco foi um velho conhecido da Fiel: o Maracan\u00e3, local de uma hist\u00f3rica invas\u00e3o corinthiana e tamb\u00e9m do primeiro t\u00edtulo mundial do Alvinegro, inclusive contra o mesmo advers\u00e1rio. Neste domingo, 21 de dezembro, o Tim\u00e3o venceu o Vasco por 2&#215;1 e conquistou a Copa do Brasil. Antes, os t\u00edtulos vieram em 1995, 2002 e 2009.<\/p>\n\n\n\n<p class=\"has-medium-font-size\">Mas, para chegar ao momento decisivo, o Corinthians precisou batalhar muito ao longo da competi\u00e7\u00e3o. Primeiramente, o clube esteve pr\u00f3ximo de n\u00e3o garantir vaga no torneio, por\u00e9m a arrancada espetacular da equipe na reta final da \u00faltima temporada assegurou a classifica\u00e7\u00e3o do time do Parque S\u00e3o Jorge, provando que jamais se pode duvidar do Sport Club Corinthians Paulista.<\/p>\n\n\n\n<p class=\"has-medium-font-size\">A estreia do Tim\u00e3o nesta edi\u00e7\u00e3o aconteceu na terceira fase, ainda em abril de 2025. O sorteio definiu um advers\u00e1rio do mesmo estado: o Novorizontino. No primeiro jogo de Dorival J\u00fanior no comando da equipe, fora de casa, com gol de H\u00e9ctor Hern\u00e1ndez, o Alvinegro venceu por 1 a 0 e levou a vantagem para a Neo Qu\u00edmica Arena.<\/p>\n\n\n\n<p class=\"has-medium-font-size\">Pelo mesmo placar, em Itaquera, mais uma vit\u00f3ria corinthiana. Dessa vez, Yuri Alberto marcou nos minutos finais e garantiu a classifica\u00e7\u00e3o para as oitavas de final.<\/p>\n\n\n\n<p class=\"has-medium-font-size\">Nas oitavas, um confronto \u00e9pico se desenhava ap\u00f3s novo sorteio. O Derby entre Corinthians e Palmeiras aconteceria pela primeira vez na hist\u00f3ria da competi\u00e7\u00e3o, com o jogo decisivo fora de casa. No entanto, os primeiros 90 minutos em Itaquera foram fundamentais para construir a vantagem. Memphis, de cabe\u00e7a, j\u00e1 na segunda etapa, marcou o gol que fez explodir a Neo Qu\u00edmica Arena.<\/p>\n\n\n\n<p class=\"has-medium-font-size\">Na volta, no Allianz Parque, apenas com a torcida rival presente\u2026 deu Corinthians novamente! Matheus Bidu e Gustavo Henrique, no primeiro e no segundo tempo, respectivamente, marcaram os gols que fecharam o placar agregado em 3 a 0, eliminando o rival e garantindo a vaga nas quartas de final.<\/p>\n\n\n\n<p class=\"has-medium-font-size\">O advers\u00e1rio seguinte foi o Athletico-PR, com o segundo e decisivo jogo na Casa do Povo. Na ida, em Curitiba, o Time do Povo contou com um gol do jovem Gui Neg\u00e3o para abrir vantagem em um duelo equilibrado. J\u00e1 na Neo Qu\u00edmica Arena, novamente decisivo, Gui Neg\u00e3o marcou um gol e deu uma assist\u00eancia, ajudando o Coring\u00e3o a construir mais uma vit\u00f3ria, por 2 a 0. O outro gol foi anotado por Garro. Com 3 a 0 no placar agregado, o Corinthians avan\u00e7ou rumo \u00e0 semifinal.<\/p>\n\n\n\n<p class=\"has-medium-font-size\">O confronto semifinal foi definido contra o Cruzeiro, com o sorteio determinando mais uma vez a decis\u00e3o diante da Fiel, na Neo Qu\u00edmica Arena. Antes disso, por\u00e9m, seria necess\u00e1rio segurar a press\u00e3o de uma das equipes mais regulares da temporada, em Minas Gerais.<\/p>\n\n\n\n<p class=\"has-medium-font-size\">O Coring\u00e3o n\u00e3o apenas suportou a press\u00e3o no Mineir\u00e3o como saiu com vantagem. Memphis, ainda na primeira etapa, marcou o gol que colocou o Tim\u00e3o \u00e0 frente no confronto.<\/p>\n\n\n\n<p class=\"has-medium-font-size\">J\u00e1 a partida de volta, um dos momentos mais emocionantes da campanha, foi marcada por muita tens\u00e3o. A vantagem constru\u00edda nos primeiros 90 minutos foi revertida pelo Cruzeiro logo no in\u00edcio da segunda etapa, em Itaquera. Matheus Bidu marcou para o Alvinegro e levou a decis\u00e3o para as penalidades. Na primeira cobran\u00e7a do Corinthians, Yuri Alberto parou na defesa de C\u00e1ssio, \u00eddolo corinthiano que hoje defende o clube mineiro. Na poss\u00edvel \u00faltima cobran\u00e7a do Cruzeiro, Hugo Souza apareceu com uma grande defesa e, em seguida, defendeu mais uma. Coube a Breno Bidon converter a cobran\u00e7a decisiva e garantir o Corinthians na grande final.<\/p>\n\n\n\n<p class=\"has-medium-font-size\">A grande final estava definida, com o Vasco da Gama como advers\u00e1rio. Conforme sorteio realizado anteriormente, a decis\u00e3o teria seus \u00faltimos 90 minutos no Maracan\u00e3, palco hist\u00f3rico do primeiro Mundial de Clubes da FIFA conquistado pelo Tim\u00e3o.<\/p>\n\n\n\n<p class=\"has-medium-font-size\">No jogo de ida, na Neo Qu\u00edmica Arena, uma partida tensa e truncada, com poucas chances claras de gol para ambos os lados. O resultado foi um empate sem gols, deixando tudo em aberto para a grande decis\u00e3o no Maracan\u00e3.<\/p>\n\n\n\n<p class=\"has-medium-font-size\">Na volta, o Alvinegro contou com o apoio do Bando de Loucos em todo o mundo e foi em busca de mais um t\u00edtulo! Com gols de Yuri Alberto e Memphis, 2 a 1 no placar no Maracan\u00e3 a ta\u00e7a foi conquistada com todo o m\u00e9rito e entrega de todos! Vai, Corinthians!<\/p>\n\n\n\n<p class=\"has-medium-font-size\"><\/p>\n\n\n\n<p class=\"has-medium-font-size\">Da reda\u00e7\u00e3o &#8211; Universo Esportivo<\/p>\n\n\n\n<p class=\"has-medium-font-size\">Texto e foto: Ag\u00eancia Corinthians, foto Rodrigo Coca<\/p>\n","protected":false},"excerpt":{"rendered":"<p>Ap\u00f3s empatar na Neo Qu\u00edmica Arena em 0x0, o Tim\u00e3o jogou neste domingo (21) no Maracan\u00e3 e venceu o Vasco por 2&#215;1. \u00c9 o quarto t\u00edtulo do Tim\u00e3o na Copa do Brasil.<\/p>\n","protected":false},"author":2,"featured_media":2464,"comment_status":"closed","ping_status":"closed","sticky":false,"template":"","format":"standard","meta":{"colormag_page_container_layout":"default_layout","colormag_page_sidebar_layout":"default_layout","footnotes":""},"categories":[17,43],"tags":[],"class_list":["post-2461","post","type-post","status-publish","format-standard","has-post-thumbnail","hentry","category-esportes","category-futebol"],"magazineBlocksPostFeaturedMedia":{"thumbnail":"https:\/\/universoesportivo.net\/wp-content\/uploads\/2025\/12\/abrecoca-150x150.jpg","medium":"https:\/\/universoesportivo.net\/wp-content\/uploads\/2025\/12\/abrecoca-300x200.jpg","medium_large":"https:\/\/universoesportivo.net\/wp-content\/uploads\/2025\/12\/abrecoca.jpg","large":"https:\/\/universoesportivo.net\/wp-content\/uploads\/2025\/12\/abrecoca.jpg","1536x1536":"https:\/\/universoesportivo.net\/wp-content\/uploads\/2025\/12\/abrecoca.jpg","2048x2048":"https:\/\/universoesportivo.net\/wp-content\/uploads\/2025\/12\/abrecoca.jpg","trp-custom-language-flag":"https:\/\/universoesportivo.net\/wp-content\/uploads\/2025\/12\/abrecoca-18x12.jpg","colormag-highlighted-post":"https:\/\/universoesportivo.net\/wp-content\/uploads\/2025\/12\/abrecoca-392x272.jpg","colormag-featured-post-medium":"https:\/\/universoesportivo.net\/wp-content\/uploads\/2025\/12\/abrecoca-390x205.jpg","colormag-featured-post-small":"https:\/\/universoesportivo.net\/wp-content\/uploads\/2025\/12\/abrecoca-130x90.jpg","colormag-featured-image":"https:\/\/universoesportivo.net\/wp-content\/uploads\/2025\/12\/abrecoca.jpg","colormag-default-news":"https:\/\/universoesportivo.net\/wp-content\/uploads\/2025\/12\/abrecoca-150x150.jpg","colormag-featured-image-large":"https:\/\/universoesportivo.net\/wp-content\/uploads\/2025\/12\/abrecoca.jpg","colormag-elementor-block-extra-large-thumbnail":"https:\/\/universoesportivo.net\/wp-content\/uploads\/2025\/12\/abrecoca.jpg","colormag-elementor-grid-large-thumbnail":"https:\/\/universoesportivo.net\/wp-content\/uploads\/2025\/12\/abrecoca.jpg","colormag-elementor-grid-small-thumbnail":"https:\/\/universoesportivo.net\/wp-content\/uploads\/2025\/12\/abrecoca-285x400.jpg","colormag-elementor-grid-medium-large-thumbnail":"https:\/\/universoesportivo.net\/wp-content\/uploads\/2025\/12\/abrecoca-575x198.jpg"},"magazineBlocksPostAuthor":{"name":"Tiago Lotto","avatar":"https:\/\/secure.gravatar.com\/avatar\/fd6891125b3fb6ba0b794cd20c3398d5bb0fa20d2b9963a95f19470e5a6192f7?s=96&d=mm&r=g"},"magazineBlocksPostCommentsNumber":false,"magazineBlocksPostExcerpt":"Ap\u00f3s empatar na Neo Qu\u00edmica Arena em 0x0, o Tim\u00e3o jogou neste domingo (21) no Maracan\u00e3 e venceu o Vasco por 2x1. \u00c9 o quarto t\u00edtulo do Tim\u00e3o na Copa do Brasil.","magazineBlocksPostCategories":["ESPORTES","Futebol"],"magazineBlocksPostViewCount":71,"magazineBlocksPostReadTime":4,"magazine_blocks_featured_image_url":{"full":["https:\/\/universoesportivo.net\/wp-content\/uploads\/2025\/12\/abrecoca.jpg",600,400,false],"medium":["https:\/\/universoesportivo.net\/wp-content\/uploads\/2025\/12\/abrecoca-300x200.jpg",300,200,true],"thumbnail":["https:\/\/universoesportivo.net\/wp-content\/uploads\/2025\/12\/abrecoca-150x150.jpg",150,150,true]},"magazine_blocks_author":{"display_name":"Tiago Lotto","author_link":"https:\/\/universoesportivo.net\/index.php\/author\/tiago-lotto\/"},"magazine_blocks_comment":0,"magazine_blocks_author_image":"https:\/\/secure.gravatar.com\/avatar\/fd6891125b3fb6ba0b794cd20c3398d5bb0fa20d2b9963a95f19470e5a6192f7?s=96&d=mm&r=g","magazine_blocks_category":"<a href=\"#\" class=\"category-link category-link-17\">ESPORTES<\/a> <a href=\"#\" class=\"category-link category-link-43\">Futebol<\/a>","yoast_head":"<!-- This site is optimized with the Yoast SEO plugin v27.4 - https:\/\/yoast.com\/product\/yoast-seo-wordpress\/ -->\n<title>Corinthians bate o Vasco no Maracan\u00e3 e conquista a Copa do Brasil pela quarta vez - Universo Esportivo<\/title>\n<meta name=\"robots\" content=\"index, follow, max-snippet:-1, max-image-preview:large, max-video-preview:-1\" \/>\n<link rel=\"canonical\" href=\"https:\/\/universoesportivo.net\/index.php\/2025\/12\/21\/corinthians-bate-o-vasco-no-maracana-e-conquista-a-copa-do-brasil-pela-quarta-vez\/\" \/>\n<meta property=\"og:locale\" content=\"pt_BR\" \/>\n<meta property=\"og:type\" content=\"article\" \/>\n<meta property=\"og:title\" content=\"Corinthians bate o Vasco no Maracan\u00e3 e conquista a Copa do Brasil pela quarta vez - Universo Esportivo\" \/>\n<meta property=\"og:description\" content=\"Ap\u00f3s empatar na Neo Qu\u00edmica Arena em 0x0, o Tim\u00e3o jogou neste domingo (21) no Maracan\u00e3 e venceu o Vasco por 2x1. \u00c9 o quarto t\u00edtulo do Tim\u00e3o na Copa do Brasil.\" \/>\n<meta property=\"og:url\" content=\"https:\/\/universoesportivo.net\/index.php\/2025\/12\/21\/corinthians-bate-o-vasco-no-maracana-e-conquista-a-copa-do-brasil-pela-quarta-vez\/\" \/>\n<meta property=\"og:site_name\" content=\"Universo Esportivo\" \/>\n<meta property=\"article:publisher\" content=\"https:\/\/www.facebook.com\/universoesportivo.net\" \/>\n<meta property=\"article:published_time\" content=\"2025-12-22T01:07:31+00:00\" \/>\n<meta property=\"article:modified_time\" content=\"2025-12-22T01:34:08+00:00\" \/>\n<meta property=\"og:image\" content=\"https:\/\/universoesportivo.net\/wp-content\/uploads\/2025\/12\/abrecoca.jpg\" \/>\n\t<meta property=\"og:image:width\" content=\"600\" \/>\n\t<meta property=\"og:image:height\" content=\"400\" \/>\n\t<meta property=\"og:image:type\" content=\"image\/jpeg\" \/>\n<meta name=\"author\" content=\"Tiago Lotto\" \/>\n<meta name=\"twitter:card\" content=\"summary_large_image\" \/>\n<meta name=\"twitter:label1\" content=\"Escrito por\" \/>\n\t<meta name=\"twitter:data1\" content=\"Tiago Lotto\" \/>\n\t<meta name=\"twitter:label2\" content=\"Est. tempo de leitura\" \/>\n\t<meta name=\"twitter:data2\" content=\"5 minutos\" \/>\n<script type=\"application\/ld+json\" class=\"yoast-schema-graph\">{\"@context\":\"https:\\\/\\\/schema.org\",\"@graph\":[{\"@type\":\"Article\",\"@id\":\"https:\\\/\\\/universoesportivo.net\\\/index.php\\\/2025\\\/12\\\/21\\\/corinthians-bate-o-vasco-no-maracana-e-conquista-a-copa-do-brasil-pela-quarta-vez\\\/#article\",\"isPartOf\":{\"@id\":\"https:\\\/\\\/universoesportivo.net\\\/index.php\\\/2025\\\/12\\\/21\\\/corinthians-bate-o-vasco-no-maracana-e-conquista-a-copa-do-brasil-pela-quarta-vez\\\/\"},\"author\":{\"name\":\"Tiago Lotto\",\"@id\":\"https:\\\/\\\/universoesportivo.net\\\/#\\\/schema\\\/person\\\/62bc311bc7def56a6bc83711536e74bd\"},\"headline\":\"Corinthians bate o Vasco no Maracan\u00e3 e conquista a Copa do Brasil pela quarta vez\",\"datePublished\":\"2025-12-22T01:07:31+00:00\",\"dateModified\":\"2025-12-22T01:34:08+00:00\",\"mainEntityOfPage\":{\"@id\":\"https:\\\/\\\/universoesportivo.net\\\/index.php\\\/2025\\\/12\\\/21\\\/corinthians-bate-o-vasco-no-maracana-e-conquista-a-copa-do-brasil-pela-quarta-vez\\\/\"},\"wordCount\":790,\"publisher\":{\"@id\":\"https:\\\/\\\/universoesportivo.net\\\/#organization\"},\"image\":{\"@id\":\"https:\\\/\\\/universoesportivo.net\\\/index.php\\\/2025\\\/12\\\/21\\\/corinthians-bate-o-vasco-no-maracana-e-conquista-a-copa-do-brasil-pela-quarta-vez\\\/#primaryimage\"},\"thumbnailUrl\":\"https:\\\/\\\/universoesportivo.net\\\/wp-content\\\/uploads\\\/2025\\\/12\\\/abrecoca.jpg\",\"articleSection\":[\"ESPORTES\",\"Futebol\"],\"inLanguage\":\"pt-BR\"},{\"@type\":\"WebPage\",\"@id\":\"https:\\\/\\\/universoesportivo.net\\\/index.php\\\/2025\\\/12\\\/21\\\/corinthians-bate-o-vasco-no-maracana-e-conquista-a-copa-do-brasil-pela-quarta-vez\\\/\",\"url\":\"https:\\\/\\\/universoesportivo.net\\\/index.php\\\/2025\\\/12\\\/21\\\/corinthians-bate-o-vasco-no-maracana-e-conquista-a-copa-do-brasil-pela-quarta-vez\\\/\",\"name\":\"Corinthians bate o Vasco no Maracan\u00e3 e conquista a Copa do Brasil pela quarta vez - Universo Esportivo\",\"isPartOf\":{\"@id\":\"https:\\\/\\\/universoesportivo.net\\\/#website\"},\"primaryImageOfPage\":{\"@id\":\"https:\\\/\\\/universoesportivo.net\\\/index.php\\\/2025\\\/12\\\/21\\\/corinthians-bate-o-vasco-no-maracana-e-conquista-a-copa-do-brasil-pela-quarta-vez\\\/#primaryimage\"},\"image\":{\"@id\":\"https:\\\/\\\/universoesportivo.net\\\/index.php\\\/2025\\\/12\\\/21\\\/corinthians-bate-o-vasco-no-maracana-e-conquista-a-copa-do-brasil-pela-quarta-vez\\\/#primaryimage\"},\"thumbnailUrl\":\"https:\\\/\\\/universoesportivo.net\\\/wp-content\\\/uploads\\\/2025\\\/12\\\/abrecoca.jpg\",\"datePublished\":\"2025-12-22T01:07:31+00:00\",\"dateModified\":\"2025-12-22T01:34:08+00:00\",\"breadcrumb\":{\"@id\":\"https:\\\/\\\/universoesportivo.net\\\/index.php\\\/2025\\\/12\\\/21\\\/corinthians-bate-o-vasco-no-maracana-e-conquista-a-copa-do-brasil-pela-quarta-vez\\\/#breadcrumb\"},\"inLanguage\":\"pt-BR\",\"potentialAction\":[{\"@type\":\"ReadAction\",\"target\":[\"https:\\\/\\\/universoesportivo.net\\\/index.php\\\/2025\\\/12\\\/21\\\/corinthians-bate-o-vasco-no-maracana-e-conquista-a-copa-do-brasil-pela-quarta-vez\\\/\"]}]},{\"@type\":\"ImageObject\",\"inLanguage\":\"pt-BR\",\"@id\":\"https:\\\/\\\/universoesportivo.net\\\/index.php\\\/2025\\\/12\\\/21\\\/corinthians-bate-o-vasco-no-maracana-e-conquista-a-copa-do-brasil-pela-quarta-vez\\\/#primaryimage\",\"url\":\"https:\\\/\\\/universoesportivo.net\\\/wp-content\\\/uploads\\\/2025\\\/12\\\/abrecoca.jpg\",\"contentUrl\":\"https:\\\/\\\/universoesportivo.net\\\/wp-content\\\/uploads\\\/2025\\\/12\\\/abrecoca.jpg\",\"width\":600,\"height\":400},{\"@type\":\"BreadcrumbList\",\"@id\":\"https:\\\/\\\/universoesportivo.net\\\/index.php\\\/2025\\\/12\\\/21\\\/corinthians-bate-o-vasco-no-maracana-e-conquista-a-copa-do-brasil-pela-quarta-vez\\\/#breadcrumb\",\"itemListElement\":[{\"@type\":\"ListItem\",\"position\":1,\"name\":\"In\u00edcio\",\"item\":\"https:\\\/\\\/universoesportivo.net\\\/\"},{\"@type\":\"ListItem\",\"position\":2,\"name\":\"Corinthians bate o Vasco no Maracan\u00e3 e conquista a Copa do Brasil pela quarta vez\"}]},{\"@type\":\"WebSite\",\"@id\":\"https:\\\/\\\/universoesportivo.net\\\/#website\",\"url\":\"https:\\\/\\\/universoesportivo.net\\\/\",\"name\":\"Universo Esportivo\",\"description\":\"O portal de todas as modalidades esportivas!\",\"publisher\":{\"@id\":\"https:\\\/\\\/universoesportivo.net\\\/#organization\"},\"alternateName\":\"Jornalista Tiago Contador Lotto\",\"potentialAction\":[{\"@type\":\"SearchAction\",\"target\":{\"@type\":\"EntryPoint\",\"urlTemplate\":\"https:\\\/\\\/universoesportivo.net\\\/?s={search_term_string}\"},\"query-input\":{\"@type\":\"PropertyValueSpecification\",\"valueRequired\":true,\"valueName\":\"search_term_string\"}}],\"inLanguage\":\"pt-BR\"},{\"@type\":\"Organization\",\"@id\":\"https:\\\/\\\/universoesportivo.net\\\/#organization\",\"name\":\"Universo Esportivo\",\"alternateName\":\"Tiago Lotto\",\"url\":\"https:\\\/\\\/universoesportivo.net\\\/\",\"logo\":{\"@type\":\"ImageObject\",\"inLanguage\":\"pt-BR\",\"@id\":\"https:\\\/\\\/universoesportivo.net\\\/#\\\/schema\\\/logo\\\/image\\\/\",\"url\":\"https:\\\/\\\/universoesportivo.net\\\/wp-content\\\/uploads\\\/2024\\\/05\\\/cropped-cropped-universo-6.png\",\"contentUrl\":\"https:\\\/\\\/universoesportivo.net\\\/wp-content\\\/uploads\\\/2024\\\/05\\\/cropped-cropped-universo-6.png\",\"width\":413,\"height\":295,\"caption\":\"Universo Esportivo\"},\"image\":{\"@id\":\"https:\\\/\\\/universoesportivo.net\\\/#\\\/schema\\\/logo\\\/image\\\/\"},\"sameAs\":[\"https:\\\/\\\/www.facebook.com\\\/universoesportivo.net\"]},{\"@type\":\"Person\",\"@id\":\"https:\\\/\\\/universoesportivo.net\\\/#\\\/schema\\\/person\\\/62bc311bc7def56a6bc83711536e74bd\",\"name\":\"Tiago Lotto\",\"image\":{\"@type\":\"ImageObject\",\"inLanguage\":\"pt-BR\",\"@id\":\"https:\\\/\\\/secure.gravatar.com\\\/avatar\\\/fd6891125b3fb6ba0b794cd20c3398d5bb0fa20d2b9963a95f19470e5a6192f7?s=96&d=mm&r=g\",\"url\":\"https:\\\/\\\/secure.gravatar.com\\\/avatar\\\/fd6891125b3fb6ba0b794cd20c3398d5bb0fa20d2b9963a95f19470e5a6192f7?s=96&d=mm&r=g\",\"contentUrl\":\"https:\\\/\\\/secure.gravatar.com\\\/avatar\\\/fd6891125b3fb6ba0b794cd20c3398d5bb0fa20d2b9963a95f19470e5a6192f7?s=96&d=mm&r=g\",\"caption\":\"Tiago Lotto\"},\"url\":\"https:\\\/\\\/universoesportivo.net\\\/index.php\\\/author\\\/tiago-lotto\\\/\"}]}<\/script>\n<!-- \/ Yoast SEO plugin. -->","yoast_head_json":{"title":"Corinthians bate o Vasco no Maracan\u00e3 e conquista a Copa do Brasil pela quarta vez - Universo Esportivo","robots":{"index":"index","follow":"follow","max-snippet":"max-snippet:-1","max-image-preview":"max-image-preview:large","max-video-preview":"max-video-preview:-1"},"canonical":"https:\/\/universoesportivo.net\/index.php\/2025\/12\/21\/corinthians-bate-o-vasco-no-maracana-e-conquista-a-copa-do-brasil-pela-quarta-vez\/","og_locale":"pt_BR","og_type":"article","og_title":"Corinthians bate o Vasco no Maracan\u00e3 e conquista a Copa do Brasil pela quarta vez - Universo Esportivo","og_description":"Ap\u00f3s empatar na Neo Qu\u00edmica Arena em 0x0, o Tim\u00e3o jogou neste domingo (21) no Maracan\u00e3 e venceu o Vasco por 2x1. \u00c9 o quarto t\u00edtulo do Tim\u00e3o na Copa do Brasil.","og_url":"https:\/\/universoesportivo.net\/index.php\/2025\/12\/21\/corinthians-bate-o-vasco-no-maracana-e-conquista-a-copa-do-brasil-pela-quarta-vez\/","og_site_name":"Universo Esportivo","article_publisher":"https:\/\/www.facebook.com\/universoesportivo.net","article_published_time":"2025-12-22T01:07:31+00:00","article_modified_time":"2025-12-22T01:34:08+00:00","og_image":[{"width":600,"height":400,"url":"https:\/\/universoesportivo.net\/wp-content\/uploads\/2025\/12\/abrecoca.jpg","type":"image\/jpeg"}],"author":"Tiago Lotto","twitter_card":"summary_large_image","twitter_misc":{"Escrito por":"Tiago Lotto","Est. tempo de leitura":"5 minutos"},"schema":{"@context":"https:\/\/schema.org","@graph":[{"@type":"Article","@id":"https:\/\/universoesportivo.net\/index.php\/2025\/12\/21\/corinthians-bate-o-vasco-no-maracana-e-conquista-a-copa-do-brasil-pela-quarta-vez\/#article","isPartOf":{"@id":"https:\/\/universoesportivo.net\/index.php\/2025\/12\/21\/corinthians-bate-o-vasco-no-maracana-e-conquista-a-copa-do-brasil-pela-quarta-vez\/"},"author":{"name":"Tiago Lotto","@id":"https:\/\/universoesportivo.net\/#\/schema\/person\/62bc311bc7def56a6bc83711536e74bd"},"headline":"Corinthians bate o Vasco no Maracan\u00e3 e conquista a Copa do Brasil pela quarta vez","datePublished":"2025-12-22T01:07:31+00:00","dateModified":"2025-12-22T01:34:08+00:00","mainEntityOfPage":{"@id":"https:\/\/universoesportivo.net\/index.php\/2025\/12\/21\/corinthians-bate-o-vasco-no-maracana-e-conquista-a-copa-do-brasil-pela-quarta-vez\/"},"wordCount":790,"publisher":{"@id":"https:\/\/universoesportivo.net\/#organization"},"image":{"@id":"https:\/\/universoesportivo.net\/index.php\/2025\/12\/21\/corinthians-bate-o-vasco-no-maracana-e-conquista-a-copa-do-brasil-pela-quarta-vez\/#primaryimage"},"thumbnailUrl":"https:\/\/universoesportivo.net\/wp-content\/uploads\/2025\/12\/abrecoca.jpg","articleSection":["ESPORTES","Futebol"],"inLanguage":"pt-BR"},{"@type":"WebPage","@id":"https:\/\/universoesportivo.net\/index.php\/2025\/12\/21\/corinthians-bate-o-vasco-no-maracana-e-conquista-a-copa-do-brasil-pela-quarta-vez\/","url":"https:\/\/universoesportivo.net\/index.php\/2025\/12\/21\/corinthians-bate-o-vasco-no-maracana-e-conquista-a-copa-do-brasil-pela-quarta-vez\/","name":"Corinthians bate o Vasco no Maracan\u00e3 e conquista a Copa do Brasil pela quarta vez - Universo Esportivo","isPartOf":{"@id":"https:\/\/universoesportivo.net\/#website"},"primaryImageOfPage":{"@id":"https:\/\/universoesportivo.net\/index.php\/2025\/12\/21\/corinthians-bate-o-vasco-no-maracana-e-conquista-a-copa-do-brasil-pela-quarta-vez\/#primaryimage"},"image":{"@id":"https:\/\/universoesportivo.net\/index.php\/2025\/12\/21\/corinthians-bate-o-vasco-no-maracana-e-conquista-a-copa-do-brasil-pela-quarta-vez\/#primaryimage"},"thumbnailUrl":"https:\/\/universoesportivo.net\/wp-content\/uploads\/2025\/12\/abrecoca.jpg","datePublished":"2025-12-22T01:07:31+00:00","dateModified":"2025-12-22T01:34:08+00:00","breadcrumb":{"@id":"https:\/\/universoesportivo.net\/index.php\/2025\/12\/21\/corinthians-bate-o-vasco-no-maracana-e-conquista-a-copa-do-brasil-pela-quarta-vez\/#breadcrumb"},"inLanguage":"pt-BR","potentialAction":[{"@type":"ReadAction","target":["https:\/\/universoesportivo.net\/index.php\/2025\/12\/21\/corinthians-bate-o-vasco-no-maracana-e-conquista-a-copa-do-brasil-pela-quarta-vez\/"]}]},{"@type":"ImageObject","inLanguage":"pt-BR","@id":"https:\/\/universoesportivo.net\/index.php\/2025\/12\/21\/corinthians-bate-o-vasco-no-maracana-e-conquista-a-copa-do-brasil-pela-quarta-vez\/#primaryimage","url":"https:\/\/universoesportivo.net\/wp-content\/uploads\/2025\/12\/abrecoca.jpg","contentUrl":"https:\/\/universoesportivo.net\/wp-content\/uploads\/2025\/12\/abrecoca.jpg","width":600,"height":400},{"@type":"BreadcrumbList","@id":"https:\/\/universoesportivo.net\/index.php\/2025\/12\/21\/corinthians-bate-o-vasco-no-maracana-e-conquista-a-copa-do-brasil-pela-quarta-vez\/#breadcrumb","itemListElement":[{"@type":"ListItem","position":1,"name":"In\u00edcio","item":"https:\/\/universoesportivo.net\/"},{"@type":"ListItem","position":2,"name":"Corinthians bate o Vasco no Maracan\u00e3 e conquista a Copa do Brasil pela quarta vez"}]},{"@type":"WebSite","@id":"https:\/\/universoesportivo.net\/#website","url":"https:\/\/universoesportivo.net\/","name":"Universo Esportivo","description":"O portal de todas as modalidades esportivas!","publisher":{"@id":"https:\/\/universoesportivo.net\/#organization"},"alternateName":"Jornalista Tiago Contador Lotto","potentialAction":[{"@type":"SearchAction","target":{"@type":"EntryPoint","urlTemplate":"https:\/\/universoesportivo.net\/?s={search_term_string}"},"query-input":{"@type":"PropertyValueSpecification","valueRequired":true,"valueName":"search_term_string"}}],"inLanguage":"pt-BR"},{"@type":"Organization","@id":"https:\/\/universoesportivo.net\/#organization","name":"Universo Esportivo","alternateName":"Tiago Lotto","url":"https:\/\/universoesportivo.net\/","logo":{"@type":"ImageObject","inLanguage":"pt-BR","@id":"https:\/\/universoesportivo.net\/#\/schema\/logo\/image\/","url":"https:\/\/universoesportivo.net\/wp-content\/uploads\/2024\/05\/cropped-cropped-universo-6.png","contentUrl":"https:\/\/universoesportivo.net\/wp-content\/uploads\/2024\/05\/cropped-cropped-universo-6.png","width":413,"height":295,"caption":"Universo Esportivo"},"image":{"@id":"https:\/\/universoesportivo.net\/#\/schema\/logo\/image\/"},"sameAs":["https:\/\/www.facebook.com\/universoesportivo.net"]},{"@type":"Person","@id":"https:\/\/universoesportivo.net\/#\/schema\/person\/62bc311bc7def56a6bc83711536e74bd","name":"Tiago Lotto","image":{"@type":"ImageObject","inLanguage":"pt-BR","@id":"https:\/\/secure.gravatar.com\/avatar\/fd6891125b3fb6ba0b794cd20c3398d5bb0fa20d2b9963a95f19470e5a6192f7?s=96&d=mm&r=g","url":"https:\/\/secure.gravatar.com\/avatar\/fd6891125b3fb6ba0b794cd20c3398d5bb0fa20d2b9963a95f19470e5a6192f7?s=96&d=mm&r=g","contentUrl":"https:\/\/secure.gravatar.com\/avatar\/fd6891125b3fb6ba0b794cd20c3398d5bb0fa20d2b9963a95f19470e5a6192f7?s=96&d=mm&r=g","caption":"Tiago Lotto"},"url":"https:\/\/universoesportivo.net\/index.php\/author\/tiago-lotto\/"}]}},"jetpack_featured_media_url":"https:\/\/universoesportivo.net\/wp-content\/uploads\/2025\/12\/abrecoca.jpg","_links":{"self":[{"href":"https:\/\/universoesportivo.net\/index.php\/wp-json\/wp\/v2\/posts\/2461","targetHints":{"allow":["GET"]}}],"collection":[{"href":"https:\/\/universoesportivo.net\/index.php\/wp-json\/wp\/v2\/posts"}],"about":[{"href":"https:\/\/universoesportivo.net\/index.php\/wp-json\/wp\/v2\/types\/post"}],"author":[{"embeddable":true,"href":"https:\/\/universoesportivo.net\/index.php\/wp-json\/wp\/v2\/users\/2"}],"replies":[{"embeddable":true,"href":"https:\/\/universoesportivo.net\/index.php\/wp-json\/wp\/v2\/comments?post=2461"}],"version-history":[{"count":1,"href":"https:\/\/universoesportivo.net\/index.php\/wp-json\/wp\/v2\/posts\/2461\/revisions"}],"predecessor-version":[{"id":2463,"href":"https:\/\/universoesportivo.net\/index.php\/wp-json\/wp\/v2\/posts\/2461\/revisions\/2463"}],"wp:featuredmedia":[{"embeddable":true,"href":"https:\/\/universoesportivo.net\/index.php\/wp-json\/wp\/v2\/media\/2464"}],"wp:attachment":[{"href":"https:\/\/universoesportivo.net\/index.php\/wp-json\/wp\/v2\/media?parent=2461"}],"wp:term":[{"taxonomy":"category","embeddable":true,"href":"https:\/\/universoesportivo.net\/index.php\/wp-json\/wp\/v2\/categories?post=2461"},{"taxonomy":"post_tag","embeddable":true,"href":"https:\/\/universoesportivo.net\/index.php\/wp-json\/wp\/v2\/tags?post=2461"}],"curies":[{"name":"wp","href":"https:\/\/api.w.org\/{rel}","templated":true}]}}