{"id":2514,"date":"2026-01-12T07:39:09","date_gmt":"2026-01-12T10:39:09","guid":{"rendered":"https:\/\/universoesportivo.net\/?p=2514"},"modified":"2026-01-13T09:54:36","modified_gmt":"2026-01-13T12:54:36","slug":"jiu-jitsu-atleta-de-catanduva-conquista-o-rio-summer-internacional-2026","status":"publish","type":"post","link":"https:\/\/universoesportivo.net\/index.php\/2026\/01\/12\/jiu-jitsu-atleta-de-catanduva-conquista-o-rio-summer-internacional-2026\/","title":{"rendered":"JIU-JITSU: Atleta de Catanduva conquista o Rio Summer Internacional 2026"},"content":{"rendered":"\n<p class=\"has-medium-font-size\">O atleta de Catanduva Murilo Batista Rodrigues foi campe\u00e3o do Rio Summer Internacional de Jiu-Jitsu \u2013 categoria Juvenil Pesad\u00edssimo, faixa azul. A competi\u00e7\u00e3o ocorreu nos dias 10 e 11 de janeiro, no Vel\u00f3dromo Ol\u00edmpico do Rio de Janeiro.<\/p>\n\n\n\n<p class=\"has-medium-font-size\">O jovem, que recebe Bolsa Atleta da Prefeitura de Catanduva, disse que o apoio \u00e9 fundamental e contribui diretamente para sua evolu\u00e7\u00e3o, permitindo que ele treine, compita e represente a cidade em grandes eventos. \u201cEsse apoio faz diferen\u00e7a real na trajet\u00f3ria do atleta e no fortalecimento do esporte de base\u201d, disse o secret\u00e1rio municipal de Esportes de Catanduva, Marco Braga.<\/p>\n\n\n\n<p class=\"has-medium-font-size\">No Rio Summer, Murilo mostrou uma campanha impec\u00e1vel. Com lutas de alto n\u00edvel, o atleta foi campe\u00e3o invicto, demonstrando controle e estrat\u00e9gia. Al\u00e9m do Jiu-Jitsu, o jovem \u00e9 atleta de jud\u00f4, modalidade que tamb\u00e9m j\u00e1 conquistou v\u00e1rias medalhas representando Catanduva.<\/p>\n\n\n\n<p class=\"has-medium-font-size\">\u201cFa\u00e7o um agradecimento especial \u00e0 Smel Catanduva, que oferece suporte com log\u00edstica, estrutura e acompanhamento, mostrando o compromisso com os atletas e com o desenvolvimento do esporte no munic\u00edpio\u201d, comentou Murilo.<\/p>\n\n\n\n<p class=\"has-medium-font-size\">O atleta tamb\u00e9m lembrou e agradeceu seu t\u00e9cnico, Willian Lima. \u201cN\u00e3o posso esquecer do Sensei que foi at\u00e9 o Rio de Janeiro, me orientou e me ajudou nos erros, me corrigindo. Com certeza se ele n\u00e3o estivesse comigo, eu n\u00e3o teria sido campe\u00e3o\u201d, completou o atleta catanduvense.<\/p>\n\n\n\n<p class=\"has-medium-font-size\"><\/p>\n\n\n\n<p class=\"has-medium-font-size\">Da Reda\u00e7\u00e3o \u2013 Universo Esportivo<\/p>\n\n\n\n<p class=\"has-medium-font-size\">Fotos: Divulga\u00e7\u00e3o<\/p>\n\n\n\n<figure class=\"wp-block-image\"><img fetchpriority=\"high\" decoding=\"async\" width=\"430\" height=\"493\" src=\"https:\/\/universoesportivo.net\/wp-content\/uploads\/2026\/01\/muabaixo.jpg\" alt=\"\" class=\"wp-image-2515\" srcset=\"https:\/\/universoesportivo.net\/wp-content\/uploads\/2026\/01\/muabaixo.jpg 430w, https:\/\/universoesportivo.net\/wp-content\/uploads\/2026\/01\/muabaixo-262x300.jpg 262w, https:\/\/universoesportivo.net\/wp-content\/uploads\/2026\/01\/muabaixo-10x12.jpg 10w\" sizes=\"(max-width: 430px) 100vw, 430px\" \/><\/figure>\n","protected":false},"excerpt":{"rendered":"<p>No Vel\u00f3dromo do Rio de Janeiro, Murilo mostrou uma campanha impec\u00e1vel. Com lutas de alto n\u00edvel, o atleta foi campe\u00e3o invicto, demonstrando controle e estrat\u00e9gia.<\/p>\n","protected":false},"author":2,"featured_media":2516,"comment_status":"closed","ping_status":"closed","sticky":false,"template":"","format":"standard","meta":{"colormag_page_container_layout":"default_layout","colormag_page_sidebar_layout":"default_layout","footnotes":""},"categories":[17,57],"tags":[],"class_list":["post-2514","post","type-post","status-publish","format-standard","has-post-thumbnail","hentry","category-esportes","category-jiu-jitsu"],"magazineBlocksPostFeaturedMedia":{"thumbnail":"https:\/\/universoesportivo.net\/wp-content\/uploads\/2026\/01\/abremu-150x150.jpg","medium":"https:\/\/universoesportivo.net\/wp-content\/uploads\/2026\/01\/abremu-255x300.jpg","medium_large":"https:\/\/universoesportivo.net\/wp-content\/uploads\/2026\/01\/abremu.jpg","large":"https:\/\/universoesportivo.net\/wp-content\/uploads\/2026\/01\/abremu.jpg","1536x1536":"https:\/\/universoesportivo.net\/wp-content\/uploads\/2026\/01\/abremu.jpg","2048x2048":"https:\/\/universoesportivo.net\/wp-content\/uploads\/2026\/01\/abremu.jpg","trp-custom-language-flag":"https:\/\/universoesportivo.net\/wp-content\/uploads\/2026\/01\/abremu-10x12.jpg","colormag-highlighted-post":"https:\/\/universoesportivo.net\/wp-content\/uploads\/2026\/01\/abremu-392x272.jpg","colormag-featured-post-medium":"https:\/\/universoesportivo.net\/wp-content\/uploads\/2026\/01\/abremu-390x205.jpg","colormag-featured-post-small":"https:\/\/universoesportivo.net\/wp-content\/uploads\/2026\/01\/abremu-130x90.jpg","colormag-featured-image":"https:\/\/universoesportivo.net\/wp-content\/uploads\/2026\/01\/abremu-430x445.jpg","colormag-default-news":"https:\/\/universoesportivo.net\/wp-content\/uploads\/2026\/01\/abremu-150x150.jpg","colormag-featured-image-large":"https:\/\/universoesportivo.net\/wp-content\/uploads\/2026\/01\/abremu.jpg","colormag-elementor-block-extra-large-thumbnail":"https:\/\/universoesportivo.net\/wp-content\/uploads\/2026\/01\/abremu-430x480.jpg","colormag-elementor-grid-large-thumbnail":"https:\/\/universoesportivo.net\/wp-content\/uploads\/2026\/01\/abremu-430x417.jpg","colormag-elementor-grid-small-thumbnail":"https:\/\/universoesportivo.net\/wp-content\/uploads\/2026\/01\/abremu-285x450.jpg","colormag-elementor-grid-medium-large-thumbnail":"https:\/\/universoesportivo.net\/wp-content\/uploads\/2026\/01\/abremu-430x198.jpg"},"magazineBlocksPostAuthor":{"name":"Tiago Lotto","avatar":"https:\/\/secure.gravatar.com\/avatar\/fd6891125b3fb6ba0b794cd20c3398d5bb0fa20d2b9963a95f19470e5a6192f7?s=96&d=mm&r=g"},"magazineBlocksPostCommentsNumber":false,"magazineBlocksPostExcerpt":"No Vel\u00f3dromo do Rio de Janeiro, Murilo mostrou uma campanha impec\u00e1vel. Com lutas de alto n\u00edvel, o atleta foi campe\u00e3o invicto, demonstrando controle e estrat\u00e9gia.","magazineBlocksPostCategories":["ESPORTES","Jiu-Jitsu"],"magazineBlocksPostViewCount":72,"magazineBlocksPostReadTime":2,"magazine_blocks_featured_image_url":{"full":["https:\/\/universoesportivo.net\/wp-content\/uploads\/2026\/01\/abremu.jpg",430,506,false],"medium":["https:\/\/universoesportivo.net\/wp-content\/uploads\/2026\/01\/abremu-255x300.jpg",255,300,true],"thumbnail":["https:\/\/universoesportivo.net\/wp-content\/uploads\/2026\/01\/abremu-150x150.jpg",150,150,true]},"magazine_blocks_author":{"display_name":"Tiago Lotto","author_link":"https:\/\/universoesportivo.net\/index.php\/author\/tiago-lotto\/"},"magazine_blocks_comment":0,"magazine_blocks_author_image":"https:\/\/secure.gravatar.com\/avatar\/fd6891125b3fb6ba0b794cd20c3398d5bb0fa20d2b9963a95f19470e5a6192f7?s=96&d=mm&r=g","magazine_blocks_category":"<a href=\"#\" class=\"category-link category-link-17\">ESPORTES<\/a> <a href=\"#\" class=\"category-link category-link-57\">Jiu-Jitsu<\/a>","yoast_head":"<!-- This site is optimized with the Yoast SEO plugin v27.4 - https:\/\/yoast.com\/product\/yoast-seo-wordpress\/ -->\n<title>JIU-JITSU: Atleta de Catanduva conquista o Rio Summer Internacional 2026 - Universo Esportivo<\/title>\n<meta name=\"robots\" content=\"index, follow, max-snippet:-1, max-image-preview:large, max-video-preview:-1\" \/>\n<link rel=\"canonical\" href=\"https:\/\/universoesportivo.net\/index.php\/2026\/01\/12\/jiu-jitsu-atleta-de-catanduva-conquista-o-rio-summer-internacional-2026\/\" \/>\n<meta property=\"og:locale\" content=\"pt_BR\" \/>\n<meta property=\"og:type\" content=\"article\" \/>\n<meta property=\"og:title\" content=\"JIU-JITSU: Atleta de Catanduva conquista o Rio Summer Internacional 2026 - Universo Esportivo\" \/>\n<meta property=\"og:description\" content=\"No Vel\u00f3dromo do Rio de Janeiro, Murilo mostrou uma campanha impec\u00e1vel. Com lutas de alto n\u00edvel, o atleta foi campe\u00e3o invicto, demonstrando controle e estrat\u00e9gia.\" \/>\n<meta property=\"og:url\" content=\"https:\/\/universoesportivo.net\/index.php\/2026\/01\/12\/jiu-jitsu-atleta-de-catanduva-conquista-o-rio-summer-internacional-2026\/\" \/>\n<meta property=\"og:site_name\" content=\"Universo Esportivo\" \/>\n<meta property=\"article:publisher\" content=\"https:\/\/www.facebook.com\/universoesportivo.net\" \/>\n<meta property=\"article:published_time\" content=\"2026-01-12T10:39:09+00:00\" \/>\n<meta property=\"article:modified_time\" content=\"2026-01-13T12:54:36+00:00\" \/>\n<meta property=\"og:image\" content=\"https:\/\/universoesportivo.net\/wp-content\/uploads\/2026\/01\/abremu.jpg\" \/>\n\t<meta property=\"og:image:width\" content=\"430\" \/>\n\t<meta property=\"og:image:height\" content=\"506\" \/>\n\t<meta property=\"og:image:type\" content=\"image\/jpeg\" \/>\n<meta name=\"author\" content=\"Tiago Lotto\" \/>\n<meta name=\"twitter:card\" content=\"summary_large_image\" \/>\n<meta name=\"twitter:label1\" content=\"Escrito por\" \/>\n\t<meta name=\"twitter:data1\" content=\"Tiago Lotto\" \/>\n\t<meta name=\"twitter:label2\" content=\"Est. tempo de leitura\" \/>\n\t<meta name=\"twitter:data2\" content=\"2 minutos\" \/>\n<script type=\"application\/ld+json\" class=\"yoast-schema-graph\">{\"@context\":\"https:\\\/\\\/schema.org\",\"@graph\":[{\"@type\":\"Article\",\"@id\":\"https:\\\/\\\/universoesportivo.net\\\/index.php\\\/2026\\\/01\\\/12\\\/jiu-jitsu-atleta-de-catanduva-conquista-o-rio-summer-internacional-2026\\\/#article\",\"isPartOf\":{\"@id\":\"https:\\\/\\\/universoesportivo.net\\\/index.php\\\/2026\\\/01\\\/12\\\/jiu-jitsu-atleta-de-catanduva-conquista-o-rio-summer-internacional-2026\\\/\"},\"author\":{\"name\":\"Tiago Lotto\",\"@id\":\"https:\\\/\\\/universoesportivo.net\\\/#\\\/schema\\\/person\\\/62bc311bc7def56a6bc83711536e74bd\"},\"headline\":\"JIU-JITSU: Atleta de Catanduva conquista o Rio Summer Internacional 2026\",\"datePublished\":\"2026-01-12T10:39:09+00:00\",\"dateModified\":\"2026-01-13T12:54:36+00:00\",\"mainEntityOfPage\":{\"@id\":\"https:\\\/\\\/universoesportivo.net\\\/index.php\\\/2026\\\/01\\\/12\\\/jiu-jitsu-atleta-de-catanduva-conquista-o-rio-summer-internacional-2026\\\/\"},\"wordCount\":252,\"publisher\":{\"@id\":\"https:\\\/\\\/universoesportivo.net\\\/#organization\"},\"image\":{\"@id\":\"https:\\\/\\\/universoesportivo.net\\\/index.php\\\/2026\\\/01\\\/12\\\/jiu-jitsu-atleta-de-catanduva-conquista-o-rio-summer-internacional-2026\\\/#primaryimage\"},\"thumbnailUrl\":\"https:\\\/\\\/universoesportivo.net\\\/wp-content\\\/uploads\\\/2026\\\/01\\\/abremu.jpg\",\"articleSection\":[\"ESPORTES\",\"Jiu-Jitsu\"],\"inLanguage\":\"pt-BR\"},{\"@type\":\"WebPage\",\"@id\":\"https:\\\/\\\/universoesportivo.net\\\/index.php\\\/2026\\\/01\\\/12\\\/jiu-jitsu-atleta-de-catanduva-conquista-o-rio-summer-internacional-2026\\\/\",\"url\":\"https:\\\/\\\/universoesportivo.net\\\/index.php\\\/2026\\\/01\\\/12\\\/jiu-jitsu-atleta-de-catanduva-conquista-o-rio-summer-internacional-2026\\\/\",\"name\":\"JIU-JITSU: Atleta de Catanduva conquista o Rio Summer Internacional 2026 - Universo Esportivo\",\"isPartOf\":{\"@id\":\"https:\\\/\\\/universoesportivo.net\\\/#website\"},\"primaryImageOfPage\":{\"@id\":\"https:\\\/\\\/universoesportivo.net\\\/index.php\\\/2026\\\/01\\\/12\\\/jiu-jitsu-atleta-de-catanduva-conquista-o-rio-summer-internacional-2026\\\/#primaryimage\"},\"image\":{\"@id\":\"https:\\\/\\\/universoesportivo.net\\\/index.php\\\/2026\\\/01\\\/12\\\/jiu-jitsu-atleta-de-catanduva-conquista-o-rio-summer-internacional-2026\\\/#primaryimage\"},\"thumbnailUrl\":\"https:\\\/\\\/universoesportivo.net\\\/wp-content\\\/uploads\\\/2026\\\/01\\\/abremu.jpg\",\"datePublished\":\"2026-01-12T10:39:09+00:00\",\"dateModified\":\"2026-01-13T12:54:36+00:00\",\"breadcrumb\":{\"@id\":\"https:\\\/\\\/universoesportivo.net\\\/index.php\\\/2026\\\/01\\\/12\\\/jiu-jitsu-atleta-de-catanduva-conquista-o-rio-summer-internacional-2026\\\/#breadcrumb\"},\"inLanguage\":\"pt-BR\",\"potentialAction\":[{\"@type\":\"ReadAction\",\"target\":[\"https:\\\/\\\/universoesportivo.net\\\/index.php\\\/2026\\\/01\\\/12\\\/jiu-jitsu-atleta-de-catanduva-conquista-o-rio-summer-internacional-2026\\\/\"]}]},{\"@type\":\"ImageObject\",\"inLanguage\":\"pt-BR\",\"@id\":\"https:\\\/\\\/universoesportivo.net\\\/index.php\\\/2026\\\/01\\\/12\\\/jiu-jitsu-atleta-de-catanduva-conquista-o-rio-summer-internacional-2026\\\/#primaryimage\",\"url\":\"https:\\\/\\\/universoesportivo.net\\\/wp-content\\\/uploads\\\/2026\\\/01\\\/abremu.jpg\",\"contentUrl\":\"https:\\\/\\\/universoesportivo.net\\\/wp-content\\\/uploads\\\/2026\\\/01\\\/abremu.jpg\",\"width\":430,\"height\":506},{\"@type\":\"BreadcrumbList\",\"@id\":\"https:\\\/\\\/universoesportivo.net\\\/index.php\\\/2026\\\/01\\\/12\\\/jiu-jitsu-atleta-de-catanduva-conquista-o-rio-summer-internacional-2026\\\/#breadcrumb\",\"itemListElement\":[{\"@type\":\"ListItem\",\"position\":1,\"name\":\"In\u00edcio\",\"item\":\"https:\\\/\\\/universoesportivo.net\\\/\"},{\"@type\":\"ListItem\",\"position\":2,\"name\":\"JIU-JITSU: Atleta de Catanduva conquista o Rio Summer Internacional 2026\"}]},{\"@type\":\"WebSite\",\"@id\":\"https:\\\/\\\/universoesportivo.net\\\/#website\",\"url\":\"https:\\\/\\\/universoesportivo.net\\\/\",\"name\":\"Universo Esportivo\",\"description\":\"O portal de todas as modalidades esportivas!\",\"publisher\":{\"@id\":\"https:\\\/\\\/universoesportivo.net\\\/#organization\"},\"alternateName\":\"Jornalista Tiago Contador Lotto\",\"potentialAction\":[{\"@type\":\"SearchAction\",\"target\":{\"@type\":\"EntryPoint\",\"urlTemplate\":\"https:\\\/\\\/universoesportivo.net\\\/?s={search_term_string}\"},\"query-input\":{\"@type\":\"PropertyValueSpecification\",\"valueRequired\":true,\"valueName\":\"search_term_string\"}}],\"inLanguage\":\"pt-BR\"},{\"@type\":\"Organization\",\"@id\":\"https:\\\/\\\/universoesportivo.net\\\/#organization\",\"name\":\"Universo Esportivo\",\"alternateName\":\"Tiago Lotto\",\"url\":\"https:\\\/\\\/universoesportivo.net\\\/\",\"logo\":{\"@type\":\"ImageObject\",\"inLanguage\":\"pt-BR\",\"@id\":\"https:\\\/\\\/universoesportivo.net\\\/#\\\/schema\\\/logo\\\/image\\\/\",\"url\":\"https:\\\/\\\/universoesportivo.net\\\/wp-content\\\/uploads\\\/2024\\\/05\\\/cropped-cropped-universo-6.png\",\"contentUrl\":\"https:\\\/\\\/universoesportivo.net\\\/wp-content\\\/uploads\\\/2024\\\/05\\\/cropped-cropped-universo-6.png\",\"width\":413,\"height\":295,\"caption\":\"Universo Esportivo\"},\"image\":{\"@id\":\"https:\\\/\\\/universoesportivo.net\\\/#\\\/schema\\\/logo\\\/image\\\/\"},\"sameAs\":[\"https:\\\/\\\/www.facebook.com\\\/universoesportivo.net\"]},{\"@type\":\"Person\",\"@id\":\"https:\\\/\\\/universoesportivo.net\\\/#\\\/schema\\\/person\\\/62bc311bc7def56a6bc83711536e74bd\",\"name\":\"Tiago Lotto\",\"image\":{\"@type\":\"ImageObject\",\"inLanguage\":\"pt-BR\",\"@id\":\"https:\\\/\\\/secure.gravatar.com\\\/avatar\\\/fd6891125b3fb6ba0b794cd20c3398d5bb0fa20d2b9963a95f19470e5a6192f7?s=96&d=mm&r=g\",\"url\":\"https:\\\/\\\/secure.gravatar.com\\\/avatar\\\/fd6891125b3fb6ba0b794cd20c3398d5bb0fa20d2b9963a95f19470e5a6192f7?s=96&d=mm&r=g\",\"contentUrl\":\"https:\\\/\\\/secure.gravatar.com\\\/avatar\\\/fd6891125b3fb6ba0b794cd20c3398d5bb0fa20d2b9963a95f19470e5a6192f7?s=96&d=mm&r=g\",\"caption\":\"Tiago Lotto\"},\"url\":\"https:\\\/\\\/universoesportivo.net\\\/index.php\\\/author\\\/tiago-lotto\\\/\"}]}<\/script>\n<!-- \/ Yoast SEO plugin. -->","yoast_head_json":{"title":"JIU-JITSU: Atleta de Catanduva conquista o Rio Summer Internacional 2026 - Universo Esportivo","robots":{"index":"index","follow":"follow","max-snippet":"max-snippet:-1","max-image-preview":"max-image-preview:large","max-video-preview":"max-video-preview:-1"},"canonical":"https:\/\/universoesportivo.net\/index.php\/2026\/01\/12\/jiu-jitsu-atleta-de-catanduva-conquista-o-rio-summer-internacional-2026\/","og_locale":"pt_BR","og_type":"article","og_title":"JIU-JITSU: Atleta de Catanduva conquista o Rio Summer Internacional 2026 - Universo Esportivo","og_description":"No Vel\u00f3dromo do Rio de Janeiro, Murilo mostrou uma campanha impec\u00e1vel. Com lutas de alto n\u00edvel, o atleta foi campe\u00e3o invicto, demonstrando controle e estrat\u00e9gia.","og_url":"https:\/\/universoesportivo.net\/index.php\/2026\/01\/12\/jiu-jitsu-atleta-de-catanduva-conquista-o-rio-summer-internacional-2026\/","og_site_name":"Universo Esportivo","article_publisher":"https:\/\/www.facebook.com\/universoesportivo.net","article_published_time":"2026-01-12T10:39:09+00:00","article_modified_time":"2026-01-13T12:54:36+00:00","og_image":[{"width":430,"height":506,"url":"https:\/\/universoesportivo.net\/wp-content\/uploads\/2026\/01\/abremu.jpg","type":"image\/jpeg"}],"author":"Tiago Lotto","twitter_card":"summary_large_image","twitter_misc":{"Escrito por":"Tiago Lotto","Est. tempo de leitura":"2 minutos"},"schema":{"@context":"https:\/\/schema.org","@graph":[{"@type":"Article","@id":"https:\/\/universoesportivo.net\/index.php\/2026\/01\/12\/jiu-jitsu-atleta-de-catanduva-conquista-o-rio-summer-internacional-2026\/#article","isPartOf":{"@id":"https:\/\/universoesportivo.net\/index.php\/2026\/01\/12\/jiu-jitsu-atleta-de-catanduva-conquista-o-rio-summer-internacional-2026\/"},"author":{"name":"Tiago Lotto","@id":"https:\/\/universoesportivo.net\/#\/schema\/person\/62bc311bc7def56a6bc83711536e74bd"},"headline":"JIU-JITSU: Atleta de Catanduva conquista o Rio Summer Internacional 2026","datePublished":"2026-01-12T10:39:09+00:00","dateModified":"2026-01-13T12:54:36+00:00","mainEntityOfPage":{"@id":"https:\/\/universoesportivo.net\/index.php\/2026\/01\/12\/jiu-jitsu-atleta-de-catanduva-conquista-o-rio-summer-internacional-2026\/"},"wordCount":252,"publisher":{"@id":"https:\/\/universoesportivo.net\/#organization"},"image":{"@id":"https:\/\/universoesportivo.net\/index.php\/2026\/01\/12\/jiu-jitsu-atleta-de-catanduva-conquista-o-rio-summer-internacional-2026\/#primaryimage"},"thumbnailUrl":"https:\/\/universoesportivo.net\/wp-content\/uploads\/2026\/01\/abremu.jpg","articleSection":["ESPORTES","Jiu-Jitsu"],"inLanguage":"pt-BR"},{"@type":"WebPage","@id":"https:\/\/universoesportivo.net\/index.php\/2026\/01\/12\/jiu-jitsu-atleta-de-catanduva-conquista-o-rio-summer-internacional-2026\/","url":"https:\/\/universoesportivo.net\/index.php\/2026\/01\/12\/jiu-jitsu-atleta-de-catanduva-conquista-o-rio-summer-internacional-2026\/","name":"JIU-JITSU: Atleta de Catanduva conquista o Rio Summer Internacional 2026 - Universo Esportivo","isPartOf":{"@id":"https:\/\/universoesportivo.net\/#website"},"primaryImageOfPage":{"@id":"https:\/\/universoesportivo.net\/index.php\/2026\/01\/12\/jiu-jitsu-atleta-de-catanduva-conquista-o-rio-summer-internacional-2026\/#primaryimage"},"image":{"@id":"https:\/\/universoesportivo.net\/index.php\/2026\/01\/12\/jiu-jitsu-atleta-de-catanduva-conquista-o-rio-summer-internacional-2026\/#primaryimage"},"thumbnailUrl":"https:\/\/universoesportivo.net\/wp-content\/uploads\/2026\/01\/abremu.jpg","datePublished":"2026-01-12T10:39:09+00:00","dateModified":"2026-01-13T12:54:36+00:00","breadcrumb":{"@id":"https:\/\/universoesportivo.net\/index.php\/2026\/01\/12\/jiu-jitsu-atleta-de-catanduva-conquista-o-rio-summer-internacional-2026\/#breadcrumb"},"inLanguage":"pt-BR","potentialAction":[{"@type":"ReadAction","target":["https:\/\/universoesportivo.net\/index.php\/2026\/01\/12\/jiu-jitsu-atleta-de-catanduva-conquista-o-rio-summer-internacional-2026\/"]}]},{"@type":"ImageObject","inLanguage":"pt-BR","@id":"https:\/\/universoesportivo.net\/index.php\/2026\/01\/12\/jiu-jitsu-atleta-de-catanduva-conquista-o-rio-summer-internacional-2026\/#primaryimage","url":"https:\/\/universoesportivo.net\/wp-content\/uploads\/2026\/01\/abremu.jpg","contentUrl":"https:\/\/universoesportivo.net\/wp-content\/uploads\/2026\/01\/abremu.jpg","width":430,"height":506},{"@type":"BreadcrumbList","@id":"https:\/\/universoesportivo.net\/index.php\/2026\/01\/12\/jiu-jitsu-atleta-de-catanduva-conquista-o-rio-summer-internacional-2026\/#breadcrumb","itemListElement":[{"@type":"ListItem","position":1,"name":"In\u00edcio","item":"https:\/\/universoesportivo.net\/"},{"@type":"ListItem","position":2,"name":"JIU-JITSU: Atleta de Catanduva conquista o Rio Summer Internacional 2026"}]},{"@type":"WebSite","@id":"https:\/\/universoesportivo.net\/#website","url":"https:\/\/universoesportivo.net\/","name":"Universo Esportivo","description":"O portal de todas as modalidades esportivas!","publisher":{"@id":"https:\/\/universoesportivo.net\/#organization"},"alternateName":"Jornalista Tiago Contador Lotto","potentialAction":[{"@type":"SearchAction","target":{"@type":"EntryPoint","urlTemplate":"https:\/\/universoesportivo.net\/?s={search_term_string}"},"query-input":{"@type":"PropertyValueSpecification","valueRequired":true,"valueName":"search_term_string"}}],"inLanguage":"pt-BR"},{"@type":"Organization","@id":"https:\/\/universoesportivo.net\/#organization","name":"Universo Esportivo","alternateName":"Tiago Lotto","url":"https:\/\/universoesportivo.net\/","logo":{"@type":"ImageObject","inLanguage":"pt-BR","@id":"https:\/\/universoesportivo.net\/#\/schema\/logo\/image\/","url":"https:\/\/universoesportivo.net\/wp-content\/uploads\/2024\/05\/cropped-cropped-universo-6.png","contentUrl":"https:\/\/universoesportivo.net\/wp-content\/uploads\/2024\/05\/cropped-cropped-universo-6.png","width":413,"height":295,"caption":"Universo Esportivo"},"image":{"@id":"https:\/\/universoesportivo.net\/#\/schema\/logo\/image\/"},"sameAs":["https:\/\/www.facebook.com\/universoesportivo.net"]},{"@type":"Person","@id":"https:\/\/universoesportivo.net\/#\/schema\/person\/62bc311bc7def56a6bc83711536e74bd","name":"Tiago Lotto","image":{"@type":"ImageObject","inLanguage":"pt-BR","@id":"https:\/\/secure.gravatar.com\/avatar\/fd6891125b3fb6ba0b794cd20c3398d5bb0fa20d2b9963a95f19470e5a6192f7?s=96&d=mm&r=g","url":"https:\/\/secure.gravatar.com\/avatar\/fd6891125b3fb6ba0b794cd20c3398d5bb0fa20d2b9963a95f19470e5a6192f7?s=96&d=mm&r=g","contentUrl":"https:\/\/secure.gravatar.com\/avatar\/fd6891125b3fb6ba0b794cd20c3398d5bb0fa20d2b9963a95f19470e5a6192f7?s=96&d=mm&r=g","caption":"Tiago Lotto"},"url":"https:\/\/universoesportivo.net\/index.php\/author\/tiago-lotto\/"}]}},"jetpack_featured_media_url":"https:\/\/universoesportivo.net\/wp-content\/uploads\/2026\/01\/abremu.jpg","_links":{"self":[{"href":"https:\/\/universoesportivo.net\/index.php\/wp-json\/wp\/v2\/posts\/2514","targetHints":{"allow":["GET"]}}],"collection":[{"href":"https:\/\/universoesportivo.net\/index.php\/wp-json\/wp\/v2\/posts"}],"about":[{"href":"https:\/\/universoesportivo.net\/index.php\/wp-json\/wp\/v2\/types\/post"}],"author":[{"embeddable":true,"href":"https:\/\/universoesportivo.net\/index.php\/wp-json\/wp\/v2\/users\/2"}],"replies":[{"embeddable":true,"href":"https:\/\/universoesportivo.net\/index.php\/wp-json\/wp\/v2\/comments?post=2514"}],"version-history":[{"count":3,"href":"https:\/\/universoesportivo.net\/index.php\/wp-json\/wp\/v2\/posts\/2514\/revisions"}],"predecessor-version":[{"id":2520,"href":"https:\/\/universoesportivo.net\/index.php\/wp-json\/wp\/v2\/posts\/2514\/revisions\/2520"}],"wp:featuredmedia":[{"embeddable":true,"href":"https:\/\/universoesportivo.net\/index.php\/wp-json\/wp\/v2\/media\/2516"}],"wp:attachment":[{"href":"https:\/\/universoesportivo.net\/index.php\/wp-json\/wp\/v2\/media?parent=2514"}],"wp:term":[{"taxonomy":"category","embeddable":true,"href":"https:\/\/universoesportivo.net\/index.php\/wp-json\/wp\/v2\/categories?post=2514"},{"taxonomy":"post_tag","embeddable":true,"href":"https:\/\/universoesportivo.net\/index.php\/wp-json\/wp\/v2\/tags?post=2514"}],"curies":[{"name":"wp","href":"https:\/\/api.w.org\/{rel}","templated":true}]}}