{"id":2521,"date":"2026-01-16T12:45:29","date_gmt":"2026-01-16T15:45:29","guid":{"rendered":"https:\/\/universoesportivo.net\/?p=2521"},"modified":"2026-01-16T14:58:16","modified_gmt":"2026-01-16T17:58:16","slug":"aos-38-anos-lateral-bruno-santos-concilia-carreira-de-atleta-e-tecnico-e-conduz-o-xv-de-jau-as-oitavas-da-copinha","status":"publish","type":"post","link":"https:\/\/universoesportivo.net\/index.php\/2026\/01\/16\/aos-38-anos-lateral-bruno-santos-concilia-carreira-de-atleta-e-tecnico-e-conduz-o-xv-de-jau-as-oitavas-da-copinha\/","title":{"rendered":"Aos 38 anos, lateral Bruno Santos concilia carreira de atleta e t\u00e9cnico e conduz o XV de Ja\u00fa \u00e0s oitavas da Copinha"},"content":{"rendered":"\n<p class=\"has-medium-font-size\">O XV de Ja\u00fa vive um momento hist\u00f3rico na Copa S\u00e3o Paulo de Futebol J\u00fanior, a Copinha. Um dos principais personagens dessa campanha atende pelo nome de Bruno Santos. Aos 38 anos, o lateral-esquerdo do elenco profissional do clube tamb\u00e9m \u00e9 o t\u00e9cnico da equipe Sub-20 na competi\u00e7\u00e3o, conciliando a rotina de jogador e treinador em um feito &#8211; possivelmente &#8211; in\u00e9dito para o futebol brasileiro.<\/p>\n\n\n\n<p class=\"has-medium-font-size\">Formado em Educa\u00e7\u00e3o F\u00edsica, Bruno segue treinando pela manh\u00e3 com o elenco profissional do XV, que se prepara para a disputa da S\u00e9rie A3 do Campeonato Paulista. No per\u00edodo da tarde, assume o comando t\u00e9cnico da base, liderando o time que alcan\u00e7ou, pela primeira vez, as oitavas de final da Copinha \u2014 a melhor participa\u00e7\u00e3o da hist\u00f3ria do clube no torneio.<\/p>\n\n\n\n<p class=\"has-medium-font-size\">A transi\u00e7\u00e3o come\u00e7ou ap\u00f3s uma les\u00e3o grave no joelho esquerdo sofrida durante a pr\u00e9-temporada. Bruno rompeu o ligamento do joelho esquerdo, passou por cirurgia e iniciou o processo de recupera\u00e7\u00e3o, per\u00edodo em que tamb\u00e9m se dedicou aos estudos, realizando curso da CBF para forma\u00e7\u00e3o de treinadores.<\/p>\n\n\n\n<p class=\"has-medium-font-size\">Durante a reabilita\u00e7\u00e3o, atuou como auxiliar t\u00e9cnico do Sub-20 e, posteriormente, recebeu o convite do presidente Careca Paiva para integrar a comiss\u00e3o t\u00e9cnica da base.<\/p>\n\n\n\n<p class=\"has-medium-font-size\">Com a sa\u00edda do ent\u00e3o treinador Isaque Pereira, a diretoria apostou no nome de Bruno Santos para assumir o Sub-20 na Copinha. O convite foi aceito e rapidamente transformado em resultados dentro de campo.<\/p>\n\n\n\n<p class=\"has-medium-font-size\">\u201cEstou fazendo essa transi\u00e7\u00e3o de jogador para treinador e a diretoria me deu liberdade para isso. Estou muito feliz pela experi\u00eancia na Copinha. \u00c9 uma experi\u00eancia absurdamente boa\u201d, destacou Bruno, que segue nas duas fun\u00e7\u00f5es no time do interior paulista.<\/p>\n\n\n\n<p class=\"has-medium-font-size\">COPINHA 2026 \u2013 A cidade de Ja\u00fa (300 km at\u00e9 S\u00e3o Paulo) \u00e9 uma das sedes da Copa SP de Futebol J\u00fanior. A campanha do XV de Ja\u00fa na competi\u00e7\u00e3o come\u00e7ou com duas vit\u00f3rias e uma derrota na fase de grupos.<\/p>\n\n\n\n<p class=\"has-medium-font-size\">O Galo da Comarca, como \u00e9 o apelido do time, venceu Luverdense-MT e Trindade-GO, ambos por 2 a 1, e foi superado pelo Corinthians por 3 a 2, garantindo a segunda coloca\u00e7\u00e3o do Grupo 8. Na fase eliminat\u00f3ria, a equipe passou pelo Athletic Club-MG nos p\u00eanaltis, ap\u00f3s empate em 2 a 2 no tempo normal, e avan\u00e7ou \u00e0s oitavas ao vencer o Guarani por 1 a 0.<\/p>\n\n\n\n<p class=\"has-medium-font-size\">Nesta sexta-feira (16), o XV de Ja\u00fa enfrenta o Cear\u00e1, \u00e0s 20h30, no Est\u00e1dio Zezinho Magalh\u00e3es, o Jauz\u00e3o, em busca de mais um cap\u00edtulo hist\u00f3rico na Copinha.<\/p>\n\n\n\n<p class=\"has-medium-font-size\">OUTRO XV &#8211; Antes de acertar com XV de Ja\u00fa, Bruno Santos estava no XV de Piracicaba. Agora, al\u00e9m de seguir atuando como atleta profissional, j\u00e1 trilha com consist\u00eancia o caminho \u00e0 beira do gramado, mostrando que a transi\u00e7\u00e3o de carreira pode ser feita dentro do pr\u00f3prio jogo.<\/p>\n\n\n\n<p class=\"has-medium-font-size\">Da Reda\u00e7\u00e3o \u2013 Tiago Lotto \u2013 Universo Esportivo<\/p>\n\n\n\n<p>Fotos: Instagram do XV de Ja\u00fa<\/p>\n\n\n\n<figure class=\"wp-block-image\"><img fetchpriority=\"high\" decoding=\"async\" width=\"500\" height=\"605\" src=\"https:\/\/universoesportivo.net\/wp-content\/uploads\/2026\/01\/brunoabaixo1-1.jpg\" alt=\"\" class=\"wp-image-2524\" srcset=\"https:\/\/universoesportivo.net\/wp-content\/uploads\/2026\/01\/brunoabaixo1-1.jpg 500w, https:\/\/universoesportivo.net\/wp-content\/uploads\/2026\/01\/brunoabaixo1-1-248x300.jpg 248w, https:\/\/universoesportivo.net\/wp-content\/uploads\/2026\/01\/brunoabaixo1-1-10x12.jpg 10w\" sizes=\"(max-width: 500px) 100vw, 500px\" \/><\/figure>\n\n\n\n<p><\/p>\n\n\n\n<figure class=\"wp-block-image\"><img decoding=\"async\" width=\"500\" height=\"391\" src=\"https:\/\/universoesportivo.net\/wp-content\/uploads\/2026\/01\/brunoabaixo2.jpg\" alt=\"\" class=\"wp-image-2522\" srcset=\"https:\/\/universoesportivo.net\/wp-content\/uploads\/2026\/01\/brunoabaixo2.jpg 500w, https:\/\/universoesportivo.net\/wp-content\/uploads\/2026\/01\/brunoabaixo2-300x235.jpg 300w, https:\/\/universoesportivo.net\/wp-content\/uploads\/2026\/01\/brunoabaixo2-15x12.jpg 15w\" sizes=\"(max-width: 500px) 100vw, 500px\" \/><\/figure>\n","protected":false},"excerpt":{"rendered":"<p>Formado em Educa\u00e7\u00e3o F\u00edsica, Bruno segue treinando pela manh\u00e3 com o profissional do XV. A tarde, assume o comando t\u00e9cnico da base.<\/p>\n","protected":false},"author":2,"featured_media":2525,"comment_status":"closed","ping_status":"closed","sticky":false,"template":"","format":"standard","meta":{"colormag_page_container_layout":"default_layout","colormag_page_sidebar_layout":"default_layout","footnotes":""},"categories":[17,43],"tags":[],"class_list":["post-2521","post","type-post","status-publish","format-standard","has-post-thumbnail","hentry","category-esportes","category-futebol"],"magazineBlocksPostFeaturedMedia":{"thumbnail":"https:\/\/universoesportivo.net\/wp-content\/uploads\/2026\/01\/abrejogaetreina-150x150.jpg","medium":"https:\/\/universoesportivo.net\/wp-content\/uploads\/2026\/01\/abrejogaetreina-300x300.jpg","medium_large":"https:\/\/universoesportivo.net\/wp-content\/uploads\/2026\/01\/abrejogaetreina.jpg","large":"https:\/\/universoesportivo.net\/wp-content\/uploads\/2026\/01\/abrejogaetreina.jpg","1536x1536":"https:\/\/universoesportivo.net\/wp-content\/uploads\/2026\/01\/abrejogaetreina.jpg","2048x2048":"https:\/\/universoesportivo.net\/wp-content\/uploads\/2026\/01\/abrejogaetreina.jpg","trp-custom-language-flag":"https:\/\/universoesportivo.net\/wp-content\/uploads\/2026\/01\/abrejogaetreina-12x12.jpg","colormag-highlighted-post":"https:\/\/universoesportivo.net\/wp-content\/uploads\/2026\/01\/abrejogaetreina-392x272.jpg","colormag-featured-post-medium":"https:\/\/universoesportivo.net\/wp-content\/uploads\/2026\/01\/abrejogaetreina-390x205.jpg","colormag-featured-post-small":"https:\/\/universoesportivo.net\/wp-content\/uploads\/2026\/01\/abrejogaetreina-130x90.jpg","colormag-featured-image":"https:\/\/universoesportivo.net\/wp-content\/uploads\/2026\/01\/abrejogaetreina-550x445.jpg","colormag-default-news":"https:\/\/universoesportivo.net\/wp-content\/uploads\/2026\/01\/abrejogaetreina-150x150.jpg","colormag-featured-image-large":"https:\/\/universoesportivo.net\/wp-content\/uploads\/2026\/01\/abrejogaetreina.jpg","colormag-elementor-block-extra-large-thumbnail":"https:\/\/universoesportivo.net\/wp-content\/uploads\/2026\/01\/abrejogaetreina-550x480.jpg","colormag-elementor-grid-large-thumbnail":"https:\/\/universoesportivo.net\/wp-content\/uploads\/2026\/01\/abrejogaetreina-550x417.jpg","colormag-elementor-grid-small-thumbnail":"https:\/\/universoesportivo.net\/wp-content\/uploads\/2026\/01\/abrejogaetreina-285x450.jpg","colormag-elementor-grid-medium-large-thumbnail":"https:\/\/universoesportivo.net\/wp-content\/uploads\/2026\/01\/abrejogaetreina-550x198.jpg"},"magazineBlocksPostAuthor":{"name":"Tiago Lotto","avatar":"https:\/\/secure.gravatar.com\/avatar\/fd6891125b3fb6ba0b794cd20c3398d5bb0fa20d2b9963a95f19470e5a6192f7?s=96&d=mm&r=g"},"magazineBlocksPostCommentsNumber":false,"magazineBlocksPostExcerpt":"Formado em Educa\u00e7\u00e3o F\u00edsica, Bruno segue treinando pela manh\u00e3 com o profissional do XV. A tarde, assume o comando t\u00e9cnico da base.","magazineBlocksPostCategories":["ESPORTES","Futebol"],"magazineBlocksPostViewCount":55,"magazineBlocksPostReadTime":3,"magazine_blocks_featured_image_url":{"full":["https:\/\/universoesportivo.net\/wp-content\/uploads\/2026\/01\/abrejogaetreina.jpg",550,550,false],"medium":["https:\/\/universoesportivo.net\/wp-content\/uploads\/2026\/01\/abrejogaetreina-300x300.jpg",300,300,true],"thumbnail":["https:\/\/universoesportivo.net\/wp-content\/uploads\/2026\/01\/abrejogaetreina-150x150.jpg",150,150,true]},"magazine_blocks_author":{"display_name":"Tiago Lotto","author_link":"https:\/\/universoesportivo.net\/index.php\/author\/tiago-lotto\/"},"magazine_blocks_comment":0,"magazine_blocks_author_image":"https:\/\/secure.gravatar.com\/avatar\/fd6891125b3fb6ba0b794cd20c3398d5bb0fa20d2b9963a95f19470e5a6192f7?s=96&d=mm&r=g","magazine_blocks_category":"<a href=\"#\" class=\"category-link category-link-17\">ESPORTES<\/a> <a href=\"#\" class=\"category-link category-link-43\">Futebol<\/a>","yoast_head":"<!-- This site is optimized with the Yoast SEO plugin v27.4 - https:\/\/yoast.com\/product\/yoast-seo-wordpress\/ -->\n<title>Aos 38 anos, lateral Bruno Santos concilia carreira de atleta e t\u00e9cnico e conduz o XV de Ja\u00fa \u00e0s oitavas da Copinha - Universo Esportivo<\/title>\n<meta name=\"robots\" content=\"index, follow, max-snippet:-1, max-image-preview:large, max-video-preview:-1\" \/>\n<link rel=\"canonical\" href=\"https:\/\/universoesportivo.net\/index.php\/2026\/01\/16\/aos-38-anos-lateral-bruno-santos-concilia-carreira-de-atleta-e-tecnico-e-conduz-o-xv-de-jau-as-oitavas-da-copinha\/\" \/>\n<meta property=\"og:locale\" content=\"pt_BR\" \/>\n<meta property=\"og:type\" content=\"article\" \/>\n<meta property=\"og:title\" content=\"Aos 38 anos, lateral Bruno Santos concilia carreira de atleta e t\u00e9cnico e conduz o XV de Ja\u00fa \u00e0s oitavas da Copinha - Universo Esportivo\" \/>\n<meta property=\"og:description\" content=\"Formado em Educa\u00e7\u00e3o F\u00edsica, Bruno segue treinando pela manh\u00e3 com o profissional do XV. A tarde, assume o comando t\u00e9cnico da base.\" \/>\n<meta property=\"og:url\" content=\"https:\/\/universoesportivo.net\/index.php\/2026\/01\/16\/aos-38-anos-lateral-bruno-santos-concilia-carreira-de-atleta-e-tecnico-e-conduz-o-xv-de-jau-as-oitavas-da-copinha\/\" \/>\n<meta property=\"og:site_name\" content=\"Universo Esportivo\" \/>\n<meta property=\"article:publisher\" content=\"https:\/\/www.facebook.com\/universoesportivo.net\" \/>\n<meta property=\"article:published_time\" content=\"2026-01-16T15:45:29+00:00\" \/>\n<meta property=\"article:modified_time\" content=\"2026-01-16T17:58:16+00:00\" \/>\n<meta property=\"og:image\" content=\"https:\/\/universoesportivo.net\/wp-content\/uploads\/2026\/01\/abrejogaetreina.jpg\" \/>\n\t<meta property=\"og:image:width\" content=\"550\" \/>\n\t<meta property=\"og:image:height\" content=\"550\" \/>\n\t<meta property=\"og:image:type\" content=\"image\/jpeg\" \/>\n<meta name=\"author\" content=\"Tiago Lotto\" \/>\n<meta name=\"twitter:card\" content=\"summary_large_image\" \/>\n<meta name=\"twitter:label1\" content=\"Escrito por\" \/>\n\t<meta name=\"twitter:data1\" content=\"Tiago Lotto\" \/>\n\t<meta name=\"twitter:label2\" content=\"Est. tempo de leitura\" \/>\n\t<meta name=\"twitter:data2\" content=\"4 minutos\" \/>\n<script type=\"application\/ld+json\" class=\"yoast-schema-graph\">{\"@context\":\"https:\\\/\\\/schema.org\",\"@graph\":[{\"@type\":\"Article\",\"@id\":\"https:\\\/\\\/universoesportivo.net\\\/index.php\\\/2026\\\/01\\\/16\\\/aos-38-anos-lateral-bruno-santos-concilia-carreira-de-atleta-e-tecnico-e-conduz-o-xv-de-jau-as-oitavas-da-copinha\\\/#article\",\"isPartOf\":{\"@id\":\"https:\\\/\\\/universoesportivo.net\\\/index.php\\\/2026\\\/01\\\/16\\\/aos-38-anos-lateral-bruno-santos-concilia-carreira-de-atleta-e-tecnico-e-conduz-o-xv-de-jau-as-oitavas-da-copinha\\\/\"},\"author\":{\"name\":\"Tiago Lotto\",\"@id\":\"https:\\\/\\\/universoesportivo.net\\\/#\\\/schema\\\/person\\\/62bc311bc7def56a6bc83711536e74bd\"},\"headline\":\"Aos 38 anos, lateral Bruno Santos concilia carreira de atleta e t\u00e9cnico e conduz o XV de Ja\u00fa \u00e0s oitavas da Copinha\",\"datePublished\":\"2026-01-16T15:45:29+00:00\",\"dateModified\":\"2026-01-16T17:58:16+00:00\",\"mainEntityOfPage\":{\"@id\":\"https:\\\/\\\/universoesportivo.net\\\/index.php\\\/2026\\\/01\\\/16\\\/aos-38-anos-lateral-bruno-santos-concilia-carreira-de-atleta-e-tecnico-e-conduz-o-xv-de-jau-as-oitavas-da-copinha\\\/\"},\"wordCount\":523,\"publisher\":{\"@id\":\"https:\\\/\\\/universoesportivo.net\\\/#organization\"},\"image\":{\"@id\":\"https:\\\/\\\/universoesportivo.net\\\/index.php\\\/2026\\\/01\\\/16\\\/aos-38-anos-lateral-bruno-santos-concilia-carreira-de-atleta-e-tecnico-e-conduz-o-xv-de-jau-as-oitavas-da-copinha\\\/#primaryimage\"},\"thumbnailUrl\":\"https:\\\/\\\/universoesportivo.net\\\/wp-content\\\/uploads\\\/2026\\\/01\\\/abrejogaetreina.jpg\",\"articleSection\":[\"ESPORTES\",\"Futebol\"],\"inLanguage\":\"pt-BR\"},{\"@type\":\"WebPage\",\"@id\":\"https:\\\/\\\/universoesportivo.net\\\/index.php\\\/2026\\\/01\\\/16\\\/aos-38-anos-lateral-bruno-santos-concilia-carreira-de-atleta-e-tecnico-e-conduz-o-xv-de-jau-as-oitavas-da-copinha\\\/\",\"url\":\"https:\\\/\\\/universoesportivo.net\\\/index.php\\\/2026\\\/01\\\/16\\\/aos-38-anos-lateral-bruno-santos-concilia-carreira-de-atleta-e-tecnico-e-conduz-o-xv-de-jau-as-oitavas-da-copinha\\\/\",\"name\":\"Aos 38 anos, lateral Bruno Santos concilia carreira de atleta e t\u00e9cnico e conduz o XV de Ja\u00fa \u00e0s oitavas da Copinha - Universo Esportivo\",\"isPartOf\":{\"@id\":\"https:\\\/\\\/universoesportivo.net\\\/#website\"},\"primaryImageOfPage\":{\"@id\":\"https:\\\/\\\/universoesportivo.net\\\/index.php\\\/2026\\\/01\\\/16\\\/aos-38-anos-lateral-bruno-santos-concilia-carreira-de-atleta-e-tecnico-e-conduz-o-xv-de-jau-as-oitavas-da-copinha\\\/#primaryimage\"},\"image\":{\"@id\":\"https:\\\/\\\/universoesportivo.net\\\/index.php\\\/2026\\\/01\\\/16\\\/aos-38-anos-lateral-bruno-santos-concilia-carreira-de-atleta-e-tecnico-e-conduz-o-xv-de-jau-as-oitavas-da-copinha\\\/#primaryimage\"},\"thumbnailUrl\":\"https:\\\/\\\/universoesportivo.net\\\/wp-content\\\/uploads\\\/2026\\\/01\\\/abrejogaetreina.jpg\",\"datePublished\":\"2026-01-16T15:45:29+00:00\",\"dateModified\":\"2026-01-16T17:58:16+00:00\",\"breadcrumb\":{\"@id\":\"https:\\\/\\\/universoesportivo.net\\\/index.php\\\/2026\\\/01\\\/16\\\/aos-38-anos-lateral-bruno-santos-concilia-carreira-de-atleta-e-tecnico-e-conduz-o-xv-de-jau-as-oitavas-da-copinha\\\/#breadcrumb\"},\"inLanguage\":\"pt-BR\",\"potentialAction\":[{\"@type\":\"ReadAction\",\"target\":[\"https:\\\/\\\/universoesportivo.net\\\/index.php\\\/2026\\\/01\\\/16\\\/aos-38-anos-lateral-bruno-santos-concilia-carreira-de-atleta-e-tecnico-e-conduz-o-xv-de-jau-as-oitavas-da-copinha\\\/\"]}]},{\"@type\":\"ImageObject\",\"inLanguage\":\"pt-BR\",\"@id\":\"https:\\\/\\\/universoesportivo.net\\\/index.php\\\/2026\\\/01\\\/16\\\/aos-38-anos-lateral-bruno-santos-concilia-carreira-de-atleta-e-tecnico-e-conduz-o-xv-de-jau-as-oitavas-da-copinha\\\/#primaryimage\",\"url\":\"https:\\\/\\\/universoesportivo.net\\\/wp-content\\\/uploads\\\/2026\\\/01\\\/abrejogaetreina.jpg\",\"contentUrl\":\"https:\\\/\\\/universoesportivo.net\\\/wp-content\\\/uploads\\\/2026\\\/01\\\/abrejogaetreina.jpg\",\"width\":550,\"height\":550},{\"@type\":\"BreadcrumbList\",\"@id\":\"https:\\\/\\\/universoesportivo.net\\\/index.php\\\/2026\\\/01\\\/16\\\/aos-38-anos-lateral-bruno-santos-concilia-carreira-de-atleta-e-tecnico-e-conduz-o-xv-de-jau-as-oitavas-da-copinha\\\/#breadcrumb\",\"itemListElement\":[{\"@type\":\"ListItem\",\"position\":1,\"name\":\"In\u00edcio\",\"item\":\"https:\\\/\\\/universoesportivo.net\\\/\"},{\"@type\":\"ListItem\",\"position\":2,\"name\":\"Aos 38 anos, lateral Bruno Santos concilia carreira de atleta e t\u00e9cnico e conduz o XV de Ja\u00fa \u00e0s oitavas da Copinha\"}]},{\"@type\":\"WebSite\",\"@id\":\"https:\\\/\\\/universoesportivo.net\\\/#website\",\"url\":\"https:\\\/\\\/universoesportivo.net\\\/\",\"name\":\"Universo Esportivo\",\"description\":\"O portal de todas as modalidades esportivas!\",\"publisher\":{\"@id\":\"https:\\\/\\\/universoesportivo.net\\\/#organization\"},\"alternateName\":\"Jornalista Tiago Contador Lotto\",\"potentialAction\":[{\"@type\":\"SearchAction\",\"target\":{\"@type\":\"EntryPoint\",\"urlTemplate\":\"https:\\\/\\\/universoesportivo.net\\\/?s={search_term_string}\"},\"query-input\":{\"@type\":\"PropertyValueSpecification\",\"valueRequired\":true,\"valueName\":\"search_term_string\"}}],\"inLanguage\":\"pt-BR\"},{\"@type\":\"Organization\",\"@id\":\"https:\\\/\\\/universoesportivo.net\\\/#organization\",\"name\":\"Universo Esportivo\",\"alternateName\":\"Tiago Lotto\",\"url\":\"https:\\\/\\\/universoesportivo.net\\\/\",\"logo\":{\"@type\":\"ImageObject\",\"inLanguage\":\"pt-BR\",\"@id\":\"https:\\\/\\\/universoesportivo.net\\\/#\\\/schema\\\/logo\\\/image\\\/\",\"url\":\"https:\\\/\\\/universoesportivo.net\\\/wp-content\\\/uploads\\\/2024\\\/05\\\/cropped-cropped-universo-6.png\",\"contentUrl\":\"https:\\\/\\\/universoesportivo.net\\\/wp-content\\\/uploads\\\/2024\\\/05\\\/cropped-cropped-universo-6.png\",\"width\":413,\"height\":295,\"caption\":\"Universo Esportivo\"},\"image\":{\"@id\":\"https:\\\/\\\/universoesportivo.net\\\/#\\\/schema\\\/logo\\\/image\\\/\"},\"sameAs\":[\"https:\\\/\\\/www.facebook.com\\\/universoesportivo.net\"]},{\"@type\":\"Person\",\"@id\":\"https:\\\/\\\/universoesportivo.net\\\/#\\\/schema\\\/person\\\/62bc311bc7def56a6bc83711536e74bd\",\"name\":\"Tiago Lotto\",\"image\":{\"@type\":\"ImageObject\",\"inLanguage\":\"pt-BR\",\"@id\":\"https:\\\/\\\/secure.gravatar.com\\\/avatar\\\/fd6891125b3fb6ba0b794cd20c3398d5bb0fa20d2b9963a95f19470e5a6192f7?s=96&d=mm&r=g\",\"url\":\"https:\\\/\\\/secure.gravatar.com\\\/avatar\\\/fd6891125b3fb6ba0b794cd20c3398d5bb0fa20d2b9963a95f19470e5a6192f7?s=96&d=mm&r=g\",\"contentUrl\":\"https:\\\/\\\/secure.gravatar.com\\\/avatar\\\/fd6891125b3fb6ba0b794cd20c3398d5bb0fa20d2b9963a95f19470e5a6192f7?s=96&d=mm&r=g\",\"caption\":\"Tiago Lotto\"},\"url\":\"https:\\\/\\\/universoesportivo.net\\\/index.php\\\/author\\\/tiago-lotto\\\/\"}]}<\/script>\n<!-- \/ Yoast SEO plugin. -->","yoast_head_json":{"title":"Aos 38 anos, lateral Bruno Santos concilia carreira de atleta e t\u00e9cnico e conduz o XV de Ja\u00fa \u00e0s oitavas da Copinha - Universo Esportivo","robots":{"index":"index","follow":"follow","max-snippet":"max-snippet:-1","max-image-preview":"max-image-preview:large","max-video-preview":"max-video-preview:-1"},"canonical":"https:\/\/universoesportivo.net\/index.php\/2026\/01\/16\/aos-38-anos-lateral-bruno-santos-concilia-carreira-de-atleta-e-tecnico-e-conduz-o-xv-de-jau-as-oitavas-da-copinha\/","og_locale":"pt_BR","og_type":"article","og_title":"Aos 38 anos, lateral Bruno Santos concilia carreira de atleta e t\u00e9cnico e conduz o XV de Ja\u00fa \u00e0s oitavas da Copinha - Universo Esportivo","og_description":"Formado em Educa\u00e7\u00e3o F\u00edsica, Bruno segue treinando pela manh\u00e3 com o profissional do XV. A tarde, assume o comando t\u00e9cnico da base.","og_url":"https:\/\/universoesportivo.net\/index.php\/2026\/01\/16\/aos-38-anos-lateral-bruno-santos-concilia-carreira-de-atleta-e-tecnico-e-conduz-o-xv-de-jau-as-oitavas-da-copinha\/","og_site_name":"Universo Esportivo","article_publisher":"https:\/\/www.facebook.com\/universoesportivo.net","article_published_time":"2026-01-16T15:45:29+00:00","article_modified_time":"2026-01-16T17:58:16+00:00","og_image":[{"width":550,"height":550,"url":"https:\/\/universoesportivo.net\/wp-content\/uploads\/2026\/01\/abrejogaetreina.jpg","type":"image\/jpeg"}],"author":"Tiago Lotto","twitter_card":"summary_large_image","twitter_misc":{"Escrito por":"Tiago Lotto","Est. tempo de leitura":"4 minutos"},"schema":{"@context":"https:\/\/schema.org","@graph":[{"@type":"Article","@id":"https:\/\/universoesportivo.net\/index.php\/2026\/01\/16\/aos-38-anos-lateral-bruno-santos-concilia-carreira-de-atleta-e-tecnico-e-conduz-o-xv-de-jau-as-oitavas-da-copinha\/#article","isPartOf":{"@id":"https:\/\/universoesportivo.net\/index.php\/2026\/01\/16\/aos-38-anos-lateral-bruno-santos-concilia-carreira-de-atleta-e-tecnico-e-conduz-o-xv-de-jau-as-oitavas-da-copinha\/"},"author":{"name":"Tiago Lotto","@id":"https:\/\/universoesportivo.net\/#\/schema\/person\/62bc311bc7def56a6bc83711536e74bd"},"headline":"Aos 38 anos, lateral Bruno Santos concilia carreira de atleta e t\u00e9cnico e conduz o XV de Ja\u00fa \u00e0s oitavas da Copinha","datePublished":"2026-01-16T15:45:29+00:00","dateModified":"2026-01-16T17:58:16+00:00","mainEntityOfPage":{"@id":"https:\/\/universoesportivo.net\/index.php\/2026\/01\/16\/aos-38-anos-lateral-bruno-santos-concilia-carreira-de-atleta-e-tecnico-e-conduz-o-xv-de-jau-as-oitavas-da-copinha\/"},"wordCount":523,"publisher":{"@id":"https:\/\/universoesportivo.net\/#organization"},"image":{"@id":"https:\/\/universoesportivo.net\/index.php\/2026\/01\/16\/aos-38-anos-lateral-bruno-santos-concilia-carreira-de-atleta-e-tecnico-e-conduz-o-xv-de-jau-as-oitavas-da-copinha\/#primaryimage"},"thumbnailUrl":"https:\/\/universoesportivo.net\/wp-content\/uploads\/2026\/01\/abrejogaetreina.jpg","articleSection":["ESPORTES","Futebol"],"inLanguage":"pt-BR"},{"@type":"WebPage","@id":"https:\/\/universoesportivo.net\/index.php\/2026\/01\/16\/aos-38-anos-lateral-bruno-santos-concilia-carreira-de-atleta-e-tecnico-e-conduz-o-xv-de-jau-as-oitavas-da-copinha\/","url":"https:\/\/universoesportivo.net\/index.php\/2026\/01\/16\/aos-38-anos-lateral-bruno-santos-concilia-carreira-de-atleta-e-tecnico-e-conduz-o-xv-de-jau-as-oitavas-da-copinha\/","name":"Aos 38 anos, lateral Bruno Santos concilia carreira de atleta e t\u00e9cnico e conduz o XV de Ja\u00fa \u00e0s oitavas da Copinha - Universo Esportivo","isPartOf":{"@id":"https:\/\/universoesportivo.net\/#website"},"primaryImageOfPage":{"@id":"https:\/\/universoesportivo.net\/index.php\/2026\/01\/16\/aos-38-anos-lateral-bruno-santos-concilia-carreira-de-atleta-e-tecnico-e-conduz-o-xv-de-jau-as-oitavas-da-copinha\/#primaryimage"},"image":{"@id":"https:\/\/universoesportivo.net\/index.php\/2026\/01\/16\/aos-38-anos-lateral-bruno-santos-concilia-carreira-de-atleta-e-tecnico-e-conduz-o-xv-de-jau-as-oitavas-da-copinha\/#primaryimage"},"thumbnailUrl":"https:\/\/universoesportivo.net\/wp-content\/uploads\/2026\/01\/abrejogaetreina.jpg","datePublished":"2026-01-16T15:45:29+00:00","dateModified":"2026-01-16T17:58:16+00:00","breadcrumb":{"@id":"https:\/\/universoesportivo.net\/index.php\/2026\/01\/16\/aos-38-anos-lateral-bruno-santos-concilia-carreira-de-atleta-e-tecnico-e-conduz-o-xv-de-jau-as-oitavas-da-copinha\/#breadcrumb"},"inLanguage":"pt-BR","potentialAction":[{"@type":"ReadAction","target":["https:\/\/universoesportivo.net\/index.php\/2026\/01\/16\/aos-38-anos-lateral-bruno-santos-concilia-carreira-de-atleta-e-tecnico-e-conduz-o-xv-de-jau-as-oitavas-da-copinha\/"]}]},{"@type":"ImageObject","inLanguage":"pt-BR","@id":"https:\/\/universoesportivo.net\/index.php\/2026\/01\/16\/aos-38-anos-lateral-bruno-santos-concilia-carreira-de-atleta-e-tecnico-e-conduz-o-xv-de-jau-as-oitavas-da-copinha\/#primaryimage","url":"https:\/\/universoesportivo.net\/wp-content\/uploads\/2026\/01\/abrejogaetreina.jpg","contentUrl":"https:\/\/universoesportivo.net\/wp-content\/uploads\/2026\/01\/abrejogaetreina.jpg","width":550,"height":550},{"@type":"BreadcrumbList","@id":"https:\/\/universoesportivo.net\/index.php\/2026\/01\/16\/aos-38-anos-lateral-bruno-santos-concilia-carreira-de-atleta-e-tecnico-e-conduz-o-xv-de-jau-as-oitavas-da-copinha\/#breadcrumb","itemListElement":[{"@type":"ListItem","position":1,"name":"In\u00edcio","item":"https:\/\/universoesportivo.net\/"},{"@type":"ListItem","position":2,"name":"Aos 38 anos, lateral Bruno Santos concilia carreira de atleta e t\u00e9cnico e conduz o XV de Ja\u00fa \u00e0s oitavas da Copinha"}]},{"@type":"WebSite","@id":"https:\/\/universoesportivo.net\/#website","url":"https:\/\/universoesportivo.net\/","name":"Universo Esportivo","description":"O portal de todas as modalidades esportivas!","publisher":{"@id":"https:\/\/universoesportivo.net\/#organization"},"alternateName":"Jornalista Tiago Contador Lotto","potentialAction":[{"@type":"SearchAction","target":{"@type":"EntryPoint","urlTemplate":"https:\/\/universoesportivo.net\/?s={search_term_string}"},"query-input":{"@type":"PropertyValueSpecification","valueRequired":true,"valueName":"search_term_string"}}],"inLanguage":"pt-BR"},{"@type":"Organization","@id":"https:\/\/universoesportivo.net\/#organization","name":"Universo Esportivo","alternateName":"Tiago Lotto","url":"https:\/\/universoesportivo.net\/","logo":{"@type":"ImageObject","inLanguage":"pt-BR","@id":"https:\/\/universoesportivo.net\/#\/schema\/logo\/image\/","url":"https:\/\/universoesportivo.net\/wp-content\/uploads\/2024\/05\/cropped-cropped-universo-6.png","contentUrl":"https:\/\/universoesportivo.net\/wp-content\/uploads\/2024\/05\/cropped-cropped-universo-6.png","width":413,"height":295,"caption":"Universo Esportivo"},"image":{"@id":"https:\/\/universoesportivo.net\/#\/schema\/logo\/image\/"},"sameAs":["https:\/\/www.facebook.com\/universoesportivo.net"]},{"@type":"Person","@id":"https:\/\/universoesportivo.net\/#\/schema\/person\/62bc311bc7def56a6bc83711536e74bd","name":"Tiago Lotto","image":{"@type":"ImageObject","inLanguage":"pt-BR","@id":"https:\/\/secure.gravatar.com\/avatar\/fd6891125b3fb6ba0b794cd20c3398d5bb0fa20d2b9963a95f19470e5a6192f7?s=96&d=mm&r=g","url":"https:\/\/secure.gravatar.com\/avatar\/fd6891125b3fb6ba0b794cd20c3398d5bb0fa20d2b9963a95f19470e5a6192f7?s=96&d=mm&r=g","contentUrl":"https:\/\/secure.gravatar.com\/avatar\/fd6891125b3fb6ba0b794cd20c3398d5bb0fa20d2b9963a95f19470e5a6192f7?s=96&d=mm&r=g","caption":"Tiago Lotto"},"url":"https:\/\/universoesportivo.net\/index.php\/author\/tiago-lotto\/"}]}},"jetpack_featured_media_url":"https:\/\/universoesportivo.net\/wp-content\/uploads\/2026\/01\/abrejogaetreina.jpg","_links":{"self":[{"href":"https:\/\/universoesportivo.net\/index.php\/wp-json\/wp\/v2\/posts\/2521","targetHints":{"allow":["GET"]}}],"collection":[{"href":"https:\/\/universoesportivo.net\/index.php\/wp-json\/wp\/v2\/posts"}],"about":[{"href":"https:\/\/universoesportivo.net\/index.php\/wp-json\/wp\/v2\/types\/post"}],"author":[{"embeddable":true,"href":"https:\/\/universoesportivo.net\/index.php\/wp-json\/wp\/v2\/users\/2"}],"replies":[{"embeddable":true,"href":"https:\/\/universoesportivo.net\/index.php\/wp-json\/wp\/v2\/comments?post=2521"}],"version-history":[{"count":2,"href":"https:\/\/universoesportivo.net\/index.php\/wp-json\/wp\/v2\/posts\/2521\/revisions"}],"predecessor-version":[{"id":2527,"href":"https:\/\/universoesportivo.net\/index.php\/wp-json\/wp\/v2\/posts\/2521\/revisions\/2527"}],"wp:featuredmedia":[{"embeddable":true,"href":"https:\/\/universoesportivo.net\/index.php\/wp-json\/wp\/v2\/media\/2525"}],"wp:attachment":[{"href":"https:\/\/universoesportivo.net\/index.php\/wp-json\/wp\/v2\/media?parent=2521"}],"wp:term":[{"taxonomy":"category","embeddable":true,"href":"https:\/\/universoesportivo.net\/index.php\/wp-json\/wp\/v2\/categories?post=2521"},{"taxonomy":"post_tag","embeddable":true,"href":"https:\/\/universoesportivo.net\/index.php\/wp-json\/wp\/v2\/tags?post=2521"}],"curies":[{"name":"wp","href":"https:\/\/api.w.org\/{rel}","templated":true}]}}