{"id":2556,"date":"2026-01-26T12:40:03","date_gmt":"2026-01-26T15:40:03","guid":{"rendered":"https:\/\/universoesportivo.net\/?p=2556"},"modified":"2026-01-26T17:15:11","modified_gmt":"2026-01-26T20:15:11","slug":"em-ano-de-copa-do-mundo-sesp-trabalha-com-o-futebol-em-varias-frentes","status":"publish","type":"post","link":"https:\/\/universoesportivo.net\/index.php\/2026\/01\/26\/em-ano-de-copa-do-mundo-sesp-trabalha-com-o-futebol-em-varias-frentes\/","title":{"rendered":"Em ano de Copa do Mundo, Sesp trabalha com o futebol em v\u00e1rias frentes"},"content":{"rendered":"\n<p class=\"has-medium-font-size\">De quatro em quatro anos, o futebol vira o centro das aten\u00e7\u00f5es no mundo. E em 2026, n\u00e3o ser\u00e1 diferente. A Copa acontecer\u00e1 pela primeira vez em tr\u00eas pa\u00edses: Estados Unidos, M\u00e9xico e Canad\u00e1. Por aqui, vai ter muita bola rolando dentro do ecossistema da Secretaria de Esportes do Estado de S\u00e3o Paulo.<\/p>\n\n\n\n<p class=\"has-medium-font-size\">A pasta promove a modalidade em v\u00e1rios contextos, desde projetos apoiados por lei de incentivo fiscal at\u00e9 campeonatos para jovens com idade at\u00e9 17 anos. \u00c9 futebol para todos os p\u00fablicos, em todo o estado de SP.<\/p>\n\n\n\n<p class=\"has-medium-font-size\">Na&nbsp;<a href=\"https:\/\/www.esportes.sp.gov.br\/sec_esportes\/lei_paulista_de_incentivo_ao_esporte\/lpie\"><u>Lei Paulista de Incentivo ao Esporte<\/u><\/a>, plataforma de financiamento do Governo do Estado, s\u00e3o 22 projetos sociais em execu\u00e7\u00e3o que trabalham com o futebol. Destaque para a Escola de Goleiro Camisa 1, em Americana, que se dedica a formar novos craques do gol. Do projeto, j\u00e1 sa\u00edram L\u00e9o Arag\u00e3o, atualmente no Cruzeiro, e Daniel Fuzato, do Vasco da Gama.<\/p>\n\n\n\n<p class=\"has-medium-font-size\">O&nbsp;<a href=\"https:\/\/www.esportes.sp.gov.br\/sec_esportes\/programa_talento_esportivo\"><u>Programa Talento Esportivo<\/u><\/a>, iniciativa que apoia atletas da base ao alto rendimento, atende hoje em seu cat\u00e1logo 14 atletas de futebol de campo ativos, entre convencionais e portadores de defici\u00eancia.<\/p>\n\n\n\n<p class=\"has-medium-font-size\">Tem gol tamb\u00e9m no calend\u00e1rio esportivo da Sesp. O Campeonato Estadual de Futebol Professor Jos\u00e9 Astolphi \u00e9 o \u00fanico voltado exclusivamente para a modalidade e contempla cinco categorias: sub-11, sub-13 e sub-15 para o masculino, e sub-14 e sub-17 no feminino. Em 2025, a competi\u00e7\u00e3o aconteceu simultaneamente em quatro munic\u00edpios &#8211; S\u00e3o Manoel, Cajobi, General Salgado e Pacaembu &#8211; e reuniu 872 atletas. Al\u00e9m do Jos\u00e9 Astolphi, os Jogos Abertos do Interior, os Jogos Regionais e os Jogos Abertos da Juventude tamb\u00e9m t\u00eam o futebol em sua grade de programa\u00e7\u00e3o fixa.<\/p>\n\n\n\n<p class=\"has-medium-font-size\">&#8220;O futebol \u00e9 a modalidade que movimenta as massas e da qual somos modelo de excel\u00eancia para o resto do mundo. A Sesp contribui para esse movimento com suas a\u00e7\u00f5es e programas, e em 2026 n\u00e3o ser\u00e1 diferente. Seguiremos trabalhando arduamente para levar a pr\u00e1tica do futebol, recreativo e de alto rendimento, aos mais diversos cantos do nosso estado&#8221;, afirma a secret\u00e1ria estadual de Esportes, coronel Helena Reis.<\/p>\n\n\n\n<p class=\"has-medium-font-size\">Por fim, a Sesp inaugurou desde janeiro de 2023 mais de 100 arenas lazer, equipamento composto por um campo de futebol society conjugado a uma quadra de basquete 3&#215;3, e tr\u00eas campos de futebol, em um investimento que superou os R$ 100 milh\u00f5es.<\/p>\n\n\n\n<p><\/p>\n\n\n\n<p class=\"has-medium-font-size\">Da Reda\u00e7\u00e3o \u2013 Universo Esportivo<\/p>\n\n\n\n<p class=\"has-medium-font-size\">Texto da Secretaria de Esportes do Estado de S\u00e3o Paulo<\/p>\n\n\n\n<p class=\"has-medium-font-size\">Foto: Escola de Goleiros Camisa 1<\/p>\n","protected":false},"excerpt":{"rendered":"<p>A pasta promove a modalidade em v\u00e1rios contextos, desde projetos apoiados por lei de incentivo fiscal at\u00e9 campeonatos para jovens com idade at\u00e9 17 anos. <\/p>\n","protected":false},"author":2,"featured_media":2557,"comment_status":"closed","ping_status":"closed","sticky":false,"template":"","format":"standard","meta":{"colormag_page_container_layout":"default_layout","colormag_page_sidebar_layout":"default_layout","footnotes":""},"categories":[56,17],"tags":[],"class_list":["post-2556","post","type-post","status-publish","format-standard","has-post-thumbnail","hentry","category-competicoes","category-esportes"],"magazineBlocksPostFeaturedMedia":{"thumbnail":"https:\/\/universoesportivo.net\/wp-content\/uploads\/2026\/01\/abregoleiro-150x150.jpg","medium":"https:\/\/universoesportivo.net\/wp-content\/uploads\/2026\/01\/abregoleiro-300x201.jpg","medium_large":"https:\/\/universoesportivo.net\/wp-content\/uploads\/2026\/01\/abregoleiro.jpg","large":"https:\/\/universoesportivo.net\/wp-content\/uploads\/2026\/01\/abregoleiro.jpg","1536x1536":"https:\/\/universoesportivo.net\/wp-content\/uploads\/2026\/01\/abregoleiro.jpg","2048x2048":"https:\/\/universoesportivo.net\/wp-content\/uploads\/2026\/01\/abregoleiro.jpg","trp-custom-language-flag":"https:\/\/universoesportivo.net\/wp-content\/uploads\/2026\/01\/abregoleiro-18x12.jpg","colormag-highlighted-post":"https:\/\/universoesportivo.net\/wp-content\/uploads\/2026\/01\/abregoleiro-392x272.jpg","colormag-featured-post-medium":"https:\/\/universoesportivo.net\/wp-content\/uploads\/2026\/01\/abregoleiro-390x205.jpg","colormag-featured-post-small":"https:\/\/universoesportivo.net\/wp-content\/uploads\/2026\/01\/abregoleiro-130x90.jpg","colormag-featured-image":"https:\/\/universoesportivo.net\/wp-content\/uploads\/2026\/01\/abregoleiro.jpg","colormag-default-news":"https:\/\/universoesportivo.net\/wp-content\/uploads\/2026\/01\/abregoleiro-150x150.jpg","colormag-featured-image-large":"https:\/\/universoesportivo.net\/wp-content\/uploads\/2026\/01\/abregoleiro.jpg","colormag-elementor-block-extra-large-thumbnail":"https:\/\/universoesportivo.net\/wp-content\/uploads\/2026\/01\/abregoleiro.jpg","colormag-elementor-grid-large-thumbnail":"https:\/\/universoesportivo.net\/wp-content\/uploads\/2026\/01\/abregoleiro.jpg","colormag-elementor-grid-small-thumbnail":"https:\/\/universoesportivo.net\/wp-content\/uploads\/2026\/01\/abregoleiro-285x301.jpg","colormag-elementor-grid-medium-large-thumbnail":"https:\/\/universoesportivo.net\/wp-content\/uploads\/2026\/01\/abregoleiro-450x198.jpg"},"magazineBlocksPostAuthor":{"name":"Tiago Lotto","avatar":"https:\/\/secure.gravatar.com\/avatar\/fd6891125b3fb6ba0b794cd20c3398d5bb0fa20d2b9963a95f19470e5a6192f7?s=96&d=mm&r=g"},"magazineBlocksPostCommentsNumber":false,"magazineBlocksPostExcerpt":"A pasta promove a modalidade em v\u00e1rios contextos, desde projetos apoiados por lei de incentivo fiscal at\u00e9 campeonatos para jovens com idade at\u00e9 17 anos. ","magazineBlocksPostCategories":["Competi\u00e7\u00f5es","ESPORTES"],"magazineBlocksPostViewCount":52,"magazineBlocksPostReadTime":3,"magazine_blocks_featured_image_url":{"full":["https:\/\/universoesportivo.net\/wp-content\/uploads\/2026\/01\/abregoleiro.jpg",450,301,false],"medium":["https:\/\/universoesportivo.net\/wp-content\/uploads\/2026\/01\/abregoleiro-300x201.jpg",300,201,true],"thumbnail":["https:\/\/universoesportivo.net\/wp-content\/uploads\/2026\/01\/abregoleiro-150x150.jpg",150,150,true]},"magazine_blocks_author":{"display_name":"Tiago Lotto","author_link":"https:\/\/universoesportivo.net\/index.php\/author\/tiago-lotto\/"},"magazine_blocks_comment":0,"magazine_blocks_author_image":"https:\/\/secure.gravatar.com\/avatar\/fd6891125b3fb6ba0b794cd20c3398d5bb0fa20d2b9963a95f19470e5a6192f7?s=96&d=mm&r=g","magazine_blocks_category":"<a href=\"#\" class=\"category-link category-link-56\">Competi\u00e7\u00f5es<\/a> <a href=\"#\" class=\"category-link category-link-17\">ESPORTES<\/a>","yoast_head":"<!-- This site is optimized with the Yoast SEO plugin v27.4 - https:\/\/yoast.com\/product\/yoast-seo-wordpress\/ -->\n<title>Em ano de Copa do Mundo, Sesp trabalha com o futebol em v\u00e1rias frentes - Universo Esportivo<\/title>\n<meta name=\"robots\" content=\"index, follow, max-snippet:-1, max-image-preview:large, max-video-preview:-1\" \/>\n<link rel=\"canonical\" href=\"https:\/\/universoesportivo.net\/index.php\/2026\/01\/26\/em-ano-de-copa-do-mundo-sesp-trabalha-com-o-futebol-em-varias-frentes\/\" \/>\n<meta property=\"og:locale\" content=\"pt_BR\" \/>\n<meta property=\"og:type\" content=\"article\" \/>\n<meta property=\"og:title\" content=\"Em ano de Copa do Mundo, Sesp trabalha com o futebol em v\u00e1rias frentes - Universo Esportivo\" \/>\n<meta property=\"og:description\" content=\"A pasta promove a modalidade em v\u00e1rios contextos, desde projetos apoiados por lei de incentivo fiscal at\u00e9 campeonatos para jovens com idade at\u00e9 17 anos.\" \/>\n<meta property=\"og:url\" content=\"https:\/\/universoesportivo.net\/index.php\/2026\/01\/26\/em-ano-de-copa-do-mundo-sesp-trabalha-com-o-futebol-em-varias-frentes\/\" \/>\n<meta property=\"og:site_name\" content=\"Universo Esportivo\" \/>\n<meta property=\"article:publisher\" content=\"https:\/\/www.facebook.com\/universoesportivo.net\" \/>\n<meta property=\"article:published_time\" content=\"2026-01-26T15:40:03+00:00\" \/>\n<meta property=\"article:modified_time\" content=\"2026-01-26T20:15:11+00:00\" \/>\n<meta property=\"og:image\" content=\"https:\/\/universoesportivo.net\/wp-content\/uploads\/2026\/01\/abregoleiro.jpg\" \/>\n\t<meta property=\"og:image:width\" content=\"450\" \/>\n\t<meta property=\"og:image:height\" content=\"301\" \/>\n\t<meta property=\"og:image:type\" content=\"image\/jpeg\" \/>\n<meta name=\"author\" content=\"Tiago Lotto\" \/>\n<meta name=\"twitter:card\" content=\"summary_large_image\" \/>\n<meta name=\"twitter:label1\" content=\"Escrito por\" \/>\n\t<meta name=\"twitter:data1\" content=\"Tiago Lotto\" \/>\n\t<meta name=\"twitter:label2\" content=\"Est. tempo de leitura\" \/>\n\t<meta name=\"twitter:data2\" content=\"3 minutos\" \/>\n<script type=\"application\/ld+json\" class=\"yoast-schema-graph\">{\"@context\":\"https:\\\/\\\/schema.org\",\"@graph\":[{\"@type\":\"Article\",\"@id\":\"https:\\\/\\\/universoesportivo.net\\\/index.php\\\/2026\\\/01\\\/26\\\/em-ano-de-copa-do-mundo-sesp-trabalha-com-o-futebol-em-varias-frentes\\\/#article\",\"isPartOf\":{\"@id\":\"https:\\\/\\\/universoesportivo.net\\\/index.php\\\/2026\\\/01\\\/26\\\/em-ano-de-copa-do-mundo-sesp-trabalha-com-o-futebol-em-varias-frentes\\\/\"},\"author\":{\"name\":\"Tiago Lotto\",\"@id\":\"https:\\\/\\\/universoesportivo.net\\\/#\\\/schema\\\/person\\\/62bc311bc7def56a6bc83711536e74bd\"},\"headline\":\"Em ano de Copa do Mundo, Sesp trabalha com o futebol em v\u00e1rias frentes\",\"datePublished\":\"2026-01-26T15:40:03+00:00\",\"dateModified\":\"2026-01-26T20:15:11+00:00\",\"mainEntityOfPage\":{\"@id\":\"https:\\\/\\\/universoesportivo.net\\\/index.php\\\/2026\\\/01\\\/26\\\/em-ano-de-copa-do-mundo-sesp-trabalha-com-o-futebol-em-varias-frentes\\\/\"},\"wordCount\":438,\"publisher\":{\"@id\":\"https:\\\/\\\/universoesportivo.net\\\/#organization\"},\"image\":{\"@id\":\"https:\\\/\\\/universoesportivo.net\\\/index.php\\\/2026\\\/01\\\/26\\\/em-ano-de-copa-do-mundo-sesp-trabalha-com-o-futebol-em-varias-frentes\\\/#primaryimage\"},\"thumbnailUrl\":\"https:\\\/\\\/universoesportivo.net\\\/wp-content\\\/uploads\\\/2026\\\/01\\\/abregoleiro.jpg\",\"articleSection\":[\"Competi\u00e7\u00f5es\",\"ESPORTES\"],\"inLanguage\":\"pt-BR\"},{\"@type\":\"WebPage\",\"@id\":\"https:\\\/\\\/universoesportivo.net\\\/index.php\\\/2026\\\/01\\\/26\\\/em-ano-de-copa-do-mundo-sesp-trabalha-com-o-futebol-em-varias-frentes\\\/\",\"url\":\"https:\\\/\\\/universoesportivo.net\\\/index.php\\\/2026\\\/01\\\/26\\\/em-ano-de-copa-do-mundo-sesp-trabalha-com-o-futebol-em-varias-frentes\\\/\",\"name\":\"Em ano de Copa do Mundo, Sesp trabalha com o futebol em v\u00e1rias frentes - Universo Esportivo\",\"isPartOf\":{\"@id\":\"https:\\\/\\\/universoesportivo.net\\\/#website\"},\"primaryImageOfPage\":{\"@id\":\"https:\\\/\\\/universoesportivo.net\\\/index.php\\\/2026\\\/01\\\/26\\\/em-ano-de-copa-do-mundo-sesp-trabalha-com-o-futebol-em-varias-frentes\\\/#primaryimage\"},\"image\":{\"@id\":\"https:\\\/\\\/universoesportivo.net\\\/index.php\\\/2026\\\/01\\\/26\\\/em-ano-de-copa-do-mundo-sesp-trabalha-com-o-futebol-em-varias-frentes\\\/#primaryimage\"},\"thumbnailUrl\":\"https:\\\/\\\/universoesportivo.net\\\/wp-content\\\/uploads\\\/2026\\\/01\\\/abregoleiro.jpg\",\"datePublished\":\"2026-01-26T15:40:03+00:00\",\"dateModified\":\"2026-01-26T20:15:11+00:00\",\"breadcrumb\":{\"@id\":\"https:\\\/\\\/universoesportivo.net\\\/index.php\\\/2026\\\/01\\\/26\\\/em-ano-de-copa-do-mundo-sesp-trabalha-com-o-futebol-em-varias-frentes\\\/#breadcrumb\"},\"inLanguage\":\"pt-BR\",\"potentialAction\":[{\"@type\":\"ReadAction\",\"target\":[\"https:\\\/\\\/universoesportivo.net\\\/index.php\\\/2026\\\/01\\\/26\\\/em-ano-de-copa-do-mundo-sesp-trabalha-com-o-futebol-em-varias-frentes\\\/\"]}]},{\"@type\":\"ImageObject\",\"inLanguage\":\"pt-BR\",\"@id\":\"https:\\\/\\\/universoesportivo.net\\\/index.php\\\/2026\\\/01\\\/26\\\/em-ano-de-copa-do-mundo-sesp-trabalha-com-o-futebol-em-varias-frentes\\\/#primaryimage\",\"url\":\"https:\\\/\\\/universoesportivo.net\\\/wp-content\\\/uploads\\\/2026\\\/01\\\/abregoleiro.jpg\",\"contentUrl\":\"https:\\\/\\\/universoesportivo.net\\\/wp-content\\\/uploads\\\/2026\\\/01\\\/abregoleiro.jpg\",\"width\":450,\"height\":301},{\"@type\":\"BreadcrumbList\",\"@id\":\"https:\\\/\\\/universoesportivo.net\\\/index.php\\\/2026\\\/01\\\/26\\\/em-ano-de-copa-do-mundo-sesp-trabalha-com-o-futebol-em-varias-frentes\\\/#breadcrumb\",\"itemListElement\":[{\"@type\":\"ListItem\",\"position\":1,\"name\":\"In\u00edcio\",\"item\":\"https:\\\/\\\/universoesportivo.net\\\/\"},{\"@type\":\"ListItem\",\"position\":2,\"name\":\"Em ano de Copa do Mundo, Sesp trabalha com o futebol em v\u00e1rias frentes\"}]},{\"@type\":\"WebSite\",\"@id\":\"https:\\\/\\\/universoesportivo.net\\\/#website\",\"url\":\"https:\\\/\\\/universoesportivo.net\\\/\",\"name\":\"Universo Esportivo\",\"description\":\"O portal de todas as modalidades esportivas!\",\"publisher\":{\"@id\":\"https:\\\/\\\/universoesportivo.net\\\/#organization\"},\"alternateName\":\"Jornalista Tiago Contador Lotto\",\"potentialAction\":[{\"@type\":\"SearchAction\",\"target\":{\"@type\":\"EntryPoint\",\"urlTemplate\":\"https:\\\/\\\/universoesportivo.net\\\/?s={search_term_string}\"},\"query-input\":{\"@type\":\"PropertyValueSpecification\",\"valueRequired\":true,\"valueName\":\"search_term_string\"}}],\"inLanguage\":\"pt-BR\"},{\"@type\":\"Organization\",\"@id\":\"https:\\\/\\\/universoesportivo.net\\\/#organization\",\"name\":\"Universo Esportivo\",\"alternateName\":\"Tiago Lotto\",\"url\":\"https:\\\/\\\/universoesportivo.net\\\/\",\"logo\":{\"@type\":\"ImageObject\",\"inLanguage\":\"pt-BR\",\"@id\":\"https:\\\/\\\/universoesportivo.net\\\/#\\\/schema\\\/logo\\\/image\\\/\",\"url\":\"https:\\\/\\\/universoesportivo.net\\\/wp-content\\\/uploads\\\/2024\\\/05\\\/cropped-cropped-universo-6.png\",\"contentUrl\":\"https:\\\/\\\/universoesportivo.net\\\/wp-content\\\/uploads\\\/2024\\\/05\\\/cropped-cropped-universo-6.png\",\"width\":413,\"height\":295,\"caption\":\"Universo Esportivo\"},\"image\":{\"@id\":\"https:\\\/\\\/universoesportivo.net\\\/#\\\/schema\\\/logo\\\/image\\\/\"},\"sameAs\":[\"https:\\\/\\\/www.facebook.com\\\/universoesportivo.net\"]},{\"@type\":\"Person\",\"@id\":\"https:\\\/\\\/universoesportivo.net\\\/#\\\/schema\\\/person\\\/62bc311bc7def56a6bc83711536e74bd\",\"name\":\"Tiago Lotto\",\"image\":{\"@type\":\"ImageObject\",\"inLanguage\":\"pt-BR\",\"@id\":\"https:\\\/\\\/secure.gravatar.com\\\/avatar\\\/fd6891125b3fb6ba0b794cd20c3398d5bb0fa20d2b9963a95f19470e5a6192f7?s=96&d=mm&r=g\",\"url\":\"https:\\\/\\\/secure.gravatar.com\\\/avatar\\\/fd6891125b3fb6ba0b794cd20c3398d5bb0fa20d2b9963a95f19470e5a6192f7?s=96&d=mm&r=g\",\"contentUrl\":\"https:\\\/\\\/secure.gravatar.com\\\/avatar\\\/fd6891125b3fb6ba0b794cd20c3398d5bb0fa20d2b9963a95f19470e5a6192f7?s=96&d=mm&r=g\",\"caption\":\"Tiago Lotto\"},\"url\":\"https:\\\/\\\/universoesportivo.net\\\/index.php\\\/author\\\/tiago-lotto\\\/\"}]}<\/script>\n<!-- \/ Yoast SEO plugin. -->","yoast_head_json":{"title":"Em ano de Copa do Mundo, Sesp trabalha com o futebol em v\u00e1rias frentes - Universo Esportivo","robots":{"index":"index","follow":"follow","max-snippet":"max-snippet:-1","max-image-preview":"max-image-preview:large","max-video-preview":"max-video-preview:-1"},"canonical":"https:\/\/universoesportivo.net\/index.php\/2026\/01\/26\/em-ano-de-copa-do-mundo-sesp-trabalha-com-o-futebol-em-varias-frentes\/","og_locale":"pt_BR","og_type":"article","og_title":"Em ano de Copa do Mundo, Sesp trabalha com o futebol em v\u00e1rias frentes - Universo Esportivo","og_description":"A pasta promove a modalidade em v\u00e1rios contextos, desde projetos apoiados por lei de incentivo fiscal at\u00e9 campeonatos para jovens com idade at\u00e9 17 anos.","og_url":"https:\/\/universoesportivo.net\/index.php\/2026\/01\/26\/em-ano-de-copa-do-mundo-sesp-trabalha-com-o-futebol-em-varias-frentes\/","og_site_name":"Universo Esportivo","article_publisher":"https:\/\/www.facebook.com\/universoesportivo.net","article_published_time":"2026-01-26T15:40:03+00:00","article_modified_time":"2026-01-26T20:15:11+00:00","og_image":[{"width":450,"height":301,"url":"https:\/\/universoesportivo.net\/wp-content\/uploads\/2026\/01\/abregoleiro.jpg","type":"image\/jpeg"}],"author":"Tiago Lotto","twitter_card":"summary_large_image","twitter_misc":{"Escrito por":"Tiago Lotto","Est. tempo de leitura":"3 minutos"},"schema":{"@context":"https:\/\/schema.org","@graph":[{"@type":"Article","@id":"https:\/\/universoesportivo.net\/index.php\/2026\/01\/26\/em-ano-de-copa-do-mundo-sesp-trabalha-com-o-futebol-em-varias-frentes\/#article","isPartOf":{"@id":"https:\/\/universoesportivo.net\/index.php\/2026\/01\/26\/em-ano-de-copa-do-mundo-sesp-trabalha-com-o-futebol-em-varias-frentes\/"},"author":{"name":"Tiago Lotto","@id":"https:\/\/universoesportivo.net\/#\/schema\/person\/62bc311bc7def56a6bc83711536e74bd"},"headline":"Em ano de Copa do Mundo, Sesp trabalha com o futebol em v\u00e1rias frentes","datePublished":"2026-01-26T15:40:03+00:00","dateModified":"2026-01-26T20:15:11+00:00","mainEntityOfPage":{"@id":"https:\/\/universoesportivo.net\/index.php\/2026\/01\/26\/em-ano-de-copa-do-mundo-sesp-trabalha-com-o-futebol-em-varias-frentes\/"},"wordCount":438,"publisher":{"@id":"https:\/\/universoesportivo.net\/#organization"},"image":{"@id":"https:\/\/universoesportivo.net\/index.php\/2026\/01\/26\/em-ano-de-copa-do-mundo-sesp-trabalha-com-o-futebol-em-varias-frentes\/#primaryimage"},"thumbnailUrl":"https:\/\/universoesportivo.net\/wp-content\/uploads\/2026\/01\/abregoleiro.jpg","articleSection":["Competi\u00e7\u00f5es","ESPORTES"],"inLanguage":"pt-BR"},{"@type":"WebPage","@id":"https:\/\/universoesportivo.net\/index.php\/2026\/01\/26\/em-ano-de-copa-do-mundo-sesp-trabalha-com-o-futebol-em-varias-frentes\/","url":"https:\/\/universoesportivo.net\/index.php\/2026\/01\/26\/em-ano-de-copa-do-mundo-sesp-trabalha-com-o-futebol-em-varias-frentes\/","name":"Em ano de Copa do Mundo, Sesp trabalha com o futebol em v\u00e1rias frentes - Universo Esportivo","isPartOf":{"@id":"https:\/\/universoesportivo.net\/#website"},"primaryImageOfPage":{"@id":"https:\/\/universoesportivo.net\/index.php\/2026\/01\/26\/em-ano-de-copa-do-mundo-sesp-trabalha-com-o-futebol-em-varias-frentes\/#primaryimage"},"image":{"@id":"https:\/\/universoesportivo.net\/index.php\/2026\/01\/26\/em-ano-de-copa-do-mundo-sesp-trabalha-com-o-futebol-em-varias-frentes\/#primaryimage"},"thumbnailUrl":"https:\/\/universoesportivo.net\/wp-content\/uploads\/2026\/01\/abregoleiro.jpg","datePublished":"2026-01-26T15:40:03+00:00","dateModified":"2026-01-26T20:15:11+00:00","breadcrumb":{"@id":"https:\/\/universoesportivo.net\/index.php\/2026\/01\/26\/em-ano-de-copa-do-mundo-sesp-trabalha-com-o-futebol-em-varias-frentes\/#breadcrumb"},"inLanguage":"pt-BR","potentialAction":[{"@type":"ReadAction","target":["https:\/\/universoesportivo.net\/index.php\/2026\/01\/26\/em-ano-de-copa-do-mundo-sesp-trabalha-com-o-futebol-em-varias-frentes\/"]}]},{"@type":"ImageObject","inLanguage":"pt-BR","@id":"https:\/\/universoesportivo.net\/index.php\/2026\/01\/26\/em-ano-de-copa-do-mundo-sesp-trabalha-com-o-futebol-em-varias-frentes\/#primaryimage","url":"https:\/\/universoesportivo.net\/wp-content\/uploads\/2026\/01\/abregoleiro.jpg","contentUrl":"https:\/\/universoesportivo.net\/wp-content\/uploads\/2026\/01\/abregoleiro.jpg","width":450,"height":301},{"@type":"BreadcrumbList","@id":"https:\/\/universoesportivo.net\/index.php\/2026\/01\/26\/em-ano-de-copa-do-mundo-sesp-trabalha-com-o-futebol-em-varias-frentes\/#breadcrumb","itemListElement":[{"@type":"ListItem","position":1,"name":"In\u00edcio","item":"https:\/\/universoesportivo.net\/"},{"@type":"ListItem","position":2,"name":"Em ano de Copa do Mundo, Sesp trabalha com o futebol em v\u00e1rias frentes"}]},{"@type":"WebSite","@id":"https:\/\/universoesportivo.net\/#website","url":"https:\/\/universoesportivo.net\/","name":"Universo Esportivo","description":"O portal de todas as modalidades esportivas!","publisher":{"@id":"https:\/\/universoesportivo.net\/#organization"},"alternateName":"Jornalista Tiago Contador Lotto","potentialAction":[{"@type":"SearchAction","target":{"@type":"EntryPoint","urlTemplate":"https:\/\/universoesportivo.net\/?s={search_term_string}"},"query-input":{"@type":"PropertyValueSpecification","valueRequired":true,"valueName":"search_term_string"}}],"inLanguage":"pt-BR"},{"@type":"Organization","@id":"https:\/\/universoesportivo.net\/#organization","name":"Universo Esportivo","alternateName":"Tiago Lotto","url":"https:\/\/universoesportivo.net\/","logo":{"@type":"ImageObject","inLanguage":"pt-BR","@id":"https:\/\/universoesportivo.net\/#\/schema\/logo\/image\/","url":"https:\/\/universoesportivo.net\/wp-content\/uploads\/2024\/05\/cropped-cropped-universo-6.png","contentUrl":"https:\/\/universoesportivo.net\/wp-content\/uploads\/2024\/05\/cropped-cropped-universo-6.png","width":413,"height":295,"caption":"Universo Esportivo"},"image":{"@id":"https:\/\/universoesportivo.net\/#\/schema\/logo\/image\/"},"sameAs":["https:\/\/www.facebook.com\/universoesportivo.net"]},{"@type":"Person","@id":"https:\/\/universoesportivo.net\/#\/schema\/person\/62bc311bc7def56a6bc83711536e74bd","name":"Tiago Lotto","image":{"@type":"ImageObject","inLanguage":"pt-BR","@id":"https:\/\/secure.gravatar.com\/avatar\/fd6891125b3fb6ba0b794cd20c3398d5bb0fa20d2b9963a95f19470e5a6192f7?s=96&d=mm&r=g","url":"https:\/\/secure.gravatar.com\/avatar\/fd6891125b3fb6ba0b794cd20c3398d5bb0fa20d2b9963a95f19470e5a6192f7?s=96&d=mm&r=g","contentUrl":"https:\/\/secure.gravatar.com\/avatar\/fd6891125b3fb6ba0b794cd20c3398d5bb0fa20d2b9963a95f19470e5a6192f7?s=96&d=mm&r=g","caption":"Tiago Lotto"},"url":"https:\/\/universoesportivo.net\/index.php\/author\/tiago-lotto\/"}]}},"jetpack_featured_media_url":"https:\/\/universoesportivo.net\/wp-content\/uploads\/2026\/01\/abregoleiro.jpg","_links":{"self":[{"href":"https:\/\/universoesportivo.net\/index.php\/wp-json\/wp\/v2\/posts\/2556","targetHints":{"allow":["GET"]}}],"collection":[{"href":"https:\/\/universoesportivo.net\/index.php\/wp-json\/wp\/v2\/posts"}],"about":[{"href":"https:\/\/universoesportivo.net\/index.php\/wp-json\/wp\/v2\/types\/post"}],"author":[{"embeddable":true,"href":"https:\/\/universoesportivo.net\/index.php\/wp-json\/wp\/v2\/users\/2"}],"replies":[{"embeddable":true,"href":"https:\/\/universoesportivo.net\/index.php\/wp-json\/wp\/v2\/comments?post=2556"}],"version-history":[{"count":1,"href":"https:\/\/universoesportivo.net\/index.php\/wp-json\/wp\/v2\/posts\/2556\/revisions"}],"predecessor-version":[{"id":2558,"href":"https:\/\/universoesportivo.net\/index.php\/wp-json\/wp\/v2\/posts\/2556\/revisions\/2558"}],"wp:featuredmedia":[{"embeddable":true,"href":"https:\/\/universoesportivo.net\/index.php\/wp-json\/wp\/v2\/media\/2557"}],"wp:attachment":[{"href":"https:\/\/universoesportivo.net\/index.php\/wp-json\/wp\/v2\/media?parent=2556"}],"wp:term":[{"taxonomy":"category","embeddable":true,"href":"https:\/\/universoesportivo.net\/index.php\/wp-json\/wp\/v2\/categories?post=2556"},{"taxonomy":"post_tag","embeddable":true,"href":"https:\/\/universoesportivo.net\/index.php\/wp-json\/wp\/v2\/tags?post=2556"}],"curies":[{"name":"wp","href":"https:\/\/api.w.org\/{rel}","templated":true}]}}