{"id":2563,"date":"2026-01-28T12:01:46","date_gmt":"2026-01-28T15:01:46","guid":{"rendered":"https:\/\/universoesportivo.net\/?p=2563"},"modified":"2026-01-28T16:49:00","modified_gmt":"2026-01-28T19:49:00","slug":"brasileirao-2026-comeca-nesta-quarta-28-mirassol-estreia-na-quinta-feira-29","status":"publish","type":"post","link":"https:\/\/universoesportivo.net\/index.php\/2026\/01\/28\/brasileirao-2026-comeca-nesta-quarta-28-mirassol-estreia-na-quinta-feira-29\/","title":{"rendered":"Brasileir\u00e3o 2026 come\u00e7a nesta quarta (28); Mirassol estreia na quinta-feira (29)"},"content":{"rendered":"\n<p class=\"has-medium-font-size\">O Campeonato Brasileiro de Futebol de 2026 d\u00e1 o pontap\u00e9 inicial nesta quarta-feira (28), marcando o in\u00edcio de uma temporada hist\u00f3rica para o futebol nacional. Pela primeira vez desde a ado\u00e7\u00e3o do sistema de pontos corridos, a principal competi\u00e7\u00e3o do pa\u00eds ser\u00e1 disputada ao longo de todo o ano, de janeiro a dezembro, alterando de forma significativa o calend\u00e1rio esportivo brasileiro.<\/p>\n\n\n\n<p class=\"has-medium-font-size\">A nova configura\u00e7\u00e3o do Brasileir\u00e3o busca ampliar o apelo comercial do torneio, oferecer per\u00edodos mais adequados de descanso aos atletas e promover um calend\u00e1rio mais equilibrado entre clubes e competi\u00e7\u00f5es. Com isso, a expectativa \u00e9 de uma disputa ainda mais intensa e regular do in\u00edcio ao fim da temporada.<\/p>\n\n\n\n<p class=\"has-medium-font-size\">Este ano, ainda, teremos Copa do Mundo de Futebol, tendo como pa\u00edses sedes os Estados Unidos, o M\u00e9xico e o Canad\u00e1. Nos meses de junho e julho as competi\u00e7\u00f5es pelo mundo ser\u00e3o suspensas durante o per\u00edodo da Copa.<\/p>\n\n\n\n<p class=\"has-medium-font-size\">PRIMEIRA RODADA &#8211; Logo na rodada de abertura, a quarta-feira (dia 28) reserva uma maratona de jogos, com oito confrontos espalhados por diferentes cidades do pa\u00eds. Quatro partidas come\u00e7am \u00e0s 19h, seguidas por outros duelos ao longo da noite, encerrando o primeiro dia com o cl\u00e1ssico entre S\u00e3o Paulo e Flamengo, \u00e0s 21h30, no MorumBIS.<\/p>\n\n\n\n<p class=\"has-medium-font-size\">Entre as novidades do regulamento, o Brasileir\u00e3o passa a conceder cinco vagas diretas \u00e0 Copa Libertadores. A sexta vaga brasileira no torneio continental ser\u00e1 destinada ao vice-campe\u00e3o da Copa do Brasil de 2026, que disputar\u00e1 a fase preliminar da competi\u00e7\u00e3o.<\/p>\n\n\n\n<p class=\"has-medium-font-size\">Outra mudan\u00e7a importante est\u00e1 no mercado de transfer\u00eancias: o limite de jogos para que um atleta possa trocar de clube durante a S\u00e9rie A foi ampliado de seis para 12 partidas.<\/p>\n\n\n\n<p class=\"has-medium-font-size\">O Mirassol, \u00fanico do time do interior paulista na elite do Brasileir\u00e3o, far\u00e1 sua estreia na competi\u00e7\u00e3o nesta quinta-feira (29). Jogando em casa, no est\u00e1dio Mai\u00e3o, a equipe recebe o Vasco, \u00e0s 20h, diante de sua torcida, em um dos confrontos mais aguardados da primeira rodada. A partida marca mais um cap\u00edtulo da trajet\u00f3ria do clube no cen\u00e1rio nacional.<\/p>\n\n\n\n<p class=\"has-medium-font-size\">A rodada inaugural ser\u00e1 encerrada ainda na quinta-feira, \u00e0s 21h30, com o duelo entre Botafogo e Cruzeiro, no est\u00e1dio Nilton Santos, no Rio de Janeiro.<\/p>\n\n\n\n<p class=\"has-medium-font-size\">Da Reda\u00e7\u00e3o \u2013 Universo Esportivo<\/p>\n\n\n\n<p class=\"has-medium-font-size\">Fotos: Jackson lima<br>@jacksonlimafotografia<br>Ag\u00eancia RPFotoPress<\/p>\n\n\n\n<figure class=\"wp-block-image\"><img fetchpriority=\"high\" decoding=\"async\" width=\"400\" height=\"500\" src=\"https:\/\/universoesportivo.net\/wp-content\/uploads\/2026\/01\/reiabaixo-1.jpg\" alt=\"\" class=\"wp-image-2570\" srcset=\"https:\/\/universoesportivo.net\/wp-content\/uploads\/2026\/01\/reiabaixo-1.jpg 400w, https:\/\/universoesportivo.net\/wp-content\/uploads\/2026\/01\/reiabaixo-1-240x300.jpg 240w, https:\/\/universoesportivo.net\/wp-content\/uploads\/2026\/01\/reiabaixo-1-10x12.jpg 10w\" sizes=\"(max-width: 400px) 100vw, 400px\" \/><\/figure>\n\n\n\n<figure class=\"wp-block-image\"><img decoding=\"async\" width=\"450\" height=\"529\" src=\"https:\/\/universoesportivo.net\/wp-content\/uploads\/2026\/01\/abaixotaba.jpg\" alt=\"\" class=\"wp-image-2568\" srcset=\"https:\/\/universoesportivo.net\/wp-content\/uploads\/2026\/01\/abaixotaba.jpg 450w, https:\/\/universoesportivo.net\/wp-content\/uploads\/2026\/01\/abaixotaba-255x300.jpg 255w, https:\/\/universoesportivo.net\/wp-content\/uploads\/2026\/01\/abaixotaba-10x12.jpg 10w\" sizes=\"(max-width: 450px) 100vw, 450px\" \/><\/figure>\n","protected":false},"excerpt":{"rendered":"<p>Atual campe\u00e3o, Flamengo estreia no MorumBis, \u00e0s 21h30, contra o S\u00e3o Paulo. Corinthians recebe o Bahia; Palmeiras joga em Minas, contra o Atl\u00e9tico, e o Santos enfrenta a Chapecoense, em Chapec\u00f3.<\/p>\n","protected":false},"author":2,"featured_media":2565,"comment_status":"closed","ping_status":"closed","sticky":false,"template":"","format":"standard","meta":{"colormag_page_container_layout":"default_layout","colormag_page_sidebar_layout":"default_layout","footnotes":""},"categories":[17,43],"tags":[],"class_list":["post-2563","post","type-post","status-publish","format-standard","has-post-thumbnail","hentry","category-esportes","category-futebol"],"magazineBlocksPostFeaturedMedia":{"thumbnail":"https:\/\/universoesportivo.net\/wp-content\/uploads\/2026\/01\/abrerei-150x150.jpg","medium":"https:\/\/universoesportivo.net\/wp-content\/uploads\/2026\/01\/abrerei-300x240.jpg","medium_large":"https:\/\/universoesportivo.net\/wp-content\/uploads\/2026\/01\/abrerei.jpg","large":"https:\/\/universoesportivo.net\/wp-content\/uploads\/2026\/01\/abrerei.jpg","1536x1536":"https:\/\/universoesportivo.net\/wp-content\/uploads\/2026\/01\/abrerei.jpg","2048x2048":"https:\/\/universoesportivo.net\/wp-content\/uploads\/2026\/01\/abrerei.jpg","trp-custom-language-flag":"https:\/\/universoesportivo.net\/wp-content\/uploads\/2026\/01\/abrerei-15x12.jpg","colormag-highlighted-post":"https:\/\/universoesportivo.net\/wp-content\/uploads\/2026\/01\/abrerei-392x272.jpg","colormag-featured-post-medium":"https:\/\/universoesportivo.net\/wp-content\/uploads\/2026\/01\/abrerei-390x205.jpg","colormag-featured-post-small":"https:\/\/universoesportivo.net\/wp-content\/uploads\/2026\/01\/abrerei-130x90.jpg","colormag-featured-image":"https:\/\/universoesportivo.net\/wp-content\/uploads\/2026\/01\/abrerei.jpg","colormag-default-news":"https:\/\/universoesportivo.net\/wp-content\/uploads\/2026\/01\/abrerei-150x150.jpg","colormag-featured-image-large":"https:\/\/universoesportivo.net\/wp-content\/uploads\/2026\/01\/abrerei.jpg","colormag-elementor-block-extra-large-thumbnail":"https:\/\/universoesportivo.net\/wp-content\/uploads\/2026\/01\/abrerei.jpg","colormag-elementor-grid-large-thumbnail":"https:\/\/universoesportivo.net\/wp-content\/uploads\/2026\/01\/abrerei.jpg","colormag-elementor-grid-small-thumbnail":"https:\/\/universoesportivo.net\/wp-content\/uploads\/2026\/01\/abrerei-285x320.jpg","colormag-elementor-grid-medium-large-thumbnail":"https:\/\/universoesportivo.net\/wp-content\/uploads\/2026\/01\/abrerei-400x198.jpg"},"magazineBlocksPostAuthor":{"name":"Tiago Lotto","avatar":"https:\/\/secure.gravatar.com\/avatar\/fd6891125b3fb6ba0b794cd20c3398d5bb0fa20d2b9963a95f19470e5a6192f7?s=96&d=mm&r=g"},"magazineBlocksPostCommentsNumber":false,"magazineBlocksPostExcerpt":"Atual campe\u00e3o, Flamengo estreia no MorumBis, \u00e0s 21h30, contra o S\u00e3o Paulo. Corinthians recebe o Bahia; Palmeiras joga em Minas, contra o Atl\u00e9tico, e o Santos enfrenta a Chapecoense, em Chapec\u00f3.","magazineBlocksPostCategories":["ESPORTES","Futebol"],"magazineBlocksPostViewCount":60,"magazineBlocksPostReadTime":2,"magazine_blocks_featured_image_url":{"full":["https:\/\/universoesportivo.net\/wp-content\/uploads\/2026\/01\/abrerei.jpg",400,320,false],"medium":["https:\/\/universoesportivo.net\/wp-content\/uploads\/2026\/01\/abrerei-300x240.jpg",300,240,true],"thumbnail":["https:\/\/universoesportivo.net\/wp-content\/uploads\/2026\/01\/abrerei-150x150.jpg",150,150,true]},"magazine_blocks_author":{"display_name":"Tiago Lotto","author_link":"https:\/\/universoesportivo.net\/index.php\/author\/tiago-lotto\/"},"magazine_blocks_comment":0,"magazine_blocks_author_image":"https:\/\/secure.gravatar.com\/avatar\/fd6891125b3fb6ba0b794cd20c3398d5bb0fa20d2b9963a95f19470e5a6192f7?s=96&d=mm&r=g","magazine_blocks_category":"<a href=\"#\" class=\"category-link category-link-17\">ESPORTES<\/a> <a href=\"#\" class=\"category-link category-link-43\">Futebol<\/a>","yoast_head":"<!-- This site is optimized with the Yoast SEO plugin v27.4 - https:\/\/yoast.com\/product\/yoast-seo-wordpress\/ -->\n<title>Brasileir\u00e3o 2026 come\u00e7a nesta quarta (28); Mirassol estreia na quinta-feira (29) - Universo Esportivo<\/title>\n<meta name=\"robots\" content=\"index, follow, max-snippet:-1, max-image-preview:large, max-video-preview:-1\" \/>\n<link rel=\"canonical\" href=\"https:\/\/universoesportivo.net\/index.php\/2026\/01\/28\/brasileirao-2026-comeca-nesta-quarta-28-mirassol-estreia-na-quinta-feira-29\/\" \/>\n<meta property=\"og:locale\" content=\"pt_BR\" \/>\n<meta property=\"og:type\" content=\"article\" \/>\n<meta property=\"og:title\" content=\"Brasileir\u00e3o 2026 come\u00e7a nesta quarta (28); Mirassol estreia na quinta-feira (29) - Universo Esportivo\" \/>\n<meta property=\"og:description\" content=\"Atual campe\u00e3o, Flamengo estreia no MorumBis, \u00e0s 21h30, contra o S\u00e3o Paulo. Corinthians recebe o Bahia; Palmeiras joga em Minas, contra o Atl\u00e9tico, e o Santos enfrenta a Chapecoense, em Chapec\u00f3.\" \/>\n<meta property=\"og:url\" content=\"https:\/\/universoesportivo.net\/index.php\/2026\/01\/28\/brasileirao-2026-comeca-nesta-quarta-28-mirassol-estreia-na-quinta-feira-29\/\" \/>\n<meta property=\"og:site_name\" content=\"Universo Esportivo\" \/>\n<meta property=\"article:publisher\" content=\"https:\/\/www.facebook.com\/universoesportivo.net\" \/>\n<meta property=\"article:published_time\" content=\"2026-01-28T15:01:46+00:00\" \/>\n<meta property=\"article:modified_time\" content=\"2026-01-28T19:49:00+00:00\" \/>\n<meta property=\"og:image\" content=\"https:\/\/universoesportivo.net\/wp-content\/uploads\/2026\/01\/abrerei.jpg\" \/>\n\t<meta property=\"og:image:width\" content=\"400\" \/>\n\t<meta property=\"og:image:height\" content=\"320\" \/>\n\t<meta property=\"og:image:type\" content=\"image\/jpeg\" \/>\n<meta name=\"author\" content=\"Tiago Lotto\" \/>\n<meta name=\"twitter:card\" content=\"summary_large_image\" \/>\n<meta name=\"twitter:label1\" content=\"Escrito por\" \/>\n\t<meta name=\"twitter:data1\" content=\"Tiago Lotto\" \/>\n\t<meta name=\"twitter:label2\" content=\"Est. tempo de leitura\" \/>\n\t<meta name=\"twitter:data2\" content=\"3 minutos\" \/>\n<script type=\"application\/ld+json\" class=\"yoast-schema-graph\">{\"@context\":\"https:\\\/\\\/schema.org\",\"@graph\":[{\"@type\":\"Article\",\"@id\":\"https:\\\/\\\/universoesportivo.net\\\/index.php\\\/2026\\\/01\\\/28\\\/brasileirao-2026-comeca-nesta-quarta-28-mirassol-estreia-na-quinta-feira-29\\\/#article\",\"isPartOf\":{\"@id\":\"https:\\\/\\\/universoesportivo.net\\\/index.php\\\/2026\\\/01\\\/28\\\/brasileirao-2026-comeca-nesta-quarta-28-mirassol-estreia-na-quinta-feira-29\\\/\"},\"author\":{\"name\":\"Tiago Lotto\",\"@id\":\"https:\\\/\\\/universoesportivo.net\\\/#\\\/schema\\\/person\\\/62bc311bc7def56a6bc83711536e74bd\"},\"headline\":\"Brasileir\u00e3o 2026 come\u00e7a nesta quarta (28); Mirassol estreia na quinta-feira (29)\",\"datePublished\":\"2026-01-28T15:01:46+00:00\",\"dateModified\":\"2026-01-28T19:49:00+00:00\",\"mainEntityOfPage\":{\"@id\":\"https:\\\/\\\/universoesportivo.net\\\/index.php\\\/2026\\\/01\\\/28\\\/brasileirao-2026-comeca-nesta-quarta-28-mirassol-estreia-na-quinta-feira-29\\\/\"},\"wordCount\":406,\"publisher\":{\"@id\":\"https:\\\/\\\/universoesportivo.net\\\/#organization\"},\"image\":{\"@id\":\"https:\\\/\\\/universoesportivo.net\\\/index.php\\\/2026\\\/01\\\/28\\\/brasileirao-2026-comeca-nesta-quarta-28-mirassol-estreia-na-quinta-feira-29\\\/#primaryimage\"},\"thumbnailUrl\":\"https:\\\/\\\/universoesportivo.net\\\/wp-content\\\/uploads\\\/2026\\\/01\\\/abrerei.jpg\",\"articleSection\":[\"ESPORTES\",\"Futebol\"],\"inLanguage\":\"pt-BR\"},{\"@type\":\"WebPage\",\"@id\":\"https:\\\/\\\/universoesportivo.net\\\/index.php\\\/2026\\\/01\\\/28\\\/brasileirao-2026-comeca-nesta-quarta-28-mirassol-estreia-na-quinta-feira-29\\\/\",\"url\":\"https:\\\/\\\/universoesportivo.net\\\/index.php\\\/2026\\\/01\\\/28\\\/brasileirao-2026-comeca-nesta-quarta-28-mirassol-estreia-na-quinta-feira-29\\\/\",\"name\":\"Brasileir\u00e3o 2026 come\u00e7a nesta quarta (28); Mirassol estreia na quinta-feira (29) - Universo Esportivo\",\"isPartOf\":{\"@id\":\"https:\\\/\\\/universoesportivo.net\\\/#website\"},\"primaryImageOfPage\":{\"@id\":\"https:\\\/\\\/universoesportivo.net\\\/index.php\\\/2026\\\/01\\\/28\\\/brasileirao-2026-comeca-nesta-quarta-28-mirassol-estreia-na-quinta-feira-29\\\/#primaryimage\"},\"image\":{\"@id\":\"https:\\\/\\\/universoesportivo.net\\\/index.php\\\/2026\\\/01\\\/28\\\/brasileirao-2026-comeca-nesta-quarta-28-mirassol-estreia-na-quinta-feira-29\\\/#primaryimage\"},\"thumbnailUrl\":\"https:\\\/\\\/universoesportivo.net\\\/wp-content\\\/uploads\\\/2026\\\/01\\\/abrerei.jpg\",\"datePublished\":\"2026-01-28T15:01:46+00:00\",\"dateModified\":\"2026-01-28T19:49:00+00:00\",\"breadcrumb\":{\"@id\":\"https:\\\/\\\/universoesportivo.net\\\/index.php\\\/2026\\\/01\\\/28\\\/brasileirao-2026-comeca-nesta-quarta-28-mirassol-estreia-na-quinta-feira-29\\\/#breadcrumb\"},\"inLanguage\":\"pt-BR\",\"potentialAction\":[{\"@type\":\"ReadAction\",\"target\":[\"https:\\\/\\\/universoesportivo.net\\\/index.php\\\/2026\\\/01\\\/28\\\/brasileirao-2026-comeca-nesta-quarta-28-mirassol-estreia-na-quinta-feira-29\\\/\"]}]},{\"@type\":\"ImageObject\",\"inLanguage\":\"pt-BR\",\"@id\":\"https:\\\/\\\/universoesportivo.net\\\/index.php\\\/2026\\\/01\\\/28\\\/brasileirao-2026-comeca-nesta-quarta-28-mirassol-estreia-na-quinta-feira-29\\\/#primaryimage\",\"url\":\"https:\\\/\\\/universoesportivo.net\\\/wp-content\\\/uploads\\\/2026\\\/01\\\/abrerei.jpg\",\"contentUrl\":\"https:\\\/\\\/universoesportivo.net\\\/wp-content\\\/uploads\\\/2026\\\/01\\\/abrerei.jpg\",\"width\":400,\"height\":320},{\"@type\":\"BreadcrumbList\",\"@id\":\"https:\\\/\\\/universoesportivo.net\\\/index.php\\\/2026\\\/01\\\/28\\\/brasileirao-2026-comeca-nesta-quarta-28-mirassol-estreia-na-quinta-feira-29\\\/#breadcrumb\",\"itemListElement\":[{\"@type\":\"ListItem\",\"position\":1,\"name\":\"In\u00edcio\",\"item\":\"https:\\\/\\\/universoesportivo.net\\\/\"},{\"@type\":\"ListItem\",\"position\":2,\"name\":\"Brasileir\u00e3o 2026 come\u00e7a nesta quarta (28); Mirassol estreia na quinta-feira (29)\"}]},{\"@type\":\"WebSite\",\"@id\":\"https:\\\/\\\/universoesportivo.net\\\/#website\",\"url\":\"https:\\\/\\\/universoesportivo.net\\\/\",\"name\":\"Universo Esportivo\",\"description\":\"O portal de todas as modalidades esportivas!\",\"publisher\":{\"@id\":\"https:\\\/\\\/universoesportivo.net\\\/#organization\"},\"alternateName\":\"Jornalista Tiago Contador Lotto\",\"potentialAction\":[{\"@type\":\"SearchAction\",\"target\":{\"@type\":\"EntryPoint\",\"urlTemplate\":\"https:\\\/\\\/universoesportivo.net\\\/?s={search_term_string}\"},\"query-input\":{\"@type\":\"PropertyValueSpecification\",\"valueRequired\":true,\"valueName\":\"search_term_string\"}}],\"inLanguage\":\"pt-BR\"},{\"@type\":\"Organization\",\"@id\":\"https:\\\/\\\/universoesportivo.net\\\/#organization\",\"name\":\"Universo Esportivo\",\"alternateName\":\"Tiago Lotto\",\"url\":\"https:\\\/\\\/universoesportivo.net\\\/\",\"logo\":{\"@type\":\"ImageObject\",\"inLanguage\":\"pt-BR\",\"@id\":\"https:\\\/\\\/universoesportivo.net\\\/#\\\/schema\\\/logo\\\/image\\\/\",\"url\":\"https:\\\/\\\/universoesportivo.net\\\/wp-content\\\/uploads\\\/2024\\\/05\\\/cropped-cropped-universo-6.png\",\"contentUrl\":\"https:\\\/\\\/universoesportivo.net\\\/wp-content\\\/uploads\\\/2024\\\/05\\\/cropped-cropped-universo-6.png\",\"width\":413,\"height\":295,\"caption\":\"Universo Esportivo\"},\"image\":{\"@id\":\"https:\\\/\\\/universoesportivo.net\\\/#\\\/schema\\\/logo\\\/image\\\/\"},\"sameAs\":[\"https:\\\/\\\/www.facebook.com\\\/universoesportivo.net\"]},{\"@type\":\"Person\",\"@id\":\"https:\\\/\\\/universoesportivo.net\\\/#\\\/schema\\\/person\\\/62bc311bc7def56a6bc83711536e74bd\",\"name\":\"Tiago Lotto\",\"image\":{\"@type\":\"ImageObject\",\"inLanguage\":\"pt-BR\",\"@id\":\"https:\\\/\\\/secure.gravatar.com\\\/avatar\\\/fd6891125b3fb6ba0b794cd20c3398d5bb0fa20d2b9963a95f19470e5a6192f7?s=96&d=mm&r=g\",\"url\":\"https:\\\/\\\/secure.gravatar.com\\\/avatar\\\/fd6891125b3fb6ba0b794cd20c3398d5bb0fa20d2b9963a95f19470e5a6192f7?s=96&d=mm&r=g\",\"contentUrl\":\"https:\\\/\\\/secure.gravatar.com\\\/avatar\\\/fd6891125b3fb6ba0b794cd20c3398d5bb0fa20d2b9963a95f19470e5a6192f7?s=96&d=mm&r=g\",\"caption\":\"Tiago Lotto\"},\"url\":\"https:\\\/\\\/universoesportivo.net\\\/index.php\\\/author\\\/tiago-lotto\\\/\"}]}<\/script>\n<!-- \/ Yoast SEO plugin. -->","yoast_head_json":{"title":"Brasileir\u00e3o 2026 come\u00e7a nesta quarta (28); Mirassol estreia na quinta-feira (29) - Universo Esportivo","robots":{"index":"index","follow":"follow","max-snippet":"max-snippet:-1","max-image-preview":"max-image-preview:large","max-video-preview":"max-video-preview:-1"},"canonical":"https:\/\/universoesportivo.net\/index.php\/2026\/01\/28\/brasileirao-2026-comeca-nesta-quarta-28-mirassol-estreia-na-quinta-feira-29\/","og_locale":"pt_BR","og_type":"article","og_title":"Brasileir\u00e3o 2026 come\u00e7a nesta quarta (28); Mirassol estreia na quinta-feira (29) - Universo Esportivo","og_description":"Atual campe\u00e3o, Flamengo estreia no MorumBis, \u00e0s 21h30, contra o S\u00e3o Paulo. Corinthians recebe o Bahia; Palmeiras joga em Minas, contra o Atl\u00e9tico, e o Santos enfrenta a Chapecoense, em Chapec\u00f3.","og_url":"https:\/\/universoesportivo.net\/index.php\/2026\/01\/28\/brasileirao-2026-comeca-nesta-quarta-28-mirassol-estreia-na-quinta-feira-29\/","og_site_name":"Universo Esportivo","article_publisher":"https:\/\/www.facebook.com\/universoesportivo.net","article_published_time":"2026-01-28T15:01:46+00:00","article_modified_time":"2026-01-28T19:49:00+00:00","og_image":[{"width":400,"height":320,"url":"https:\/\/universoesportivo.net\/wp-content\/uploads\/2026\/01\/abrerei.jpg","type":"image\/jpeg"}],"author":"Tiago Lotto","twitter_card":"summary_large_image","twitter_misc":{"Escrito por":"Tiago Lotto","Est. tempo de leitura":"3 minutos"},"schema":{"@context":"https:\/\/schema.org","@graph":[{"@type":"Article","@id":"https:\/\/universoesportivo.net\/index.php\/2026\/01\/28\/brasileirao-2026-comeca-nesta-quarta-28-mirassol-estreia-na-quinta-feira-29\/#article","isPartOf":{"@id":"https:\/\/universoesportivo.net\/index.php\/2026\/01\/28\/brasileirao-2026-comeca-nesta-quarta-28-mirassol-estreia-na-quinta-feira-29\/"},"author":{"name":"Tiago Lotto","@id":"https:\/\/universoesportivo.net\/#\/schema\/person\/62bc311bc7def56a6bc83711536e74bd"},"headline":"Brasileir\u00e3o 2026 come\u00e7a nesta quarta (28); Mirassol estreia na quinta-feira (29)","datePublished":"2026-01-28T15:01:46+00:00","dateModified":"2026-01-28T19:49:00+00:00","mainEntityOfPage":{"@id":"https:\/\/universoesportivo.net\/index.php\/2026\/01\/28\/brasileirao-2026-comeca-nesta-quarta-28-mirassol-estreia-na-quinta-feira-29\/"},"wordCount":406,"publisher":{"@id":"https:\/\/universoesportivo.net\/#organization"},"image":{"@id":"https:\/\/universoesportivo.net\/index.php\/2026\/01\/28\/brasileirao-2026-comeca-nesta-quarta-28-mirassol-estreia-na-quinta-feira-29\/#primaryimage"},"thumbnailUrl":"https:\/\/universoesportivo.net\/wp-content\/uploads\/2026\/01\/abrerei.jpg","articleSection":["ESPORTES","Futebol"],"inLanguage":"pt-BR"},{"@type":"WebPage","@id":"https:\/\/universoesportivo.net\/index.php\/2026\/01\/28\/brasileirao-2026-comeca-nesta-quarta-28-mirassol-estreia-na-quinta-feira-29\/","url":"https:\/\/universoesportivo.net\/index.php\/2026\/01\/28\/brasileirao-2026-comeca-nesta-quarta-28-mirassol-estreia-na-quinta-feira-29\/","name":"Brasileir\u00e3o 2026 come\u00e7a nesta quarta (28); Mirassol estreia na quinta-feira (29) - Universo Esportivo","isPartOf":{"@id":"https:\/\/universoesportivo.net\/#website"},"primaryImageOfPage":{"@id":"https:\/\/universoesportivo.net\/index.php\/2026\/01\/28\/brasileirao-2026-comeca-nesta-quarta-28-mirassol-estreia-na-quinta-feira-29\/#primaryimage"},"image":{"@id":"https:\/\/universoesportivo.net\/index.php\/2026\/01\/28\/brasileirao-2026-comeca-nesta-quarta-28-mirassol-estreia-na-quinta-feira-29\/#primaryimage"},"thumbnailUrl":"https:\/\/universoesportivo.net\/wp-content\/uploads\/2026\/01\/abrerei.jpg","datePublished":"2026-01-28T15:01:46+00:00","dateModified":"2026-01-28T19:49:00+00:00","breadcrumb":{"@id":"https:\/\/universoesportivo.net\/index.php\/2026\/01\/28\/brasileirao-2026-comeca-nesta-quarta-28-mirassol-estreia-na-quinta-feira-29\/#breadcrumb"},"inLanguage":"pt-BR","potentialAction":[{"@type":"ReadAction","target":["https:\/\/universoesportivo.net\/index.php\/2026\/01\/28\/brasileirao-2026-comeca-nesta-quarta-28-mirassol-estreia-na-quinta-feira-29\/"]}]},{"@type":"ImageObject","inLanguage":"pt-BR","@id":"https:\/\/universoesportivo.net\/index.php\/2026\/01\/28\/brasileirao-2026-comeca-nesta-quarta-28-mirassol-estreia-na-quinta-feira-29\/#primaryimage","url":"https:\/\/universoesportivo.net\/wp-content\/uploads\/2026\/01\/abrerei.jpg","contentUrl":"https:\/\/universoesportivo.net\/wp-content\/uploads\/2026\/01\/abrerei.jpg","width":400,"height":320},{"@type":"BreadcrumbList","@id":"https:\/\/universoesportivo.net\/index.php\/2026\/01\/28\/brasileirao-2026-comeca-nesta-quarta-28-mirassol-estreia-na-quinta-feira-29\/#breadcrumb","itemListElement":[{"@type":"ListItem","position":1,"name":"In\u00edcio","item":"https:\/\/universoesportivo.net\/"},{"@type":"ListItem","position":2,"name":"Brasileir\u00e3o 2026 come\u00e7a nesta quarta (28); Mirassol estreia na quinta-feira (29)"}]},{"@type":"WebSite","@id":"https:\/\/universoesportivo.net\/#website","url":"https:\/\/universoesportivo.net\/","name":"Universo Esportivo","description":"O portal de todas as modalidades esportivas!","publisher":{"@id":"https:\/\/universoesportivo.net\/#organization"},"alternateName":"Jornalista Tiago Contador Lotto","potentialAction":[{"@type":"SearchAction","target":{"@type":"EntryPoint","urlTemplate":"https:\/\/universoesportivo.net\/?s={search_term_string}"},"query-input":{"@type":"PropertyValueSpecification","valueRequired":true,"valueName":"search_term_string"}}],"inLanguage":"pt-BR"},{"@type":"Organization","@id":"https:\/\/universoesportivo.net\/#organization","name":"Universo Esportivo","alternateName":"Tiago Lotto","url":"https:\/\/universoesportivo.net\/","logo":{"@type":"ImageObject","inLanguage":"pt-BR","@id":"https:\/\/universoesportivo.net\/#\/schema\/logo\/image\/","url":"https:\/\/universoesportivo.net\/wp-content\/uploads\/2024\/05\/cropped-cropped-universo-6.png","contentUrl":"https:\/\/universoesportivo.net\/wp-content\/uploads\/2024\/05\/cropped-cropped-universo-6.png","width":413,"height":295,"caption":"Universo Esportivo"},"image":{"@id":"https:\/\/universoesportivo.net\/#\/schema\/logo\/image\/"},"sameAs":["https:\/\/www.facebook.com\/universoesportivo.net"]},{"@type":"Person","@id":"https:\/\/universoesportivo.net\/#\/schema\/person\/62bc311bc7def56a6bc83711536e74bd","name":"Tiago Lotto","image":{"@type":"ImageObject","inLanguage":"pt-BR","@id":"https:\/\/secure.gravatar.com\/avatar\/fd6891125b3fb6ba0b794cd20c3398d5bb0fa20d2b9963a95f19470e5a6192f7?s=96&d=mm&r=g","url":"https:\/\/secure.gravatar.com\/avatar\/fd6891125b3fb6ba0b794cd20c3398d5bb0fa20d2b9963a95f19470e5a6192f7?s=96&d=mm&r=g","contentUrl":"https:\/\/secure.gravatar.com\/avatar\/fd6891125b3fb6ba0b794cd20c3398d5bb0fa20d2b9963a95f19470e5a6192f7?s=96&d=mm&r=g","caption":"Tiago Lotto"},"url":"https:\/\/universoesportivo.net\/index.php\/author\/tiago-lotto\/"}]}},"jetpack_featured_media_url":"https:\/\/universoesportivo.net\/wp-content\/uploads\/2026\/01\/abrerei.jpg","_links":{"self":[{"href":"https:\/\/universoesportivo.net\/index.php\/wp-json\/wp\/v2\/posts\/2563","targetHints":{"allow":["GET"]}}],"collection":[{"href":"https:\/\/universoesportivo.net\/index.php\/wp-json\/wp\/v2\/posts"}],"about":[{"href":"https:\/\/universoesportivo.net\/index.php\/wp-json\/wp\/v2\/types\/post"}],"author":[{"embeddable":true,"href":"https:\/\/universoesportivo.net\/index.php\/wp-json\/wp\/v2\/users\/2"}],"replies":[{"embeddable":true,"href":"https:\/\/universoesportivo.net\/index.php\/wp-json\/wp\/v2\/comments?post=2563"}],"version-history":[{"count":2,"href":"https:\/\/universoesportivo.net\/index.php\/wp-json\/wp\/v2\/posts\/2563\/revisions"}],"predecessor-version":[{"id":2571,"href":"https:\/\/universoesportivo.net\/index.php\/wp-json\/wp\/v2\/posts\/2563\/revisions\/2571"}],"wp:featuredmedia":[{"embeddable":true,"href":"https:\/\/universoesportivo.net\/index.php\/wp-json\/wp\/v2\/media\/2565"}],"wp:attachment":[{"href":"https:\/\/universoesportivo.net\/index.php\/wp-json\/wp\/v2\/media?parent=2563"}],"wp:term":[{"taxonomy":"category","embeddable":true,"href":"https:\/\/universoesportivo.net\/index.php\/wp-json\/wp\/v2\/categories?post=2563"},{"taxonomy":"post_tag","embeddable":true,"href":"https:\/\/universoesportivo.net\/index.php\/wp-json\/wp\/v2\/tags?post=2563"}],"curies":[{"name":"wp","href":"https:\/\/api.w.org\/{rel}","templated":true}]}}