{"id":2697,"date":"2026-03-10T12:50:35","date_gmt":"2026-03-10T15:50:35","guid":{"rendered":"https:\/\/universoesportivo.net\/?p=2697"},"modified":"2026-03-10T17:03:56","modified_gmt":"2026-03-10T20:03:56","slug":"com-equipes-azul-e-branco-escola-bola-na-rede-estreia-na-mdb-cup-e-valoriza-competicao-regional","status":"publish","type":"post","link":"https:\/\/universoesportivo.net\/index.php\/2026\/03\/10\/com-equipes-azul-e-branco-escola-bola-na-rede-estreia-na-mdb-cup-e-valoriza-competicao-regional\/","title":{"rendered":"Com equipes Azul e Branco, Escola Bola na Rede estreia na MDB Cup e valoriza competi\u00e7\u00e3o regional"},"content":{"rendered":"\n<p class=\"has-medium-font-size\">A Escola de Futebol e Futsal Bola na Rede, de Catanduva, come\u00e7ou com intensidade sua participa\u00e7\u00e3o na MDB Cup de Futsal, uma das competi\u00e7\u00f5es mais disputadas do interior paulista. No \u00faltimo final de semana, a escola colocou sete equipes em quadra, representando diferentes categorias e refor\u00e7ando seu compromisso com o desenvolvimento esportivo de jovens atletas da cidade.<\/p>\n\n\n\n<p class=\"has-medium-font-size\">Nesta edi\u00e7\u00e3o do torneio, a escola participa com duas representa\u00e7\u00f5es: Bola na Rede Azul e Bola na Rede Branco, ampliando as oportunidades para que mais alunos vivenciem a experi\u00eancia competitiva. A participa\u00e7\u00e3o na MDB Cup tamb\u00e9m refor\u00e7a a valoriza\u00e7\u00e3o que a escola d\u00e1 ao campeonato regional, considerado um importante espa\u00e7o de integra\u00e7\u00e3o, aprendizado e crescimento para atletas em forma\u00e7\u00e3o.<\/p>\n\n\n\n<p class=\"has-medium-font-size\">Durante a rodada de estreia, as equipes das categorias sub-8, sub-9, sub-10 e sub-12 entraram em quadra. A Bola na Rede Azul teve um desempenho de destaque, com tr\u00eas vit\u00f3rias e um empate. J\u00e1 a Bola na Rede Branco enfrentou partidas bastante disputadas diante de advers\u00e1rios tradicionais da regi\u00e3o.<\/p>\n\n\n\n<p class=\"has-medium-font-size\">As equipes da Bola na Rede Azul tiveram pela frente o Para\u00edso E.C., enquanto os times da Bola na Rede Branco enfrentaram a escola Mundo da Bola, tamb\u00e9m de Catanduva.<\/p>\n\n\n\n<p class=\"has-medium-font-size\">A MDB Cup segue at\u00e9 novembro, com rodadas realizadas aos finais de semana e reunindo diversas categorias do futsal de base, consolidando-se como um importante palco para revelar talentos e incentivar o esporte na regi\u00e3o.<\/p>\n\n\n\n<p class=\"has-medium-font-size\">Confira os resultados da rodada:<\/p>\n\n\n\n<p class=\"has-medium-font-size\"><br>Sub-8<br>Bola na Rede Azul 4 x 4 Para\u00edso<\/p>\n\n\n\n<p class=\"has-medium-font-size\"><br>Sub-9<br>Bola na Rede Azul 4 x 3 Para\u00edso<br>Bola na Rede Branco 1 x 2 Mundo da Bola<\/p>\n\n\n\n<p class=\"has-medium-font-size\"><br>Sub-10<br>Bola na Rede Azul 11 x 1 Para\u00edso<br>Bola na Rede Branco 1 x 4 Mundo da Bola<\/p>\n\n\n\n<p class=\"has-medium-font-size\"><br>Sub-12<br>Bola na Rede Azul 4 x 1 Para\u00edso<br>Bola na Rede Branco 1 x 3 Mundo da Bola<\/p>\n\n\n\n<p class=\"has-medium-font-size\">DA REDA\u00c7\u00c3O &#8211; UNIVERSO ESPORTIVO<\/p>\n\n\n\n<p class=\"has-medium-font-size\">Fotos: Bola na Rede\/Divulga\u00e7\u00e3o<\/p>\n\n\n\n<figure class=\"wp-block-image\"><img fetchpriority=\"high\" decoding=\"async\" width=\"400\" height=\"533\" src=\"https:\/\/universoesportivo.net\/wp-content\/uploads\/2026\/03\/bolaabaixo12-1.jpg\" alt=\"\" class=\"wp-image-2706\" srcset=\"https:\/\/universoesportivo.net\/wp-content\/uploads\/2026\/03\/bolaabaixo12-1.jpg 400w, https:\/\/universoesportivo.net\/wp-content\/uploads\/2026\/03\/bolaabaixo12-1-225x300.jpg 225w, https:\/\/universoesportivo.net\/wp-content\/uploads\/2026\/03\/bolaabaixo12-1-9x12.jpg 9w\" sizes=\"(max-width: 400px) 100vw, 400px\" \/><\/figure>\n\n\n\n<figure class=\"wp-block-image\"><img decoding=\"async\" width=\"400\" height=\"533\" src=\"https:\/\/universoesportivo.net\/wp-content\/uploads\/2026\/03\/bolaabaixo9-1.jpg\" alt=\"\" class=\"wp-image-2705\" srcset=\"https:\/\/universoesportivo.net\/wp-content\/uploads\/2026\/03\/bolaabaixo9-1.jpg 400w, https:\/\/universoesportivo.net\/wp-content\/uploads\/2026\/03\/bolaabaixo9-1-225x300.jpg 225w, https:\/\/universoesportivo.net\/wp-content\/uploads\/2026\/03\/bolaabaixo9-1-9x12.jpg 9w\" sizes=\"(max-width: 400px) 100vw, 400px\" \/><\/figure>\n\n\n\n<figure class=\"wp-block-image\"><img decoding=\"async\" width=\"400\" height=\"533\" src=\"https:\/\/universoesportivo.net\/wp-content\/uploads\/2026\/03\/bolaabaixo8-1.jpg\" alt=\"\" class=\"wp-image-2704\" srcset=\"https:\/\/universoesportivo.net\/wp-content\/uploads\/2026\/03\/bolaabaixo8-1.jpg 400w, https:\/\/universoesportivo.net\/wp-content\/uploads\/2026\/03\/bolaabaixo8-1-225x300.jpg 225w, https:\/\/universoesportivo.net\/wp-content\/uploads\/2026\/03\/bolaabaixo8-1-9x12.jpg 9w\" sizes=\"(max-width: 400px) 100vw, 400px\" \/><\/figure>\n","protected":false},"excerpt":{"rendered":"<p>Nesta edi\u00e7\u00e3o do torneio, a escola participa com duas representa\u00e7\u00f5es: Bola na Rede Azul e Bola na Rede Branco, ampliando as oportunidades para que mais alunos vivenciem a experi\u00eancia competitiva. <\/p>\n","protected":false},"author":2,"featured_media":2698,"comment_status":"closed","ping_status":"closed","sticky":false,"template":"","format":"standard","meta":{"colormag_page_container_layout":"default_layout","colormag_page_sidebar_layout":"default_layout","footnotes":""},"categories":[17,48],"tags":[],"class_list":["post-2697","post","type-post","status-publish","format-standard","has-post-thumbnail","hentry","category-esportes","category-futsal"],"magazineBlocksPostFeaturedMedia":{"thumbnail":"https:\/\/universoesportivo.net\/wp-content\/uploads\/2026\/03\/abrebola10-150x150.jpg","medium":"https:\/\/universoesportivo.net\/wp-content\/uploads\/2026\/03\/abrebola10-169x300.jpg","medium_large":"https:\/\/universoesportivo.net\/wp-content\/uploads\/2026\/03\/abrebola10.jpg","large":"https:\/\/universoesportivo.net\/wp-content\/uploads\/2026\/03\/abrebola10.jpg","1536x1536":"https:\/\/universoesportivo.net\/wp-content\/uploads\/2026\/03\/abrebola10.jpg","2048x2048":"https:\/\/universoesportivo.net\/wp-content\/uploads\/2026\/03\/abrebola10.jpg","trp-custom-language-flag":"https:\/\/universoesportivo.net\/wp-content\/uploads\/2026\/03\/abrebola10-7x12.jpg","colormag-highlighted-post":"https:\/\/universoesportivo.net\/wp-content\/uploads\/2026\/03\/abrebola10-392x272.jpg","colormag-featured-post-medium":"https:\/\/universoesportivo.net\/wp-content\/uploads\/2026\/03\/abrebola10-390x205.jpg","colormag-featured-post-small":"https:\/\/universoesportivo.net\/wp-content\/uploads\/2026\/03\/abrebola10-130x90.jpg","colormag-featured-image":"https:\/\/universoesportivo.net\/wp-content\/uploads\/2026\/03\/abrebola10-400x445.jpg","colormag-default-news":"https:\/\/universoesportivo.net\/wp-content\/uploads\/2026\/03\/abrebola10-150x150.jpg","colormag-featured-image-large":"https:\/\/universoesportivo.net\/wp-content\/uploads\/2026\/03\/abrebola10-400x600.jpg","colormag-elementor-block-extra-large-thumbnail":"https:\/\/universoesportivo.net\/wp-content\/uploads\/2026\/03\/abrebola10-400x480.jpg","colormag-elementor-grid-large-thumbnail":"https:\/\/universoesportivo.net\/wp-content\/uploads\/2026\/03\/abrebola10-400x417.jpg","colormag-elementor-grid-small-thumbnail":"https:\/\/universoesportivo.net\/wp-content\/uploads\/2026\/03\/abrebola10-285x450.jpg","colormag-elementor-grid-medium-large-thumbnail":"https:\/\/universoesportivo.net\/wp-content\/uploads\/2026\/03\/abrebola10-400x198.jpg"},"magazineBlocksPostAuthor":{"name":"Tiago Lotto","avatar":"https:\/\/secure.gravatar.com\/avatar\/fd6891125b3fb6ba0b794cd20c3398d5bb0fa20d2b9963a95f19470e5a6192f7?s=96&d=mm&r=g"},"magazineBlocksPostCommentsNumber":false,"magazineBlocksPostExcerpt":"Nesta edi\u00e7\u00e3o do torneio, a escola participa com duas representa\u00e7\u00f5es: Bola na Rede Azul e Bola na Rede Branco, ampliando as oportunidades para que mais alunos vivenciem a experi\u00eancia competitiva. ","magazineBlocksPostCategories":["ESPORTES","Futsal"],"magazineBlocksPostViewCount":75,"magazineBlocksPostReadTime":2,"magazine_blocks_featured_image_url":{"full":["https:\/\/universoesportivo.net\/wp-content\/uploads\/2026\/03\/abrebola10.jpg",400,711,false],"medium":["https:\/\/universoesportivo.net\/wp-content\/uploads\/2026\/03\/abrebola10-169x300.jpg",169,300,true],"thumbnail":["https:\/\/universoesportivo.net\/wp-content\/uploads\/2026\/03\/abrebola10-150x150.jpg",150,150,true]},"magazine_blocks_author":{"display_name":"Tiago Lotto","author_link":"https:\/\/universoesportivo.net\/index.php\/author\/tiago-lotto\/"},"magazine_blocks_comment":0,"magazine_blocks_author_image":"https:\/\/secure.gravatar.com\/avatar\/fd6891125b3fb6ba0b794cd20c3398d5bb0fa20d2b9963a95f19470e5a6192f7?s=96&d=mm&r=g","magazine_blocks_category":"<a href=\"#\" class=\"category-link category-link-17\">ESPORTES<\/a> <a href=\"#\" class=\"category-link category-link-48\">Futsal<\/a>","yoast_head":"<!-- This site is optimized with the Yoast SEO plugin v27.4 - https:\/\/yoast.com\/product\/yoast-seo-wordpress\/ -->\n<title>Com equipes Azul e Branco, Escola Bola na Rede estreia na MDB Cup e valoriza competi\u00e7\u00e3o regional - Universo Esportivo<\/title>\n<meta name=\"robots\" content=\"index, follow, max-snippet:-1, max-image-preview:large, max-video-preview:-1\" \/>\n<link rel=\"canonical\" href=\"https:\/\/universoesportivo.net\/index.php\/2026\/03\/10\/com-equipes-azul-e-branco-escola-bola-na-rede-estreia-na-mdb-cup-e-valoriza-competicao-regional\/\" \/>\n<meta property=\"og:locale\" content=\"pt_BR\" \/>\n<meta property=\"og:type\" content=\"article\" \/>\n<meta property=\"og:title\" content=\"Com equipes Azul e Branco, Escola Bola na Rede estreia na MDB Cup e valoriza competi\u00e7\u00e3o regional - Universo Esportivo\" \/>\n<meta property=\"og:description\" content=\"Nesta edi\u00e7\u00e3o do torneio, a escola participa com duas representa\u00e7\u00f5es: Bola na Rede Azul e Bola na Rede Branco, ampliando as oportunidades para que mais alunos vivenciem a experi\u00eancia competitiva.\" \/>\n<meta property=\"og:url\" content=\"https:\/\/universoesportivo.net\/index.php\/2026\/03\/10\/com-equipes-azul-e-branco-escola-bola-na-rede-estreia-na-mdb-cup-e-valoriza-competicao-regional\/\" \/>\n<meta property=\"og:site_name\" content=\"Universo Esportivo\" \/>\n<meta property=\"article:publisher\" content=\"https:\/\/www.facebook.com\/universoesportivo.net\" \/>\n<meta property=\"article:published_time\" content=\"2026-03-10T15:50:35+00:00\" \/>\n<meta property=\"article:modified_time\" content=\"2026-03-10T20:03:56+00:00\" \/>\n<meta property=\"og:image\" content=\"https:\/\/universoesportivo.net\/wp-content\/uploads\/2026\/03\/abrebola10.jpg\" \/>\n\t<meta property=\"og:image:width\" content=\"400\" \/>\n\t<meta property=\"og:image:height\" content=\"711\" \/>\n\t<meta property=\"og:image:type\" content=\"image\/jpeg\" \/>\n<meta name=\"author\" content=\"Tiago Lotto\" \/>\n<meta name=\"twitter:card\" content=\"summary_large_image\" \/>\n<meta name=\"twitter:label1\" content=\"Escrito por\" \/>\n\t<meta name=\"twitter:data1\" content=\"Tiago Lotto\" \/>\n\t<meta name=\"twitter:label2\" content=\"Est. tempo de leitura\" \/>\n\t<meta name=\"twitter:data2\" content=\"3 minutos\" \/>\n<script type=\"application\/ld+json\" class=\"yoast-schema-graph\">{\"@context\":\"https:\\\/\\\/schema.org\",\"@graph\":[{\"@type\":\"Article\",\"@id\":\"https:\\\/\\\/universoesportivo.net\\\/index.php\\\/2026\\\/03\\\/10\\\/com-equipes-azul-e-branco-escola-bola-na-rede-estreia-na-mdb-cup-e-valoriza-competicao-regional\\\/#article\",\"isPartOf\":{\"@id\":\"https:\\\/\\\/universoesportivo.net\\\/index.php\\\/2026\\\/03\\\/10\\\/com-equipes-azul-e-branco-escola-bola-na-rede-estreia-na-mdb-cup-e-valoriza-competicao-regional\\\/\"},\"author\":{\"name\":\"Tiago Lotto\",\"@id\":\"https:\\\/\\\/universoesportivo.net\\\/#\\\/schema\\\/person\\\/62bc311bc7def56a6bc83711536e74bd\"},\"headline\":\"Com equipes Azul e Branco, Escola Bola na Rede estreia na MDB Cup e valoriza competi\u00e7\u00e3o regional\",\"datePublished\":\"2026-03-10T15:50:35+00:00\",\"dateModified\":\"2026-03-10T20:03:56+00:00\",\"mainEntityOfPage\":{\"@id\":\"https:\\\/\\\/universoesportivo.net\\\/index.php\\\/2026\\\/03\\\/10\\\/com-equipes-azul-e-branco-escola-bola-na-rede-estreia-na-mdb-cup-e-valoriza-competicao-regional\\\/\"},\"wordCount\":340,\"publisher\":{\"@id\":\"https:\\\/\\\/universoesportivo.net\\\/#organization\"},\"image\":{\"@id\":\"https:\\\/\\\/universoesportivo.net\\\/index.php\\\/2026\\\/03\\\/10\\\/com-equipes-azul-e-branco-escola-bola-na-rede-estreia-na-mdb-cup-e-valoriza-competicao-regional\\\/#primaryimage\"},\"thumbnailUrl\":\"https:\\\/\\\/universoesportivo.net\\\/wp-content\\\/uploads\\\/2026\\\/03\\\/abrebola10.jpg\",\"articleSection\":[\"ESPORTES\",\"Futsal\"],\"inLanguage\":\"pt-BR\"},{\"@type\":\"WebPage\",\"@id\":\"https:\\\/\\\/universoesportivo.net\\\/index.php\\\/2026\\\/03\\\/10\\\/com-equipes-azul-e-branco-escola-bola-na-rede-estreia-na-mdb-cup-e-valoriza-competicao-regional\\\/\",\"url\":\"https:\\\/\\\/universoesportivo.net\\\/index.php\\\/2026\\\/03\\\/10\\\/com-equipes-azul-e-branco-escola-bola-na-rede-estreia-na-mdb-cup-e-valoriza-competicao-regional\\\/\",\"name\":\"Com equipes Azul e Branco, Escola Bola na Rede estreia na MDB Cup e valoriza competi\u00e7\u00e3o regional - Universo Esportivo\",\"isPartOf\":{\"@id\":\"https:\\\/\\\/universoesportivo.net\\\/#website\"},\"primaryImageOfPage\":{\"@id\":\"https:\\\/\\\/universoesportivo.net\\\/index.php\\\/2026\\\/03\\\/10\\\/com-equipes-azul-e-branco-escola-bola-na-rede-estreia-na-mdb-cup-e-valoriza-competicao-regional\\\/#primaryimage\"},\"image\":{\"@id\":\"https:\\\/\\\/universoesportivo.net\\\/index.php\\\/2026\\\/03\\\/10\\\/com-equipes-azul-e-branco-escola-bola-na-rede-estreia-na-mdb-cup-e-valoriza-competicao-regional\\\/#primaryimage\"},\"thumbnailUrl\":\"https:\\\/\\\/universoesportivo.net\\\/wp-content\\\/uploads\\\/2026\\\/03\\\/abrebola10.jpg\",\"datePublished\":\"2026-03-10T15:50:35+00:00\",\"dateModified\":\"2026-03-10T20:03:56+00:00\",\"breadcrumb\":{\"@id\":\"https:\\\/\\\/universoesportivo.net\\\/index.php\\\/2026\\\/03\\\/10\\\/com-equipes-azul-e-branco-escola-bola-na-rede-estreia-na-mdb-cup-e-valoriza-competicao-regional\\\/#breadcrumb\"},\"inLanguage\":\"pt-BR\",\"potentialAction\":[{\"@type\":\"ReadAction\",\"target\":[\"https:\\\/\\\/universoesportivo.net\\\/index.php\\\/2026\\\/03\\\/10\\\/com-equipes-azul-e-branco-escola-bola-na-rede-estreia-na-mdb-cup-e-valoriza-competicao-regional\\\/\"]}]},{\"@type\":\"ImageObject\",\"inLanguage\":\"pt-BR\",\"@id\":\"https:\\\/\\\/universoesportivo.net\\\/index.php\\\/2026\\\/03\\\/10\\\/com-equipes-azul-e-branco-escola-bola-na-rede-estreia-na-mdb-cup-e-valoriza-competicao-regional\\\/#primaryimage\",\"url\":\"https:\\\/\\\/universoesportivo.net\\\/wp-content\\\/uploads\\\/2026\\\/03\\\/abrebola10.jpg\",\"contentUrl\":\"https:\\\/\\\/universoesportivo.net\\\/wp-content\\\/uploads\\\/2026\\\/03\\\/abrebola10.jpg\",\"width\":400,\"height\":711},{\"@type\":\"BreadcrumbList\",\"@id\":\"https:\\\/\\\/universoesportivo.net\\\/index.php\\\/2026\\\/03\\\/10\\\/com-equipes-azul-e-branco-escola-bola-na-rede-estreia-na-mdb-cup-e-valoriza-competicao-regional\\\/#breadcrumb\",\"itemListElement\":[{\"@type\":\"ListItem\",\"position\":1,\"name\":\"In\u00edcio\",\"item\":\"https:\\\/\\\/universoesportivo.net\\\/\"},{\"@type\":\"ListItem\",\"position\":2,\"name\":\"Com equipes Azul e Branco, Escola Bola na Rede estreia na MDB Cup e valoriza competi\u00e7\u00e3o regional\"}]},{\"@type\":\"WebSite\",\"@id\":\"https:\\\/\\\/universoesportivo.net\\\/#website\",\"url\":\"https:\\\/\\\/universoesportivo.net\\\/\",\"name\":\"Universo Esportivo\",\"description\":\"O portal de todas as modalidades esportivas!\",\"publisher\":{\"@id\":\"https:\\\/\\\/universoesportivo.net\\\/#organization\"},\"alternateName\":\"Jornalista Tiago Contador Lotto\",\"potentialAction\":[{\"@type\":\"SearchAction\",\"target\":{\"@type\":\"EntryPoint\",\"urlTemplate\":\"https:\\\/\\\/universoesportivo.net\\\/?s={search_term_string}\"},\"query-input\":{\"@type\":\"PropertyValueSpecification\",\"valueRequired\":true,\"valueName\":\"search_term_string\"}}],\"inLanguage\":\"pt-BR\"},{\"@type\":\"Organization\",\"@id\":\"https:\\\/\\\/universoesportivo.net\\\/#organization\",\"name\":\"Universo Esportivo\",\"alternateName\":\"Tiago Lotto\",\"url\":\"https:\\\/\\\/universoesportivo.net\\\/\",\"logo\":{\"@type\":\"ImageObject\",\"inLanguage\":\"pt-BR\",\"@id\":\"https:\\\/\\\/universoesportivo.net\\\/#\\\/schema\\\/logo\\\/image\\\/\",\"url\":\"https:\\\/\\\/universoesportivo.net\\\/wp-content\\\/uploads\\\/2024\\\/05\\\/cropped-cropped-universo-6.png\",\"contentUrl\":\"https:\\\/\\\/universoesportivo.net\\\/wp-content\\\/uploads\\\/2024\\\/05\\\/cropped-cropped-universo-6.png\",\"width\":413,\"height\":295,\"caption\":\"Universo Esportivo\"},\"image\":{\"@id\":\"https:\\\/\\\/universoesportivo.net\\\/#\\\/schema\\\/logo\\\/image\\\/\"},\"sameAs\":[\"https:\\\/\\\/www.facebook.com\\\/universoesportivo.net\"]},{\"@type\":\"Person\",\"@id\":\"https:\\\/\\\/universoesportivo.net\\\/#\\\/schema\\\/person\\\/62bc311bc7def56a6bc83711536e74bd\",\"name\":\"Tiago Lotto\",\"image\":{\"@type\":\"ImageObject\",\"inLanguage\":\"pt-BR\",\"@id\":\"https:\\\/\\\/secure.gravatar.com\\\/avatar\\\/fd6891125b3fb6ba0b794cd20c3398d5bb0fa20d2b9963a95f19470e5a6192f7?s=96&d=mm&r=g\",\"url\":\"https:\\\/\\\/secure.gravatar.com\\\/avatar\\\/fd6891125b3fb6ba0b794cd20c3398d5bb0fa20d2b9963a95f19470e5a6192f7?s=96&d=mm&r=g\",\"contentUrl\":\"https:\\\/\\\/secure.gravatar.com\\\/avatar\\\/fd6891125b3fb6ba0b794cd20c3398d5bb0fa20d2b9963a95f19470e5a6192f7?s=96&d=mm&r=g\",\"caption\":\"Tiago Lotto\"},\"url\":\"https:\\\/\\\/universoesportivo.net\\\/index.php\\\/author\\\/tiago-lotto\\\/\"}]}<\/script>\n<!-- \/ Yoast SEO plugin. -->","yoast_head_json":{"title":"Com equipes Azul e Branco, Escola Bola na Rede estreia na MDB Cup e valoriza competi\u00e7\u00e3o regional - Universo Esportivo","robots":{"index":"index","follow":"follow","max-snippet":"max-snippet:-1","max-image-preview":"max-image-preview:large","max-video-preview":"max-video-preview:-1"},"canonical":"https:\/\/universoesportivo.net\/index.php\/2026\/03\/10\/com-equipes-azul-e-branco-escola-bola-na-rede-estreia-na-mdb-cup-e-valoriza-competicao-regional\/","og_locale":"pt_BR","og_type":"article","og_title":"Com equipes Azul e Branco, Escola Bola na Rede estreia na MDB Cup e valoriza competi\u00e7\u00e3o regional - Universo Esportivo","og_description":"Nesta edi\u00e7\u00e3o do torneio, a escola participa com duas representa\u00e7\u00f5es: Bola na Rede Azul e Bola na Rede Branco, ampliando as oportunidades para que mais alunos vivenciem a experi\u00eancia competitiva.","og_url":"https:\/\/universoesportivo.net\/index.php\/2026\/03\/10\/com-equipes-azul-e-branco-escola-bola-na-rede-estreia-na-mdb-cup-e-valoriza-competicao-regional\/","og_site_name":"Universo Esportivo","article_publisher":"https:\/\/www.facebook.com\/universoesportivo.net","article_published_time":"2026-03-10T15:50:35+00:00","article_modified_time":"2026-03-10T20:03:56+00:00","og_image":[{"width":400,"height":711,"url":"https:\/\/universoesportivo.net\/wp-content\/uploads\/2026\/03\/abrebola10.jpg","type":"image\/jpeg"}],"author":"Tiago Lotto","twitter_card":"summary_large_image","twitter_misc":{"Escrito por":"Tiago Lotto","Est. tempo de leitura":"3 minutos"},"schema":{"@context":"https:\/\/schema.org","@graph":[{"@type":"Article","@id":"https:\/\/universoesportivo.net\/index.php\/2026\/03\/10\/com-equipes-azul-e-branco-escola-bola-na-rede-estreia-na-mdb-cup-e-valoriza-competicao-regional\/#article","isPartOf":{"@id":"https:\/\/universoesportivo.net\/index.php\/2026\/03\/10\/com-equipes-azul-e-branco-escola-bola-na-rede-estreia-na-mdb-cup-e-valoriza-competicao-regional\/"},"author":{"name":"Tiago Lotto","@id":"https:\/\/universoesportivo.net\/#\/schema\/person\/62bc311bc7def56a6bc83711536e74bd"},"headline":"Com equipes Azul e Branco, Escola Bola na Rede estreia na MDB Cup e valoriza competi\u00e7\u00e3o regional","datePublished":"2026-03-10T15:50:35+00:00","dateModified":"2026-03-10T20:03:56+00:00","mainEntityOfPage":{"@id":"https:\/\/universoesportivo.net\/index.php\/2026\/03\/10\/com-equipes-azul-e-branco-escola-bola-na-rede-estreia-na-mdb-cup-e-valoriza-competicao-regional\/"},"wordCount":340,"publisher":{"@id":"https:\/\/universoesportivo.net\/#organization"},"image":{"@id":"https:\/\/universoesportivo.net\/index.php\/2026\/03\/10\/com-equipes-azul-e-branco-escola-bola-na-rede-estreia-na-mdb-cup-e-valoriza-competicao-regional\/#primaryimage"},"thumbnailUrl":"https:\/\/universoesportivo.net\/wp-content\/uploads\/2026\/03\/abrebola10.jpg","articleSection":["ESPORTES","Futsal"],"inLanguage":"pt-BR"},{"@type":"WebPage","@id":"https:\/\/universoesportivo.net\/index.php\/2026\/03\/10\/com-equipes-azul-e-branco-escola-bola-na-rede-estreia-na-mdb-cup-e-valoriza-competicao-regional\/","url":"https:\/\/universoesportivo.net\/index.php\/2026\/03\/10\/com-equipes-azul-e-branco-escola-bola-na-rede-estreia-na-mdb-cup-e-valoriza-competicao-regional\/","name":"Com equipes Azul e Branco, Escola Bola na Rede estreia na MDB Cup e valoriza competi\u00e7\u00e3o regional - Universo Esportivo","isPartOf":{"@id":"https:\/\/universoesportivo.net\/#website"},"primaryImageOfPage":{"@id":"https:\/\/universoesportivo.net\/index.php\/2026\/03\/10\/com-equipes-azul-e-branco-escola-bola-na-rede-estreia-na-mdb-cup-e-valoriza-competicao-regional\/#primaryimage"},"image":{"@id":"https:\/\/universoesportivo.net\/index.php\/2026\/03\/10\/com-equipes-azul-e-branco-escola-bola-na-rede-estreia-na-mdb-cup-e-valoriza-competicao-regional\/#primaryimage"},"thumbnailUrl":"https:\/\/universoesportivo.net\/wp-content\/uploads\/2026\/03\/abrebola10.jpg","datePublished":"2026-03-10T15:50:35+00:00","dateModified":"2026-03-10T20:03:56+00:00","breadcrumb":{"@id":"https:\/\/universoesportivo.net\/index.php\/2026\/03\/10\/com-equipes-azul-e-branco-escola-bola-na-rede-estreia-na-mdb-cup-e-valoriza-competicao-regional\/#breadcrumb"},"inLanguage":"pt-BR","potentialAction":[{"@type":"ReadAction","target":["https:\/\/universoesportivo.net\/index.php\/2026\/03\/10\/com-equipes-azul-e-branco-escola-bola-na-rede-estreia-na-mdb-cup-e-valoriza-competicao-regional\/"]}]},{"@type":"ImageObject","inLanguage":"pt-BR","@id":"https:\/\/universoesportivo.net\/index.php\/2026\/03\/10\/com-equipes-azul-e-branco-escola-bola-na-rede-estreia-na-mdb-cup-e-valoriza-competicao-regional\/#primaryimage","url":"https:\/\/universoesportivo.net\/wp-content\/uploads\/2026\/03\/abrebola10.jpg","contentUrl":"https:\/\/universoesportivo.net\/wp-content\/uploads\/2026\/03\/abrebola10.jpg","width":400,"height":711},{"@type":"BreadcrumbList","@id":"https:\/\/universoesportivo.net\/index.php\/2026\/03\/10\/com-equipes-azul-e-branco-escola-bola-na-rede-estreia-na-mdb-cup-e-valoriza-competicao-regional\/#breadcrumb","itemListElement":[{"@type":"ListItem","position":1,"name":"In\u00edcio","item":"https:\/\/universoesportivo.net\/"},{"@type":"ListItem","position":2,"name":"Com equipes Azul e Branco, Escola Bola na Rede estreia na MDB Cup e valoriza competi\u00e7\u00e3o regional"}]},{"@type":"WebSite","@id":"https:\/\/universoesportivo.net\/#website","url":"https:\/\/universoesportivo.net\/","name":"Universo Esportivo","description":"O portal de todas as modalidades esportivas!","publisher":{"@id":"https:\/\/universoesportivo.net\/#organization"},"alternateName":"Jornalista Tiago Contador Lotto","potentialAction":[{"@type":"SearchAction","target":{"@type":"EntryPoint","urlTemplate":"https:\/\/universoesportivo.net\/?s={search_term_string}"},"query-input":{"@type":"PropertyValueSpecification","valueRequired":true,"valueName":"search_term_string"}}],"inLanguage":"pt-BR"},{"@type":"Organization","@id":"https:\/\/universoesportivo.net\/#organization","name":"Universo Esportivo","alternateName":"Tiago Lotto","url":"https:\/\/universoesportivo.net\/","logo":{"@type":"ImageObject","inLanguage":"pt-BR","@id":"https:\/\/universoesportivo.net\/#\/schema\/logo\/image\/","url":"https:\/\/universoesportivo.net\/wp-content\/uploads\/2024\/05\/cropped-cropped-universo-6.png","contentUrl":"https:\/\/universoesportivo.net\/wp-content\/uploads\/2024\/05\/cropped-cropped-universo-6.png","width":413,"height":295,"caption":"Universo Esportivo"},"image":{"@id":"https:\/\/universoesportivo.net\/#\/schema\/logo\/image\/"},"sameAs":["https:\/\/www.facebook.com\/universoesportivo.net"]},{"@type":"Person","@id":"https:\/\/universoesportivo.net\/#\/schema\/person\/62bc311bc7def56a6bc83711536e74bd","name":"Tiago Lotto","image":{"@type":"ImageObject","inLanguage":"pt-BR","@id":"https:\/\/secure.gravatar.com\/avatar\/fd6891125b3fb6ba0b794cd20c3398d5bb0fa20d2b9963a95f19470e5a6192f7?s=96&d=mm&r=g","url":"https:\/\/secure.gravatar.com\/avatar\/fd6891125b3fb6ba0b794cd20c3398d5bb0fa20d2b9963a95f19470e5a6192f7?s=96&d=mm&r=g","contentUrl":"https:\/\/secure.gravatar.com\/avatar\/fd6891125b3fb6ba0b794cd20c3398d5bb0fa20d2b9963a95f19470e5a6192f7?s=96&d=mm&r=g","caption":"Tiago Lotto"},"url":"https:\/\/universoesportivo.net\/index.php\/author\/tiago-lotto\/"}]}},"jetpack_featured_media_url":"https:\/\/universoesportivo.net\/wp-content\/uploads\/2026\/03\/abrebola10.jpg","_links":{"self":[{"href":"https:\/\/universoesportivo.net\/index.php\/wp-json\/wp\/v2\/posts\/2697","targetHints":{"allow":["GET"]}}],"collection":[{"href":"https:\/\/universoesportivo.net\/index.php\/wp-json\/wp\/v2\/posts"}],"about":[{"href":"https:\/\/universoesportivo.net\/index.php\/wp-json\/wp\/v2\/types\/post"}],"author":[{"embeddable":true,"href":"https:\/\/universoesportivo.net\/index.php\/wp-json\/wp\/v2\/users\/2"}],"replies":[{"embeddable":true,"href":"https:\/\/universoesportivo.net\/index.php\/wp-json\/wp\/v2\/comments?post=2697"}],"version-history":[{"count":2,"href":"https:\/\/universoesportivo.net\/index.php\/wp-json\/wp\/v2\/posts\/2697\/revisions"}],"predecessor-version":[{"id":2707,"href":"https:\/\/universoesportivo.net\/index.php\/wp-json\/wp\/v2\/posts\/2697\/revisions\/2707"}],"wp:featuredmedia":[{"embeddable":true,"href":"https:\/\/universoesportivo.net\/index.php\/wp-json\/wp\/v2\/media\/2698"}],"wp:attachment":[{"href":"https:\/\/universoesportivo.net\/index.php\/wp-json\/wp\/v2\/media?parent=2697"}],"wp:term":[{"taxonomy":"category","embeddable":true,"href":"https:\/\/universoesportivo.net\/index.php\/wp-json\/wp\/v2\/categories?post=2697"},{"taxonomy":"post_tag","embeddable":true,"href":"https:\/\/universoesportivo.net\/index.php\/wp-json\/wp\/v2\/tags?post=2697"}],"curies":[{"name":"wp","href":"https:\/\/api.w.org\/{rel}","templated":true}]}}