{"id":2840,"date":"2026-04-26T11:07:08","date_gmt":"2026-04-26T14:07:08","guid":{"rendered":"https:\/\/universoesportivo.net\/?p=2840"},"modified":"2026-04-26T11:07:08","modified_gmt":"2026-04-26T14:07:08","slug":"com-jogos-disputadissimos-escola-bola-na-rede-mostrou-garra-em-derbi-pela-copa-star-kids-de-futsal","status":"publish","type":"post","link":"https:\/\/universoesportivo.net\/index.php\/2026\/04\/26\/com-jogos-disputadissimos-escola-bola-na-rede-mostrou-garra-em-derbi-pela-copa-star-kids-de-futsal\/","title":{"rendered":"Com jogos disputad\u00edssimos, Escola Bola na Rede mostrou garra em d\u00e9rbi pela Copa Star Kids de Futsal"},"content":{"rendered":"\n<p class=\"has-medium-font-size\">A Escola de Futebol e Futsal Bola na Rede jogou neste s\u00e1bado (25) pela Copa Star Kids de Futsal. O d\u00e9rbi Bola na Rede x Mundo da Bola, ambas equipes de Catanduva, contou com tr\u00eas jogos no Gin\u00e1sio do Gaviolli: sub7, sub-8 e sub-9. A Copa Star Kids \u00e9 uma das principais competi\u00e7\u00f5es da regi\u00e3o, reunindo v\u00e1rias equipes de diferentes cidades.<\/p>\n\n\n\n<p class=\"has-medium-font-size\">O time sub-7, com Ben\u00edcio Gael, Daniel Pires, Davi Henrique de Oliveira, Davi Luca Carretel, Henrique Fernandes da Silva, Hugo Honorato de Lima, Jo\u00e3o Ot\u00e1vio Borges, Vicente Marques e Vicente Jos\u00e9 Fiaes acabou perdendo por 2&#215;0.<\/p>\n\n\n\n<p class=\"has-medium-font-size\">J\u00e1 pelo sub-8, empate de 3&#215;3, com gols da Bola na Rede marcados por Samuel Peres. Al\u00e9m dele, a Bola na Rede jogou com Heitor Clemente, Henrique Trindade, Jo\u00e3o Ot\u00e1vio Floriano, Lu\u00eds Varoto Neto, Maria Vit\u00f3ria L\u00ea Andrade, Miguel Portela de Lima, Murilo Mendes, Petrus Oliveira, Theodoro Melo de Alencar e Vicente Jos\u00e9.<\/p>\n\n\n\n<p class=\"has-medium-font-size\">Outro jogo eletrizante e tamb\u00e9m disputad\u00edssimo foi a partida do time sub-9, que ficou no 3&#215;3, com gols da Bola na Rede marcados por Enzo Henrique, Davi Silveira e Davi Del Arcos. Al\u00e9m deles, jogaram pela Bola na Rede Ant\u00f4nio Marque Gouveia Neto, Gabriel Guirado, Jo\u00e3o Pedro dos Santos, Lorenzo Benites, Miguel de Almeida e Nicolas Henrique de Oliveira.<\/p>\n\n\n\n<p class=\"has-medium-font-size\">A comiss\u00e3o t\u00e9cnica da Bola na Rede agradeceu o apoio dos pais que estiveram no Gin\u00e1sio do Gaviolli. Al\u00e9m disso, o t\u00e9cnico Valmar Andrade destacou a dedica\u00e7\u00e3o e garra dos times, que mostraram um futsal de qualidade e determina\u00e7\u00e3o t\u00e9cnica. Os atletas retornam aos treinos durante a semana. <\/p>\n\n\n\n<p class=\"has-medium-font-size\">A Bola na Rede fica na rua Curitiba, 325, no Higien\u00f3polis, em Catanduva.<\/p>\n\n\n\n<p class=\"has-medium-font-size\"><\/p>\n\n\n\n<p class=\"has-medium-font-size\">DA REDA\u00c7\u00c3O \u2013 UNIVERSO ESPORTIVO<\/p>\n\n\n\n<p class=\"has-medium-font-size\">Fotos: Divulga\u00e7\u00e3o da Bola na Rede<\/p>\n\n\n\n<figure class=\"wp-block-image\"><img fetchpriority=\"high\" decoding=\"async\" width=\"400\" height=\"533\" src=\"https:\/\/universoesportivo.net\/wp-content\/uploads\/2026\/04\/abresub9.jpg\" alt=\"\" class=\"wp-image-2843\" srcset=\"https:\/\/universoesportivo.net\/wp-content\/uploads\/2026\/04\/abresub9.jpg 400w, https:\/\/universoesportivo.net\/wp-content\/uploads\/2026\/04\/abresub9-225x300.jpg 225w, https:\/\/universoesportivo.net\/wp-content\/uploads\/2026\/04\/abresub9-9x12.jpg 9w\" sizes=\"(max-width: 400px) 100vw, 400px\" \/><\/figure>\n\n\n\n<figure class=\"wp-block-image\"><img decoding=\"async\" width=\"400\" height=\"533\" src=\"https:\/\/universoesportivo.net\/wp-content\/uploads\/2026\/04\/sub8menor.jpg\" alt=\"\" class=\"wp-image-2842\" srcset=\"https:\/\/universoesportivo.net\/wp-content\/uploads\/2026\/04\/sub8menor.jpg 400w, https:\/\/universoesportivo.net\/wp-content\/uploads\/2026\/04\/sub8menor-225x300.jpg 225w, https:\/\/universoesportivo.net\/wp-content\/uploads\/2026\/04\/sub8menor-9x12.jpg 9w\" sizes=\"(max-width: 400px) 100vw, 400px\" \/><\/figure>\n\n\n\n<figure class=\"wp-block-image\"><img decoding=\"async\" width=\"400\" height=\"533\" src=\"https:\/\/universoesportivo.net\/wp-content\/uploads\/2026\/04\/sub7menor.jpg\" alt=\"\" class=\"wp-image-2841\" srcset=\"https:\/\/universoesportivo.net\/wp-content\/uploads\/2026\/04\/sub7menor.jpg 400w, https:\/\/universoesportivo.net\/wp-content\/uploads\/2026\/04\/sub7menor-225x300.jpg 225w, https:\/\/universoesportivo.net\/wp-content\/uploads\/2026\/04\/sub7menor-9x12.jpg 9w\" sizes=\"(max-width: 400px) 100vw, 400px\" \/><\/figure>\n","protected":false},"excerpt":{"rendered":"<p>A Escola de Futebol e Futsal Bola na Rede jogou neste s\u00e1bado (25) pela Copa Star Kids de Futsal. O<\/p>\n","protected":false},"author":2,"featured_media":2844,"comment_status":"open","ping_status":"open","sticky":false,"template":"","format":"standard","meta":{"colormag_page_container_layout":"default_layout","colormag_page_sidebar_layout":"default_layout","footnotes":""},"categories":[17,48],"tags":[],"class_list":["post-2840","post","type-post","status-publish","format-standard","has-post-thumbnail","hentry","category-esportes","category-futsal"],"magazineBlocksPostFeaturedMedia":{"thumbnail":"https:\/\/universoesportivo.net\/wp-content\/uploads\/2026\/04\/abresub9-1-150x150.jpg","medium":"https:\/\/universoesportivo.net\/wp-content\/uploads\/2026\/04\/abresub9-1-225x300.jpg","medium_large":"https:\/\/universoesportivo.net\/wp-content\/uploads\/2026\/04\/abresub9-1.jpg","large":"https:\/\/universoesportivo.net\/wp-content\/uploads\/2026\/04\/abresub9-1.jpg","1536x1536":"https:\/\/universoesportivo.net\/wp-content\/uploads\/2026\/04\/abresub9-1.jpg","2048x2048":"https:\/\/universoesportivo.net\/wp-content\/uploads\/2026\/04\/abresub9-1.jpg","trp-custom-language-flag":"https:\/\/universoesportivo.net\/wp-content\/uploads\/2026\/04\/abresub9-1-9x12.jpg","colormag-highlighted-post":"https:\/\/universoesportivo.net\/wp-content\/uploads\/2026\/04\/abresub9-1-392x272.jpg","colormag-featured-post-medium":"https:\/\/universoesportivo.net\/wp-content\/uploads\/2026\/04\/abresub9-1-390x205.jpg","colormag-featured-post-small":"https:\/\/universoesportivo.net\/wp-content\/uploads\/2026\/04\/abresub9-1-130x90.jpg","colormag-featured-image":"https:\/\/universoesportivo.net\/wp-content\/uploads\/2026\/04\/abresub9-1-400x445.jpg","colormag-default-news":"https:\/\/universoesportivo.net\/wp-content\/uploads\/2026\/04\/abresub9-1-150x150.jpg","colormag-featured-image-large":"https:\/\/universoesportivo.net\/wp-content\/uploads\/2026\/04\/abresub9-1.jpg","colormag-elementor-block-extra-large-thumbnail":"https:\/\/universoesportivo.net\/wp-content\/uploads\/2026\/04\/abresub9-1-400x480.jpg","colormag-elementor-grid-large-thumbnail":"https:\/\/universoesportivo.net\/wp-content\/uploads\/2026\/04\/abresub9-1-400x417.jpg","colormag-elementor-grid-small-thumbnail":"https:\/\/universoesportivo.net\/wp-content\/uploads\/2026\/04\/abresub9-1-285x450.jpg","colormag-elementor-grid-medium-large-thumbnail":"https:\/\/universoesportivo.net\/wp-content\/uploads\/2026\/04\/abresub9-1-400x198.jpg"},"magazineBlocksPostAuthor":{"name":"Tiago Lotto","avatar":"https:\/\/secure.gravatar.com\/avatar\/fd6891125b3fb6ba0b794cd20c3398d5bb0fa20d2b9963a95f19470e5a6192f7?s=96&d=mm&r=g"},"magazineBlocksPostCommentsNumber":"0","magazineBlocksPostExcerpt":"A Escola de Futebol e Futsal Bola na Rede jogou neste s\u00e1bado (25) pela Copa Star Kids de Futsal. O","magazineBlocksPostCategories":["ESPORTES","Futsal"],"magazineBlocksPostViewCount":55,"magazineBlocksPostReadTime":2,"magazine_blocks_featured_image_url":{"full":["https:\/\/universoesportivo.net\/wp-content\/uploads\/2026\/04\/abresub9-1.jpg",400,533,false],"medium":["https:\/\/universoesportivo.net\/wp-content\/uploads\/2026\/04\/abresub9-1-225x300.jpg",225,300,true],"thumbnail":["https:\/\/universoesportivo.net\/wp-content\/uploads\/2026\/04\/abresub9-1-150x150.jpg",150,150,true]},"magazine_blocks_author":{"display_name":"Tiago Lotto","author_link":"https:\/\/universoesportivo.net\/index.php\/author\/tiago-lotto\/"},"magazine_blocks_comment":0,"magazine_blocks_author_image":"https:\/\/secure.gravatar.com\/avatar\/fd6891125b3fb6ba0b794cd20c3398d5bb0fa20d2b9963a95f19470e5a6192f7?s=96&d=mm&r=g","magazine_blocks_category":"<a href=\"#\" class=\"category-link category-link-17\">ESPORTES<\/a> <a href=\"#\" class=\"category-link category-link-48\">Futsal<\/a>","yoast_head":"<!-- This site is optimized with the Yoast SEO plugin v27.4 - https:\/\/yoast.com\/product\/yoast-seo-wordpress\/ -->\n<title>Com jogos disputad\u00edssimos, Escola Bola na Rede mostrou garra em d\u00e9rbi pela Copa Star Kids de Futsal - Universo Esportivo<\/title>\n<meta name=\"robots\" content=\"index, follow, max-snippet:-1, max-image-preview:large, max-video-preview:-1\" \/>\n<link rel=\"canonical\" href=\"https:\/\/universoesportivo.net\/index.php\/2026\/04\/26\/com-jogos-disputadissimos-escola-bola-na-rede-mostrou-garra-em-derbi-pela-copa-star-kids-de-futsal\/\" \/>\n<meta property=\"og:locale\" content=\"pt_BR\" \/>\n<meta property=\"og:type\" content=\"article\" \/>\n<meta property=\"og:title\" content=\"Com jogos disputad\u00edssimos, Escola Bola na Rede mostrou garra em d\u00e9rbi pela Copa Star Kids de Futsal - Universo Esportivo\" \/>\n<meta property=\"og:description\" content=\"A Escola de Futebol e Futsal Bola na Rede jogou neste s\u00e1bado (25) pela Copa Star Kids de Futsal. O\" \/>\n<meta property=\"og:url\" content=\"https:\/\/universoesportivo.net\/index.php\/2026\/04\/26\/com-jogos-disputadissimos-escola-bola-na-rede-mostrou-garra-em-derbi-pela-copa-star-kids-de-futsal\/\" \/>\n<meta property=\"og:site_name\" content=\"Universo Esportivo\" \/>\n<meta property=\"article:publisher\" content=\"https:\/\/www.facebook.com\/universoesportivo.net\" \/>\n<meta property=\"article:published_time\" content=\"2026-04-26T14:07:08+00:00\" \/>\n<meta property=\"og:image\" content=\"https:\/\/universoesportivo.net\/wp-content\/uploads\/2026\/04\/abresub9-1.jpg\" \/>\n\t<meta property=\"og:image:width\" content=\"400\" \/>\n\t<meta property=\"og:image:height\" content=\"533\" \/>\n\t<meta property=\"og:image:type\" content=\"image\/jpeg\" \/>\n<meta name=\"author\" content=\"Tiago Lotto\" \/>\n<meta name=\"twitter:card\" content=\"summary_large_image\" \/>\n<meta name=\"twitter:label1\" content=\"Escrito por\" \/>\n\t<meta name=\"twitter:data1\" content=\"Tiago Lotto\" \/>\n\t<meta name=\"twitter:label2\" content=\"Est. tempo de leitura\" \/>\n\t<meta name=\"twitter:data2\" content=\"3 minutos\" \/>\n<script type=\"application\/ld+json\" class=\"yoast-schema-graph\">{\"@context\":\"https:\\\/\\\/schema.org\",\"@graph\":[{\"@type\":\"Article\",\"@id\":\"https:\\\/\\\/universoesportivo.net\\\/index.php\\\/2026\\\/04\\\/26\\\/com-jogos-disputadissimos-escola-bola-na-rede-mostrou-garra-em-derbi-pela-copa-star-kids-de-futsal\\\/#article\",\"isPartOf\":{\"@id\":\"https:\\\/\\\/universoesportivo.net\\\/index.php\\\/2026\\\/04\\\/26\\\/com-jogos-disputadissimos-escola-bola-na-rede-mostrou-garra-em-derbi-pela-copa-star-kids-de-futsal\\\/\"},\"author\":{\"name\":\"Tiago Lotto\",\"@id\":\"https:\\\/\\\/universoesportivo.net\\\/#\\\/schema\\\/person\\\/62bc311bc7def56a6bc83711536e74bd\"},\"headline\":\"Com jogos disputad\u00edssimos, Escola Bola na Rede mostrou garra em d\u00e9rbi pela Copa Star Kids de Futsal\",\"datePublished\":\"2026-04-26T14:07:08+00:00\",\"mainEntityOfPage\":{\"@id\":\"https:\\\/\\\/universoesportivo.net\\\/index.php\\\/2026\\\/04\\\/26\\\/com-jogos-disputadissimos-escola-bola-na-rede-mostrou-garra-em-derbi-pela-copa-star-kids-de-futsal\\\/\"},\"wordCount\":327,\"commentCount\":0,\"publisher\":{\"@id\":\"https:\\\/\\\/universoesportivo.net\\\/#organization\"},\"image\":{\"@id\":\"https:\\\/\\\/universoesportivo.net\\\/index.php\\\/2026\\\/04\\\/26\\\/com-jogos-disputadissimos-escola-bola-na-rede-mostrou-garra-em-derbi-pela-copa-star-kids-de-futsal\\\/#primaryimage\"},\"thumbnailUrl\":\"https:\\\/\\\/universoesportivo.net\\\/wp-content\\\/uploads\\\/2026\\\/04\\\/abresub9-1.jpg\",\"articleSection\":[\"ESPORTES\",\"Futsal\"],\"inLanguage\":\"pt-BR\",\"potentialAction\":[{\"@type\":\"CommentAction\",\"name\":\"Comment\",\"target\":[\"https:\\\/\\\/universoesportivo.net\\\/index.php\\\/2026\\\/04\\\/26\\\/com-jogos-disputadissimos-escola-bola-na-rede-mostrou-garra-em-derbi-pela-copa-star-kids-de-futsal\\\/#respond\"]}]},{\"@type\":\"WebPage\",\"@id\":\"https:\\\/\\\/universoesportivo.net\\\/index.php\\\/2026\\\/04\\\/26\\\/com-jogos-disputadissimos-escola-bola-na-rede-mostrou-garra-em-derbi-pela-copa-star-kids-de-futsal\\\/\",\"url\":\"https:\\\/\\\/universoesportivo.net\\\/index.php\\\/2026\\\/04\\\/26\\\/com-jogos-disputadissimos-escola-bola-na-rede-mostrou-garra-em-derbi-pela-copa-star-kids-de-futsal\\\/\",\"name\":\"Com jogos disputad\u00edssimos, Escola Bola na Rede mostrou garra em d\u00e9rbi pela Copa Star Kids de Futsal - Universo Esportivo\",\"isPartOf\":{\"@id\":\"https:\\\/\\\/universoesportivo.net\\\/#website\"},\"primaryImageOfPage\":{\"@id\":\"https:\\\/\\\/universoesportivo.net\\\/index.php\\\/2026\\\/04\\\/26\\\/com-jogos-disputadissimos-escola-bola-na-rede-mostrou-garra-em-derbi-pela-copa-star-kids-de-futsal\\\/#primaryimage\"},\"image\":{\"@id\":\"https:\\\/\\\/universoesportivo.net\\\/index.php\\\/2026\\\/04\\\/26\\\/com-jogos-disputadissimos-escola-bola-na-rede-mostrou-garra-em-derbi-pela-copa-star-kids-de-futsal\\\/#primaryimage\"},\"thumbnailUrl\":\"https:\\\/\\\/universoesportivo.net\\\/wp-content\\\/uploads\\\/2026\\\/04\\\/abresub9-1.jpg\",\"datePublished\":\"2026-04-26T14:07:08+00:00\",\"breadcrumb\":{\"@id\":\"https:\\\/\\\/universoesportivo.net\\\/index.php\\\/2026\\\/04\\\/26\\\/com-jogos-disputadissimos-escola-bola-na-rede-mostrou-garra-em-derbi-pela-copa-star-kids-de-futsal\\\/#breadcrumb\"},\"inLanguage\":\"pt-BR\",\"potentialAction\":[{\"@type\":\"ReadAction\",\"target\":[\"https:\\\/\\\/universoesportivo.net\\\/index.php\\\/2026\\\/04\\\/26\\\/com-jogos-disputadissimos-escola-bola-na-rede-mostrou-garra-em-derbi-pela-copa-star-kids-de-futsal\\\/\"]}]},{\"@type\":\"ImageObject\",\"inLanguage\":\"pt-BR\",\"@id\":\"https:\\\/\\\/universoesportivo.net\\\/index.php\\\/2026\\\/04\\\/26\\\/com-jogos-disputadissimos-escola-bola-na-rede-mostrou-garra-em-derbi-pela-copa-star-kids-de-futsal\\\/#primaryimage\",\"url\":\"https:\\\/\\\/universoesportivo.net\\\/wp-content\\\/uploads\\\/2026\\\/04\\\/abresub9-1.jpg\",\"contentUrl\":\"https:\\\/\\\/universoesportivo.net\\\/wp-content\\\/uploads\\\/2026\\\/04\\\/abresub9-1.jpg\",\"width\":400,\"height\":533},{\"@type\":\"BreadcrumbList\",\"@id\":\"https:\\\/\\\/universoesportivo.net\\\/index.php\\\/2026\\\/04\\\/26\\\/com-jogos-disputadissimos-escola-bola-na-rede-mostrou-garra-em-derbi-pela-copa-star-kids-de-futsal\\\/#breadcrumb\",\"itemListElement\":[{\"@type\":\"ListItem\",\"position\":1,\"name\":\"In\u00edcio\",\"item\":\"https:\\\/\\\/universoesportivo.net\\\/\"},{\"@type\":\"ListItem\",\"position\":2,\"name\":\"Com jogos disputad\u00edssimos, Escola Bola na Rede mostrou garra em d\u00e9rbi pela Copa Star Kids de Futsal\"}]},{\"@type\":\"WebSite\",\"@id\":\"https:\\\/\\\/universoesportivo.net\\\/#website\",\"url\":\"https:\\\/\\\/universoesportivo.net\\\/\",\"name\":\"Universo Esportivo\",\"description\":\"O portal de todas as modalidades esportivas!\",\"publisher\":{\"@id\":\"https:\\\/\\\/universoesportivo.net\\\/#organization\"},\"alternateName\":\"Jornalista Tiago Contador Lotto\",\"potentialAction\":[{\"@type\":\"SearchAction\",\"target\":{\"@type\":\"EntryPoint\",\"urlTemplate\":\"https:\\\/\\\/universoesportivo.net\\\/?s={search_term_string}\"},\"query-input\":{\"@type\":\"PropertyValueSpecification\",\"valueRequired\":true,\"valueName\":\"search_term_string\"}}],\"inLanguage\":\"pt-BR\"},{\"@type\":\"Organization\",\"@id\":\"https:\\\/\\\/universoesportivo.net\\\/#organization\",\"name\":\"Universo Esportivo\",\"alternateName\":\"Tiago Lotto\",\"url\":\"https:\\\/\\\/universoesportivo.net\\\/\",\"logo\":{\"@type\":\"ImageObject\",\"inLanguage\":\"pt-BR\",\"@id\":\"https:\\\/\\\/universoesportivo.net\\\/#\\\/schema\\\/logo\\\/image\\\/\",\"url\":\"https:\\\/\\\/universoesportivo.net\\\/wp-content\\\/uploads\\\/2024\\\/05\\\/cropped-cropped-universo-6.png\",\"contentUrl\":\"https:\\\/\\\/universoesportivo.net\\\/wp-content\\\/uploads\\\/2024\\\/05\\\/cropped-cropped-universo-6.png\",\"width\":413,\"height\":295,\"caption\":\"Universo Esportivo\"},\"image\":{\"@id\":\"https:\\\/\\\/universoesportivo.net\\\/#\\\/schema\\\/logo\\\/image\\\/\"},\"sameAs\":[\"https:\\\/\\\/www.facebook.com\\\/universoesportivo.net\"]},{\"@type\":\"Person\",\"@id\":\"https:\\\/\\\/universoesportivo.net\\\/#\\\/schema\\\/person\\\/62bc311bc7def56a6bc83711536e74bd\",\"name\":\"Tiago Lotto\",\"image\":{\"@type\":\"ImageObject\",\"inLanguage\":\"pt-BR\",\"@id\":\"https:\\\/\\\/secure.gravatar.com\\\/avatar\\\/fd6891125b3fb6ba0b794cd20c3398d5bb0fa20d2b9963a95f19470e5a6192f7?s=96&d=mm&r=g\",\"url\":\"https:\\\/\\\/secure.gravatar.com\\\/avatar\\\/fd6891125b3fb6ba0b794cd20c3398d5bb0fa20d2b9963a95f19470e5a6192f7?s=96&d=mm&r=g\",\"contentUrl\":\"https:\\\/\\\/secure.gravatar.com\\\/avatar\\\/fd6891125b3fb6ba0b794cd20c3398d5bb0fa20d2b9963a95f19470e5a6192f7?s=96&d=mm&r=g\",\"caption\":\"Tiago Lotto\"},\"url\":\"https:\\\/\\\/universoesportivo.net\\\/index.php\\\/author\\\/tiago-lotto\\\/\"}]}<\/script>\n<!-- \/ Yoast SEO plugin. -->","yoast_head_json":{"title":"Com jogos disputad\u00edssimos, Escola Bola na Rede mostrou garra em d\u00e9rbi pela Copa Star Kids de Futsal - Universo Esportivo","robots":{"index":"index","follow":"follow","max-snippet":"max-snippet:-1","max-image-preview":"max-image-preview:large","max-video-preview":"max-video-preview:-1"},"canonical":"https:\/\/universoesportivo.net\/index.php\/2026\/04\/26\/com-jogos-disputadissimos-escola-bola-na-rede-mostrou-garra-em-derbi-pela-copa-star-kids-de-futsal\/","og_locale":"pt_BR","og_type":"article","og_title":"Com jogos disputad\u00edssimos, Escola Bola na Rede mostrou garra em d\u00e9rbi pela Copa Star Kids de Futsal - Universo Esportivo","og_description":"A Escola de Futebol e Futsal Bola na Rede jogou neste s\u00e1bado (25) pela Copa Star Kids de Futsal. O","og_url":"https:\/\/universoesportivo.net\/index.php\/2026\/04\/26\/com-jogos-disputadissimos-escola-bola-na-rede-mostrou-garra-em-derbi-pela-copa-star-kids-de-futsal\/","og_site_name":"Universo Esportivo","article_publisher":"https:\/\/www.facebook.com\/universoesportivo.net","article_published_time":"2026-04-26T14:07:08+00:00","og_image":[{"width":400,"height":533,"url":"https:\/\/universoesportivo.net\/wp-content\/uploads\/2026\/04\/abresub9-1.jpg","type":"image\/jpeg"}],"author":"Tiago Lotto","twitter_card":"summary_large_image","twitter_misc":{"Escrito por":"Tiago Lotto","Est. tempo de leitura":"3 minutos"},"schema":{"@context":"https:\/\/schema.org","@graph":[{"@type":"Article","@id":"https:\/\/universoesportivo.net\/index.php\/2026\/04\/26\/com-jogos-disputadissimos-escola-bola-na-rede-mostrou-garra-em-derbi-pela-copa-star-kids-de-futsal\/#article","isPartOf":{"@id":"https:\/\/universoesportivo.net\/index.php\/2026\/04\/26\/com-jogos-disputadissimos-escola-bola-na-rede-mostrou-garra-em-derbi-pela-copa-star-kids-de-futsal\/"},"author":{"name":"Tiago Lotto","@id":"https:\/\/universoesportivo.net\/#\/schema\/person\/62bc311bc7def56a6bc83711536e74bd"},"headline":"Com jogos disputad\u00edssimos, Escola Bola na Rede mostrou garra em d\u00e9rbi pela Copa Star Kids de Futsal","datePublished":"2026-04-26T14:07:08+00:00","mainEntityOfPage":{"@id":"https:\/\/universoesportivo.net\/index.php\/2026\/04\/26\/com-jogos-disputadissimos-escola-bola-na-rede-mostrou-garra-em-derbi-pela-copa-star-kids-de-futsal\/"},"wordCount":327,"commentCount":0,"publisher":{"@id":"https:\/\/universoesportivo.net\/#organization"},"image":{"@id":"https:\/\/universoesportivo.net\/index.php\/2026\/04\/26\/com-jogos-disputadissimos-escola-bola-na-rede-mostrou-garra-em-derbi-pela-copa-star-kids-de-futsal\/#primaryimage"},"thumbnailUrl":"https:\/\/universoesportivo.net\/wp-content\/uploads\/2026\/04\/abresub9-1.jpg","articleSection":["ESPORTES","Futsal"],"inLanguage":"pt-BR","potentialAction":[{"@type":"CommentAction","name":"Comment","target":["https:\/\/universoesportivo.net\/index.php\/2026\/04\/26\/com-jogos-disputadissimos-escola-bola-na-rede-mostrou-garra-em-derbi-pela-copa-star-kids-de-futsal\/#respond"]}]},{"@type":"WebPage","@id":"https:\/\/universoesportivo.net\/index.php\/2026\/04\/26\/com-jogos-disputadissimos-escola-bola-na-rede-mostrou-garra-em-derbi-pela-copa-star-kids-de-futsal\/","url":"https:\/\/universoesportivo.net\/index.php\/2026\/04\/26\/com-jogos-disputadissimos-escola-bola-na-rede-mostrou-garra-em-derbi-pela-copa-star-kids-de-futsal\/","name":"Com jogos disputad\u00edssimos, Escola Bola na Rede mostrou garra em d\u00e9rbi pela Copa Star Kids de Futsal - Universo Esportivo","isPartOf":{"@id":"https:\/\/universoesportivo.net\/#website"},"primaryImageOfPage":{"@id":"https:\/\/universoesportivo.net\/index.php\/2026\/04\/26\/com-jogos-disputadissimos-escola-bola-na-rede-mostrou-garra-em-derbi-pela-copa-star-kids-de-futsal\/#primaryimage"},"image":{"@id":"https:\/\/universoesportivo.net\/index.php\/2026\/04\/26\/com-jogos-disputadissimos-escola-bola-na-rede-mostrou-garra-em-derbi-pela-copa-star-kids-de-futsal\/#primaryimage"},"thumbnailUrl":"https:\/\/universoesportivo.net\/wp-content\/uploads\/2026\/04\/abresub9-1.jpg","datePublished":"2026-04-26T14:07:08+00:00","breadcrumb":{"@id":"https:\/\/universoesportivo.net\/index.php\/2026\/04\/26\/com-jogos-disputadissimos-escola-bola-na-rede-mostrou-garra-em-derbi-pela-copa-star-kids-de-futsal\/#breadcrumb"},"inLanguage":"pt-BR","potentialAction":[{"@type":"ReadAction","target":["https:\/\/universoesportivo.net\/index.php\/2026\/04\/26\/com-jogos-disputadissimos-escola-bola-na-rede-mostrou-garra-em-derbi-pela-copa-star-kids-de-futsal\/"]}]},{"@type":"ImageObject","inLanguage":"pt-BR","@id":"https:\/\/universoesportivo.net\/index.php\/2026\/04\/26\/com-jogos-disputadissimos-escola-bola-na-rede-mostrou-garra-em-derbi-pela-copa-star-kids-de-futsal\/#primaryimage","url":"https:\/\/universoesportivo.net\/wp-content\/uploads\/2026\/04\/abresub9-1.jpg","contentUrl":"https:\/\/universoesportivo.net\/wp-content\/uploads\/2026\/04\/abresub9-1.jpg","width":400,"height":533},{"@type":"BreadcrumbList","@id":"https:\/\/universoesportivo.net\/index.php\/2026\/04\/26\/com-jogos-disputadissimos-escola-bola-na-rede-mostrou-garra-em-derbi-pela-copa-star-kids-de-futsal\/#breadcrumb","itemListElement":[{"@type":"ListItem","position":1,"name":"In\u00edcio","item":"https:\/\/universoesportivo.net\/"},{"@type":"ListItem","position":2,"name":"Com jogos disputad\u00edssimos, Escola Bola na Rede mostrou garra em d\u00e9rbi pela Copa Star Kids de Futsal"}]},{"@type":"WebSite","@id":"https:\/\/universoesportivo.net\/#website","url":"https:\/\/universoesportivo.net\/","name":"Universo Esportivo","description":"O portal de todas as modalidades esportivas!","publisher":{"@id":"https:\/\/universoesportivo.net\/#organization"},"alternateName":"Jornalista Tiago Contador Lotto","potentialAction":[{"@type":"SearchAction","target":{"@type":"EntryPoint","urlTemplate":"https:\/\/universoesportivo.net\/?s={search_term_string}"},"query-input":{"@type":"PropertyValueSpecification","valueRequired":true,"valueName":"search_term_string"}}],"inLanguage":"pt-BR"},{"@type":"Organization","@id":"https:\/\/universoesportivo.net\/#organization","name":"Universo Esportivo","alternateName":"Tiago Lotto","url":"https:\/\/universoesportivo.net\/","logo":{"@type":"ImageObject","inLanguage":"pt-BR","@id":"https:\/\/universoesportivo.net\/#\/schema\/logo\/image\/","url":"https:\/\/universoesportivo.net\/wp-content\/uploads\/2024\/05\/cropped-cropped-universo-6.png","contentUrl":"https:\/\/universoesportivo.net\/wp-content\/uploads\/2024\/05\/cropped-cropped-universo-6.png","width":413,"height":295,"caption":"Universo Esportivo"},"image":{"@id":"https:\/\/universoesportivo.net\/#\/schema\/logo\/image\/"},"sameAs":["https:\/\/www.facebook.com\/universoesportivo.net"]},{"@type":"Person","@id":"https:\/\/universoesportivo.net\/#\/schema\/person\/62bc311bc7def56a6bc83711536e74bd","name":"Tiago Lotto","image":{"@type":"ImageObject","inLanguage":"pt-BR","@id":"https:\/\/secure.gravatar.com\/avatar\/fd6891125b3fb6ba0b794cd20c3398d5bb0fa20d2b9963a95f19470e5a6192f7?s=96&d=mm&r=g","url":"https:\/\/secure.gravatar.com\/avatar\/fd6891125b3fb6ba0b794cd20c3398d5bb0fa20d2b9963a95f19470e5a6192f7?s=96&d=mm&r=g","contentUrl":"https:\/\/secure.gravatar.com\/avatar\/fd6891125b3fb6ba0b794cd20c3398d5bb0fa20d2b9963a95f19470e5a6192f7?s=96&d=mm&r=g","caption":"Tiago Lotto"},"url":"https:\/\/universoesportivo.net\/index.php\/author\/tiago-lotto\/"}]}},"jetpack_featured_media_url":"https:\/\/universoesportivo.net\/wp-content\/uploads\/2026\/04\/abresub9-1.jpg","_links":{"self":[{"href":"https:\/\/universoesportivo.net\/index.php\/wp-json\/wp\/v2\/posts\/2840","targetHints":{"allow":["GET"]}}],"collection":[{"href":"https:\/\/universoesportivo.net\/index.php\/wp-json\/wp\/v2\/posts"}],"about":[{"href":"https:\/\/universoesportivo.net\/index.php\/wp-json\/wp\/v2\/types\/post"}],"author":[{"embeddable":true,"href":"https:\/\/universoesportivo.net\/index.php\/wp-json\/wp\/v2\/users\/2"}],"replies":[{"embeddable":true,"href":"https:\/\/universoesportivo.net\/index.php\/wp-json\/wp\/v2\/comments?post=2840"}],"version-history":[{"count":2,"href":"https:\/\/universoesportivo.net\/index.php\/wp-json\/wp\/v2\/posts\/2840\/revisions"}],"predecessor-version":[{"id":2846,"href":"https:\/\/universoesportivo.net\/index.php\/wp-json\/wp\/v2\/posts\/2840\/revisions\/2846"}],"wp:featuredmedia":[{"embeddable":true,"href":"https:\/\/universoesportivo.net\/index.php\/wp-json\/wp\/v2\/media\/2844"}],"wp:attachment":[{"href":"https:\/\/universoesportivo.net\/index.php\/wp-json\/wp\/v2\/media?parent=2840"}],"wp:term":[{"taxonomy":"category","embeddable":true,"href":"https:\/\/universoesportivo.net\/index.php\/wp-json\/wp\/v2\/categories?post=2840"},{"taxonomy":"post_tag","embeddable":true,"href":"https:\/\/universoesportivo.net\/index.php\/wp-json\/wp\/v2\/tags?post=2840"}],"curies":[{"name":"wp","href":"https:\/\/api.w.org\/{rel}","templated":true}]}}