{"id":2847,"date":"2026-04-26T12:13:59","date_gmt":"2026-04-26T15:13:59","guid":{"rendered":"https:\/\/universoesportivo.net\/?p=2847"},"modified":"2026-04-26T12:13:59","modified_gmt":"2026-04-26T15:13:59","slug":"portuguesa-santista-fica-com-o-titulo-do-paulista-a-3-equipe-garante-vaga-na-a-2-juntamente-com-o-marilia","status":"publish","type":"post","link":"https:\/\/universoesportivo.net\/index.php\/2026\/04\/26\/portuguesa-santista-fica-com-o-titulo-do-paulista-a-3-equipe-garante-vaga-na-a-2-juntamente-com-o-marilia\/","title":{"rendered":"Portuguesa Santista fica com o t\u00edtulo do Paulista A-3; equipe garante vaga na A-2 juntamente com o Mar\u00edlia"},"content":{"rendered":"\n<p class=\"has-medium-font-size\">A Portuguesa Santista \u00e9 a campe\u00e3 do Paulist\u00e3o A-3 2026. Neste domingo, dia 26 de abril, o time venceu o Mar\u00edlia por 2&#215;0, jogando em Santos, e garantiu o t\u00edtulo. Na \u00faltima quarta-feira, em Mar\u00edlia, o primeiro jogo havia terminado 2&#215;2. Os finalistas j\u00e1 haviam conquistado o acesso \u00e0 S\u00e9rie A-2 de 2027, conforme prev\u00ea o regulamento da Federa\u00e7\u00e3o Paulista de Futebol.<\/p>\n\n\n\n<p class=\"has-medium-font-size\">Na disputa pelo t\u00edtulo, a Briosa marcou o primeiro gol da vit\u00f3ria ainda no primeiro tempo, com Yohan Marcellus. Nos acr\u00e9scimos do segundo tempo, Jeferson Caxito fez o segundo, em uma partida extremamente disputada. Ali\u00e1s, Briosa e MAC \u2018disputaram o t\u00edtulo\u2019 deste a primeira rodada do Paulist\u00e3o A-3. Ambos ficaram na ponta da tabela 95% da competi\u00e7\u00e3o.<\/p>\n\n\n\n<p class=\"has-medium-font-size\">Ap\u00f3s as 15 rodadas da primeira fase, a Portuguesa terminou l\u00edder, com 36 pontos, com 12 vit\u00f3rias e 3 derrotas. J\u00e1 o MAC ficou em segundo lugar, com 32 pontos. A campanha do time do interior registra 9 vit\u00f3rias, 5 empates e apenas 1 derrota. O Mar\u00edlia foi o time que menos perdeu no Paulist\u00e3o.<\/p>\n\n\n\n<p class=\"has-medium-font-size\">HER\u00d3I NO BANCO \u2013 Com dois t\u00edtulos e dois acessos, o t\u00e9cnico S\u00e9rgio Guedes consolidou sua hist\u00f3ria na Portuguesa Santista ao garantir o acesso \u00e0 S\u00e9rie A2 do Paulista em 2026, repetindo o feito de 2018. Como treinador, ele \u00e9 o t\u00e9cnico com mais vit\u00f3rias na hist\u00f3ria da Briosa (140 jogos). \u00c9 seu segundo t\u00edtulo pela equipe, j\u00e1 que foi campe\u00e3o da Copa Paulista 2023.<\/p>\n\n\n\n<p class=\"has-medium-font-size\">DA REDA\u00c7\u00c3O \u2013 UNIVERSO ESPORTIVO<\/p>\n\n\n\n<p class=\"has-medium-font-size\">Foto: Instagram da Portuguesa Santista<\/p>\n\n\n\n<figure class=\"wp-block-image\"><img fetchpriority=\"high\" decoding=\"async\" width=\"400\" height=\"497\" src=\"https:\/\/universoesportivo.net\/wp-content\/uploads\/2026\/04\/abaixocam.jpg\" alt=\"\" class=\"wp-image-2849\" srcset=\"https:\/\/universoesportivo.net\/wp-content\/uploads\/2026\/04\/abaixocam.jpg 400w, https:\/\/universoesportivo.net\/wp-content\/uploads\/2026\/04\/abaixocam-241x300.jpg 241w, https:\/\/universoesportivo.net\/wp-content\/uploads\/2026\/04\/abaixocam-10x12.jpg 10w\" sizes=\"(max-width: 400px) 100vw, 400px\" \/><\/figure>\n","protected":false},"excerpt":{"rendered":"<p>Briosa e MAC seguiram na ponta do Paulist\u00e3o durante 95% da competi\u00e7\u00e3o. Santista teve a melhor campanha e o Mar\u00edlia sofreu, apenas, uma derrota no Campeonato Paulista.<\/p>\n","protected":false},"author":2,"featured_media":2848,"comment_status":"open","ping_status":"open","sticky":false,"template":"","format":"standard","meta":{"colormag_page_container_layout":"default_layout","colormag_page_sidebar_layout":"default_layout","footnotes":""},"categories":[1],"tags":[],"class_list":["post-2847","post","type-post","status-publish","format-standard","has-post-thumbnail","hentry","category-blog"],"magazineBlocksPostFeaturedMedia":{"thumbnail":"https:\/\/universoesportivo.net\/wp-content\/uploads\/2026\/04\/abrebriosa-150x150.jpg","medium":"https:\/\/universoesportivo.net\/wp-content\/uploads\/2026\/04\/abrebriosa-300x254.jpg","medium_large":"https:\/\/universoesportivo.net\/wp-content\/uploads\/2026\/04\/abrebriosa.jpg","large":"https:\/\/universoesportivo.net\/wp-content\/uploads\/2026\/04\/abrebriosa.jpg","1536x1536":"https:\/\/universoesportivo.net\/wp-content\/uploads\/2026\/04\/abrebriosa.jpg","2048x2048":"https:\/\/universoesportivo.net\/wp-content\/uploads\/2026\/04\/abrebriosa.jpg","trp-custom-language-flag":"https:\/\/universoesportivo.net\/wp-content\/uploads\/2026\/04\/abrebriosa-14x12.jpg","colormag-highlighted-post":"https:\/\/universoesportivo.net\/wp-content\/uploads\/2026\/04\/abrebriosa-392x272.jpg","colormag-featured-post-medium":"https:\/\/universoesportivo.net\/wp-content\/uploads\/2026\/04\/abrebriosa-390x205.jpg","colormag-featured-post-small":"https:\/\/universoesportivo.net\/wp-content\/uploads\/2026\/04\/abrebriosa-130x90.jpg","colormag-featured-image":"https:\/\/universoesportivo.net\/wp-content\/uploads\/2026\/04\/abrebriosa.jpg","colormag-default-news":"https:\/\/universoesportivo.net\/wp-content\/uploads\/2026\/04\/abrebriosa-150x150.jpg","colormag-featured-image-large":"https:\/\/universoesportivo.net\/wp-content\/uploads\/2026\/04\/abrebriosa.jpg","colormag-elementor-block-extra-large-thumbnail":"https:\/\/universoesportivo.net\/wp-content\/uploads\/2026\/04\/abrebriosa.jpg","colormag-elementor-grid-large-thumbnail":"https:\/\/universoesportivo.net\/wp-content\/uploads\/2026\/04\/abrebriosa.jpg","colormag-elementor-grid-small-thumbnail":"https:\/\/universoesportivo.net\/wp-content\/uploads\/2026\/04\/abrebriosa-285x339.jpg","colormag-elementor-grid-medium-large-thumbnail":"https:\/\/universoesportivo.net\/wp-content\/uploads\/2026\/04\/abrebriosa-400x198.jpg"},"magazineBlocksPostAuthor":{"name":"Tiago Lotto","avatar":"https:\/\/secure.gravatar.com\/avatar\/fd6891125b3fb6ba0b794cd20c3398d5bb0fa20d2b9963a95f19470e5a6192f7?s=96&d=mm&r=g"},"magazineBlocksPostCommentsNumber":"0","magazineBlocksPostExcerpt":"Briosa e MAC seguiram na ponta do Paulist\u00e3o durante 95% da competi\u00e7\u00e3o. Santista teve a melhor campanha e o Mar\u00edlia sofreu, apenas, uma derrota no Campeonato Paulista.","magazineBlocksPostCategories":["Blog"],"magazineBlocksPostViewCount":83,"magazineBlocksPostReadTime":2,"magazine_blocks_featured_image_url":{"full":["https:\/\/universoesportivo.net\/wp-content\/uploads\/2026\/04\/abrebriosa.jpg",400,339,false],"medium":["https:\/\/universoesportivo.net\/wp-content\/uploads\/2026\/04\/abrebriosa-300x254.jpg",300,254,true],"thumbnail":["https:\/\/universoesportivo.net\/wp-content\/uploads\/2026\/04\/abrebriosa-150x150.jpg",150,150,true]},"magazine_blocks_author":{"display_name":"Tiago Lotto","author_link":"https:\/\/universoesportivo.net\/index.php\/author\/tiago-lotto\/"},"magazine_blocks_comment":0,"magazine_blocks_author_image":"https:\/\/secure.gravatar.com\/avatar\/fd6891125b3fb6ba0b794cd20c3398d5bb0fa20d2b9963a95f19470e5a6192f7?s=96&d=mm&r=g","magazine_blocks_category":"<a href=\"#\" class=\"category-link category-link-1\">Blog<\/a>","yoast_head":"<!-- This site is optimized with the Yoast SEO plugin v27.4 - https:\/\/yoast.com\/product\/yoast-seo-wordpress\/ -->\n<title>Portuguesa Santista fica com o t\u00edtulo do Paulista A-3; equipe garante vaga na A-2 juntamente com o Mar\u00edlia - Universo Esportivo<\/title>\n<meta name=\"robots\" content=\"index, follow, max-snippet:-1, max-image-preview:large, max-video-preview:-1\" \/>\n<link rel=\"canonical\" href=\"https:\/\/universoesportivo.net\/index.php\/2026\/04\/26\/portuguesa-santista-fica-com-o-titulo-do-paulista-a-3-equipe-garante-vaga-na-a-2-juntamente-com-o-marilia\/\" \/>\n<meta property=\"og:locale\" content=\"pt_BR\" \/>\n<meta property=\"og:type\" content=\"article\" \/>\n<meta property=\"og:title\" content=\"Portuguesa Santista fica com o t\u00edtulo do Paulista A-3; equipe garante vaga na A-2 juntamente com o Mar\u00edlia - Universo Esportivo\" \/>\n<meta property=\"og:description\" content=\"Briosa e MAC seguiram na ponta do Paulist\u00e3o durante 95% da competi\u00e7\u00e3o. Santista teve a melhor campanha e o Mar\u00edlia sofreu, apenas, uma derrota no Campeonato Paulista.\" \/>\n<meta property=\"og:url\" content=\"https:\/\/universoesportivo.net\/index.php\/2026\/04\/26\/portuguesa-santista-fica-com-o-titulo-do-paulista-a-3-equipe-garante-vaga-na-a-2-juntamente-com-o-marilia\/\" \/>\n<meta property=\"og:site_name\" content=\"Universo Esportivo\" \/>\n<meta property=\"article:publisher\" content=\"https:\/\/www.facebook.com\/universoesportivo.net\" \/>\n<meta property=\"article:published_time\" content=\"2026-04-26T15:13:59+00:00\" \/>\n<meta property=\"og:image\" content=\"https:\/\/universoesportivo.net\/wp-content\/uploads\/2026\/04\/abrebriosa.jpg\" \/>\n\t<meta property=\"og:image:width\" content=\"400\" \/>\n\t<meta property=\"og:image:height\" content=\"339\" \/>\n\t<meta property=\"og:image:type\" content=\"image\/jpeg\" \/>\n<meta name=\"author\" content=\"Tiago Lotto\" \/>\n<meta name=\"twitter:card\" content=\"summary_large_image\" \/>\n<meta name=\"twitter:label1\" content=\"Escrito por\" \/>\n\t<meta name=\"twitter:data1\" content=\"Tiago Lotto\" \/>\n\t<meta name=\"twitter:label2\" content=\"Est. tempo de leitura\" \/>\n\t<meta name=\"twitter:data2\" content=\"2 minutos\" \/>\n<script type=\"application\/ld+json\" class=\"yoast-schema-graph\">{\"@context\":\"https:\\\/\\\/schema.org\",\"@graph\":[{\"@type\":\"Article\",\"@id\":\"https:\\\/\\\/universoesportivo.net\\\/index.php\\\/2026\\\/04\\\/26\\\/portuguesa-santista-fica-com-o-titulo-do-paulista-a-3-equipe-garante-vaga-na-a-2-juntamente-com-o-marilia\\\/#article\",\"isPartOf\":{\"@id\":\"https:\\\/\\\/universoesportivo.net\\\/index.php\\\/2026\\\/04\\\/26\\\/portuguesa-santista-fica-com-o-titulo-do-paulista-a-3-equipe-garante-vaga-na-a-2-juntamente-com-o-marilia\\\/\"},\"author\":{\"name\":\"Tiago Lotto\",\"@id\":\"https:\\\/\\\/universoesportivo.net\\\/#\\\/schema\\\/person\\\/62bc311bc7def56a6bc83711536e74bd\"},\"headline\":\"Portuguesa Santista fica com o t\u00edtulo do Paulista A-3; equipe garante vaga na A-2 juntamente com o Mar\u00edlia\",\"datePublished\":\"2026-04-26T15:13:59+00:00\",\"mainEntityOfPage\":{\"@id\":\"https:\\\/\\\/universoesportivo.net\\\/index.php\\\/2026\\\/04\\\/26\\\/portuguesa-santista-fica-com-o-titulo-do-paulista-a-3-equipe-garante-vaga-na-a-2-juntamente-com-o-marilia\\\/\"},\"wordCount\":277,\"commentCount\":0,\"publisher\":{\"@id\":\"https:\\\/\\\/universoesportivo.net\\\/#organization\"},\"image\":{\"@id\":\"https:\\\/\\\/universoesportivo.net\\\/index.php\\\/2026\\\/04\\\/26\\\/portuguesa-santista-fica-com-o-titulo-do-paulista-a-3-equipe-garante-vaga-na-a-2-juntamente-com-o-marilia\\\/#primaryimage\"},\"thumbnailUrl\":\"https:\\\/\\\/universoesportivo.net\\\/wp-content\\\/uploads\\\/2026\\\/04\\\/abrebriosa.jpg\",\"articleSection\":[\"Blog\"],\"inLanguage\":\"pt-BR\",\"potentialAction\":[{\"@type\":\"CommentAction\",\"name\":\"Comment\",\"target\":[\"https:\\\/\\\/universoesportivo.net\\\/index.php\\\/2026\\\/04\\\/26\\\/portuguesa-santista-fica-com-o-titulo-do-paulista-a-3-equipe-garante-vaga-na-a-2-juntamente-com-o-marilia\\\/#respond\"]}]},{\"@type\":\"WebPage\",\"@id\":\"https:\\\/\\\/universoesportivo.net\\\/index.php\\\/2026\\\/04\\\/26\\\/portuguesa-santista-fica-com-o-titulo-do-paulista-a-3-equipe-garante-vaga-na-a-2-juntamente-com-o-marilia\\\/\",\"url\":\"https:\\\/\\\/universoesportivo.net\\\/index.php\\\/2026\\\/04\\\/26\\\/portuguesa-santista-fica-com-o-titulo-do-paulista-a-3-equipe-garante-vaga-na-a-2-juntamente-com-o-marilia\\\/\",\"name\":\"Portuguesa Santista fica com o t\u00edtulo do Paulista A-3; equipe garante vaga na A-2 juntamente com o Mar\u00edlia - Universo Esportivo\",\"isPartOf\":{\"@id\":\"https:\\\/\\\/universoesportivo.net\\\/#website\"},\"primaryImageOfPage\":{\"@id\":\"https:\\\/\\\/universoesportivo.net\\\/index.php\\\/2026\\\/04\\\/26\\\/portuguesa-santista-fica-com-o-titulo-do-paulista-a-3-equipe-garante-vaga-na-a-2-juntamente-com-o-marilia\\\/#primaryimage\"},\"image\":{\"@id\":\"https:\\\/\\\/universoesportivo.net\\\/index.php\\\/2026\\\/04\\\/26\\\/portuguesa-santista-fica-com-o-titulo-do-paulista-a-3-equipe-garante-vaga-na-a-2-juntamente-com-o-marilia\\\/#primaryimage\"},\"thumbnailUrl\":\"https:\\\/\\\/universoesportivo.net\\\/wp-content\\\/uploads\\\/2026\\\/04\\\/abrebriosa.jpg\",\"datePublished\":\"2026-04-26T15:13:59+00:00\",\"breadcrumb\":{\"@id\":\"https:\\\/\\\/universoesportivo.net\\\/index.php\\\/2026\\\/04\\\/26\\\/portuguesa-santista-fica-com-o-titulo-do-paulista-a-3-equipe-garante-vaga-na-a-2-juntamente-com-o-marilia\\\/#breadcrumb\"},\"inLanguage\":\"pt-BR\",\"potentialAction\":[{\"@type\":\"ReadAction\",\"target\":[\"https:\\\/\\\/universoesportivo.net\\\/index.php\\\/2026\\\/04\\\/26\\\/portuguesa-santista-fica-com-o-titulo-do-paulista-a-3-equipe-garante-vaga-na-a-2-juntamente-com-o-marilia\\\/\"]}]},{\"@type\":\"ImageObject\",\"inLanguage\":\"pt-BR\",\"@id\":\"https:\\\/\\\/universoesportivo.net\\\/index.php\\\/2026\\\/04\\\/26\\\/portuguesa-santista-fica-com-o-titulo-do-paulista-a-3-equipe-garante-vaga-na-a-2-juntamente-com-o-marilia\\\/#primaryimage\",\"url\":\"https:\\\/\\\/universoesportivo.net\\\/wp-content\\\/uploads\\\/2026\\\/04\\\/abrebriosa.jpg\",\"contentUrl\":\"https:\\\/\\\/universoesportivo.net\\\/wp-content\\\/uploads\\\/2026\\\/04\\\/abrebriosa.jpg\",\"width\":400,\"height\":339},{\"@type\":\"BreadcrumbList\",\"@id\":\"https:\\\/\\\/universoesportivo.net\\\/index.php\\\/2026\\\/04\\\/26\\\/portuguesa-santista-fica-com-o-titulo-do-paulista-a-3-equipe-garante-vaga-na-a-2-juntamente-com-o-marilia\\\/#breadcrumb\",\"itemListElement\":[{\"@type\":\"ListItem\",\"position\":1,\"name\":\"In\u00edcio\",\"item\":\"https:\\\/\\\/universoesportivo.net\\\/\"},{\"@type\":\"ListItem\",\"position\":2,\"name\":\"Portuguesa Santista fica com o t\u00edtulo do Paulista A-3; equipe garante vaga na A-2 juntamente com o Mar\u00edlia\"}]},{\"@type\":\"WebSite\",\"@id\":\"https:\\\/\\\/universoesportivo.net\\\/#website\",\"url\":\"https:\\\/\\\/universoesportivo.net\\\/\",\"name\":\"Universo Esportivo\",\"description\":\"O portal de todas as modalidades esportivas!\",\"publisher\":{\"@id\":\"https:\\\/\\\/universoesportivo.net\\\/#organization\"},\"alternateName\":\"Jornalista Tiago Contador Lotto\",\"potentialAction\":[{\"@type\":\"SearchAction\",\"target\":{\"@type\":\"EntryPoint\",\"urlTemplate\":\"https:\\\/\\\/universoesportivo.net\\\/?s={search_term_string}\"},\"query-input\":{\"@type\":\"PropertyValueSpecification\",\"valueRequired\":true,\"valueName\":\"search_term_string\"}}],\"inLanguage\":\"pt-BR\"},{\"@type\":\"Organization\",\"@id\":\"https:\\\/\\\/universoesportivo.net\\\/#organization\",\"name\":\"Universo Esportivo\",\"alternateName\":\"Tiago Lotto\",\"url\":\"https:\\\/\\\/universoesportivo.net\\\/\",\"logo\":{\"@type\":\"ImageObject\",\"inLanguage\":\"pt-BR\",\"@id\":\"https:\\\/\\\/universoesportivo.net\\\/#\\\/schema\\\/logo\\\/image\\\/\",\"url\":\"https:\\\/\\\/universoesportivo.net\\\/wp-content\\\/uploads\\\/2024\\\/05\\\/cropped-cropped-universo-6.png\",\"contentUrl\":\"https:\\\/\\\/universoesportivo.net\\\/wp-content\\\/uploads\\\/2024\\\/05\\\/cropped-cropped-universo-6.png\",\"width\":413,\"height\":295,\"caption\":\"Universo Esportivo\"},\"image\":{\"@id\":\"https:\\\/\\\/universoesportivo.net\\\/#\\\/schema\\\/logo\\\/image\\\/\"},\"sameAs\":[\"https:\\\/\\\/www.facebook.com\\\/universoesportivo.net\"]},{\"@type\":\"Person\",\"@id\":\"https:\\\/\\\/universoesportivo.net\\\/#\\\/schema\\\/person\\\/62bc311bc7def56a6bc83711536e74bd\",\"name\":\"Tiago Lotto\",\"image\":{\"@type\":\"ImageObject\",\"inLanguage\":\"pt-BR\",\"@id\":\"https:\\\/\\\/secure.gravatar.com\\\/avatar\\\/fd6891125b3fb6ba0b794cd20c3398d5bb0fa20d2b9963a95f19470e5a6192f7?s=96&d=mm&r=g\",\"url\":\"https:\\\/\\\/secure.gravatar.com\\\/avatar\\\/fd6891125b3fb6ba0b794cd20c3398d5bb0fa20d2b9963a95f19470e5a6192f7?s=96&d=mm&r=g\",\"contentUrl\":\"https:\\\/\\\/secure.gravatar.com\\\/avatar\\\/fd6891125b3fb6ba0b794cd20c3398d5bb0fa20d2b9963a95f19470e5a6192f7?s=96&d=mm&r=g\",\"caption\":\"Tiago Lotto\"},\"url\":\"https:\\\/\\\/universoesportivo.net\\\/index.php\\\/author\\\/tiago-lotto\\\/\"}]}<\/script>\n<!-- \/ Yoast SEO plugin. -->","yoast_head_json":{"title":"Portuguesa Santista fica com o t\u00edtulo do Paulista A-3; equipe garante vaga na A-2 juntamente com o Mar\u00edlia - Universo Esportivo","robots":{"index":"index","follow":"follow","max-snippet":"max-snippet:-1","max-image-preview":"max-image-preview:large","max-video-preview":"max-video-preview:-1"},"canonical":"https:\/\/universoesportivo.net\/index.php\/2026\/04\/26\/portuguesa-santista-fica-com-o-titulo-do-paulista-a-3-equipe-garante-vaga-na-a-2-juntamente-com-o-marilia\/","og_locale":"pt_BR","og_type":"article","og_title":"Portuguesa Santista fica com o t\u00edtulo do Paulista A-3; equipe garante vaga na A-2 juntamente com o Mar\u00edlia - Universo Esportivo","og_description":"Briosa e MAC seguiram na ponta do Paulist\u00e3o durante 95% da competi\u00e7\u00e3o. Santista teve a melhor campanha e o Mar\u00edlia sofreu, apenas, uma derrota no Campeonato Paulista.","og_url":"https:\/\/universoesportivo.net\/index.php\/2026\/04\/26\/portuguesa-santista-fica-com-o-titulo-do-paulista-a-3-equipe-garante-vaga-na-a-2-juntamente-com-o-marilia\/","og_site_name":"Universo Esportivo","article_publisher":"https:\/\/www.facebook.com\/universoesportivo.net","article_published_time":"2026-04-26T15:13:59+00:00","og_image":[{"width":400,"height":339,"url":"https:\/\/universoesportivo.net\/wp-content\/uploads\/2026\/04\/abrebriosa.jpg","type":"image\/jpeg"}],"author":"Tiago Lotto","twitter_card":"summary_large_image","twitter_misc":{"Escrito por":"Tiago Lotto","Est. tempo de leitura":"2 minutos"},"schema":{"@context":"https:\/\/schema.org","@graph":[{"@type":"Article","@id":"https:\/\/universoesportivo.net\/index.php\/2026\/04\/26\/portuguesa-santista-fica-com-o-titulo-do-paulista-a-3-equipe-garante-vaga-na-a-2-juntamente-com-o-marilia\/#article","isPartOf":{"@id":"https:\/\/universoesportivo.net\/index.php\/2026\/04\/26\/portuguesa-santista-fica-com-o-titulo-do-paulista-a-3-equipe-garante-vaga-na-a-2-juntamente-com-o-marilia\/"},"author":{"name":"Tiago Lotto","@id":"https:\/\/universoesportivo.net\/#\/schema\/person\/62bc311bc7def56a6bc83711536e74bd"},"headline":"Portuguesa Santista fica com o t\u00edtulo do Paulista A-3; equipe garante vaga na A-2 juntamente com o Mar\u00edlia","datePublished":"2026-04-26T15:13:59+00:00","mainEntityOfPage":{"@id":"https:\/\/universoesportivo.net\/index.php\/2026\/04\/26\/portuguesa-santista-fica-com-o-titulo-do-paulista-a-3-equipe-garante-vaga-na-a-2-juntamente-com-o-marilia\/"},"wordCount":277,"commentCount":0,"publisher":{"@id":"https:\/\/universoesportivo.net\/#organization"},"image":{"@id":"https:\/\/universoesportivo.net\/index.php\/2026\/04\/26\/portuguesa-santista-fica-com-o-titulo-do-paulista-a-3-equipe-garante-vaga-na-a-2-juntamente-com-o-marilia\/#primaryimage"},"thumbnailUrl":"https:\/\/universoesportivo.net\/wp-content\/uploads\/2026\/04\/abrebriosa.jpg","articleSection":["Blog"],"inLanguage":"pt-BR","potentialAction":[{"@type":"CommentAction","name":"Comment","target":["https:\/\/universoesportivo.net\/index.php\/2026\/04\/26\/portuguesa-santista-fica-com-o-titulo-do-paulista-a-3-equipe-garante-vaga-na-a-2-juntamente-com-o-marilia\/#respond"]}]},{"@type":"WebPage","@id":"https:\/\/universoesportivo.net\/index.php\/2026\/04\/26\/portuguesa-santista-fica-com-o-titulo-do-paulista-a-3-equipe-garante-vaga-na-a-2-juntamente-com-o-marilia\/","url":"https:\/\/universoesportivo.net\/index.php\/2026\/04\/26\/portuguesa-santista-fica-com-o-titulo-do-paulista-a-3-equipe-garante-vaga-na-a-2-juntamente-com-o-marilia\/","name":"Portuguesa Santista fica com o t\u00edtulo do Paulista A-3; equipe garante vaga na A-2 juntamente com o Mar\u00edlia - Universo Esportivo","isPartOf":{"@id":"https:\/\/universoesportivo.net\/#website"},"primaryImageOfPage":{"@id":"https:\/\/universoesportivo.net\/index.php\/2026\/04\/26\/portuguesa-santista-fica-com-o-titulo-do-paulista-a-3-equipe-garante-vaga-na-a-2-juntamente-com-o-marilia\/#primaryimage"},"image":{"@id":"https:\/\/universoesportivo.net\/index.php\/2026\/04\/26\/portuguesa-santista-fica-com-o-titulo-do-paulista-a-3-equipe-garante-vaga-na-a-2-juntamente-com-o-marilia\/#primaryimage"},"thumbnailUrl":"https:\/\/universoesportivo.net\/wp-content\/uploads\/2026\/04\/abrebriosa.jpg","datePublished":"2026-04-26T15:13:59+00:00","breadcrumb":{"@id":"https:\/\/universoesportivo.net\/index.php\/2026\/04\/26\/portuguesa-santista-fica-com-o-titulo-do-paulista-a-3-equipe-garante-vaga-na-a-2-juntamente-com-o-marilia\/#breadcrumb"},"inLanguage":"pt-BR","potentialAction":[{"@type":"ReadAction","target":["https:\/\/universoesportivo.net\/index.php\/2026\/04\/26\/portuguesa-santista-fica-com-o-titulo-do-paulista-a-3-equipe-garante-vaga-na-a-2-juntamente-com-o-marilia\/"]}]},{"@type":"ImageObject","inLanguage":"pt-BR","@id":"https:\/\/universoesportivo.net\/index.php\/2026\/04\/26\/portuguesa-santista-fica-com-o-titulo-do-paulista-a-3-equipe-garante-vaga-na-a-2-juntamente-com-o-marilia\/#primaryimage","url":"https:\/\/universoesportivo.net\/wp-content\/uploads\/2026\/04\/abrebriosa.jpg","contentUrl":"https:\/\/universoesportivo.net\/wp-content\/uploads\/2026\/04\/abrebriosa.jpg","width":400,"height":339},{"@type":"BreadcrumbList","@id":"https:\/\/universoesportivo.net\/index.php\/2026\/04\/26\/portuguesa-santista-fica-com-o-titulo-do-paulista-a-3-equipe-garante-vaga-na-a-2-juntamente-com-o-marilia\/#breadcrumb","itemListElement":[{"@type":"ListItem","position":1,"name":"In\u00edcio","item":"https:\/\/universoesportivo.net\/"},{"@type":"ListItem","position":2,"name":"Portuguesa Santista fica com o t\u00edtulo do Paulista A-3; equipe garante vaga na A-2 juntamente com o Mar\u00edlia"}]},{"@type":"WebSite","@id":"https:\/\/universoesportivo.net\/#website","url":"https:\/\/universoesportivo.net\/","name":"Universo Esportivo","description":"O portal de todas as modalidades esportivas!","publisher":{"@id":"https:\/\/universoesportivo.net\/#organization"},"alternateName":"Jornalista Tiago Contador Lotto","potentialAction":[{"@type":"SearchAction","target":{"@type":"EntryPoint","urlTemplate":"https:\/\/universoesportivo.net\/?s={search_term_string}"},"query-input":{"@type":"PropertyValueSpecification","valueRequired":true,"valueName":"search_term_string"}}],"inLanguage":"pt-BR"},{"@type":"Organization","@id":"https:\/\/universoesportivo.net\/#organization","name":"Universo Esportivo","alternateName":"Tiago Lotto","url":"https:\/\/universoesportivo.net\/","logo":{"@type":"ImageObject","inLanguage":"pt-BR","@id":"https:\/\/universoesportivo.net\/#\/schema\/logo\/image\/","url":"https:\/\/universoesportivo.net\/wp-content\/uploads\/2024\/05\/cropped-cropped-universo-6.png","contentUrl":"https:\/\/universoesportivo.net\/wp-content\/uploads\/2024\/05\/cropped-cropped-universo-6.png","width":413,"height":295,"caption":"Universo Esportivo"},"image":{"@id":"https:\/\/universoesportivo.net\/#\/schema\/logo\/image\/"},"sameAs":["https:\/\/www.facebook.com\/universoesportivo.net"]},{"@type":"Person","@id":"https:\/\/universoesportivo.net\/#\/schema\/person\/62bc311bc7def56a6bc83711536e74bd","name":"Tiago Lotto","image":{"@type":"ImageObject","inLanguage":"pt-BR","@id":"https:\/\/secure.gravatar.com\/avatar\/fd6891125b3fb6ba0b794cd20c3398d5bb0fa20d2b9963a95f19470e5a6192f7?s=96&d=mm&r=g","url":"https:\/\/secure.gravatar.com\/avatar\/fd6891125b3fb6ba0b794cd20c3398d5bb0fa20d2b9963a95f19470e5a6192f7?s=96&d=mm&r=g","contentUrl":"https:\/\/secure.gravatar.com\/avatar\/fd6891125b3fb6ba0b794cd20c3398d5bb0fa20d2b9963a95f19470e5a6192f7?s=96&d=mm&r=g","caption":"Tiago Lotto"},"url":"https:\/\/universoesportivo.net\/index.php\/author\/tiago-lotto\/"}]}},"jetpack_featured_media_url":"https:\/\/universoesportivo.net\/wp-content\/uploads\/2026\/04\/abrebriosa.jpg","_links":{"self":[{"href":"https:\/\/universoesportivo.net\/index.php\/wp-json\/wp\/v2\/posts\/2847","targetHints":{"allow":["GET"]}}],"collection":[{"href":"https:\/\/universoesportivo.net\/index.php\/wp-json\/wp\/v2\/posts"}],"about":[{"href":"https:\/\/universoesportivo.net\/index.php\/wp-json\/wp\/v2\/types\/post"}],"author":[{"embeddable":true,"href":"https:\/\/universoesportivo.net\/index.php\/wp-json\/wp\/v2\/users\/2"}],"replies":[{"embeddable":true,"href":"https:\/\/universoesportivo.net\/index.php\/wp-json\/wp\/v2\/comments?post=2847"}],"version-history":[{"count":1,"href":"https:\/\/universoesportivo.net\/index.php\/wp-json\/wp\/v2\/posts\/2847\/revisions"}],"predecessor-version":[{"id":2850,"href":"https:\/\/universoesportivo.net\/index.php\/wp-json\/wp\/v2\/posts\/2847\/revisions\/2850"}],"wp:featuredmedia":[{"embeddable":true,"href":"https:\/\/universoesportivo.net\/index.php\/wp-json\/wp\/v2\/media\/2848"}],"wp:attachment":[{"href":"https:\/\/universoesportivo.net\/index.php\/wp-json\/wp\/v2\/media?parent=2847"}],"wp:term":[{"taxonomy":"category","embeddable":true,"href":"https:\/\/universoesportivo.net\/index.php\/wp-json\/wp\/v2\/categories?post=2847"},{"taxonomy":"post_tag","embeddable":true,"href":"https:\/\/universoesportivo.net\/index.php\/wp-json\/wp\/v2\/tags?post=2847"}],"curies":[{"name":"wp","href":"https:\/\/api.w.org\/{rel}","templated":true}]}}