{"id":2856,"date":"2026-04-27T18:00:11","date_gmt":"2026-04-27T21:00:11","guid":{"rendered":"https:\/\/universoesportivo.net\/?p=2856"},"modified":"2026-04-27T18:02:15","modified_gmt":"2026-04-27T21:02:15","slug":"pe-esquerdo-do-bruxo-gremio-catanduvense-soma-duas-derrotas-em-dois-jogos-no-retorno-a-bezinha-apos-cinco-anos-fora-competicoes-oficiais","status":"publish","type":"post","link":"https:\/\/universoesportivo.net\/index.php\/2026\/04\/27\/pe-esquerdo-do-bruxo-gremio-catanduvense-soma-duas-derrotas-em-dois-jogos-no-retorno-a-bezinha-apos-cinco-anos-fora-competicoes-oficiais\/","title":{"rendered":"P\u00c9 ESQUERDO DO BRUXO? Gr\u00eamio Catanduvense soma duas derrotas em dois jogos no retorno \u00e0 Bezinha ap\u00f3s cinco anos fora competi\u00e7\u00f5es oficiais"},"content":{"rendered":"\n<p class=\"has-x-large-font-size\">O retorno do Gr\u00eamio Catanduvense, o Bruxo, \u00e0s competi\u00e7\u00f5es oficiais ap\u00f3s cinco anos longe dos gramados tem sido marcado por desafios neste in\u00edcio de trajet\u00f3ria. A equipe voltou a disputar o Campeonato Paulista Sub-23 Segunda Divis\u00e3o, conhecido como \u201cBezinha\u201d, torneio que representa a sexta divis\u00e3o estadual e \u00e9 voltado \u00e0 forma\u00e7\u00e3o de atletas com at\u00e9 23 anos.<\/p>\n\n\n\n<p class=\"has-x-large-font-size\">Na estreia, v\u00e1lida pela primeira rodada, o time de Catanduva foi superado fora de casa pela Santacruzense por 6 a 0, em partida realizada no dia 19 de abril. J\u00e1 no segundo compromisso, diante de sua torcida, neste domingo (26), o Gr\u00eamio voltou a ser derrotado, desta vez por 2 a 1 contra o S\u00e3o Carlos.<\/p>\n\n\n\n<p class=\"has-x-large-font-size\">Com duas derrotas em dois jogos, o in\u00edcio de campanha acende um sinal de alerta para a equipe, que busca se reestruturar dentro de uma competi\u00e7\u00e3o voltada ao desenvolvimento de jovens talentos. O cen\u00e1rio atual contrasta com a hist\u00f3ria do clube, que j\u00e1 foi presen\u00e7a constante em divis\u00f5es mais altas do futebol paulista, incluindo participa\u00e7\u00f5es na elite do Campeonato Paulista.<\/p>\n\n\n\n<p class=\"has-x-large-font-size\">Apesar do momento delicado, o retorno aos gramados representa um passo importante na reconstru\u00e7\u00e3o do Gr\u00eamio Catanduvense, que aposta na base e na revela\u00e7\u00e3o de novos jogadores para retomar seu protagonismo no cen\u00e1rio esportivo estadual.<\/p>\n\n\n\n<p class=\"has-x-large-font-size\">O Gr\u00eamio joga s\u00e1bado, dia 2, \u00e0s 15h, em Mogi Mirim, contra o Mogi Mirim, que tamb\u00e9m perdeu as duas primeiras partidas na competi\u00e7\u00e3o.<\/p>\n\n\n\n<p class=\"has-x-large-font-size\"><\/p>\n\n\n\n<p class=\"has-x-large-font-size\">DA REDA\u00c7\u00c3O \u2013 UNIVERSO ESPORTIVO<\/p>\n\n\n\n<p class=\"has-x-large-font-size\">Fotos: Cleder R Damasceno &#8211; @neneca_fotosesportivas<\/p>\n\n\n\n<figure class=\"wp-block-image\"><img fetchpriority=\"high\" decoding=\"async\" width=\"400\" height=\"267\" src=\"https:\/\/universoesportivo.net\/wp-content\/uploads\/2026\/04\/bruxo2abaixo.jpg\" alt=\"\" class=\"wp-image-2858\" srcset=\"https:\/\/universoesportivo.net\/wp-content\/uploads\/2026\/04\/bruxo2abaixo.jpg 400w, https:\/\/universoesportivo.net\/wp-content\/uploads\/2026\/04\/bruxo2abaixo-300x200.jpg 300w, https:\/\/universoesportivo.net\/wp-content\/uploads\/2026\/04\/bruxo2abaixo-18x12.jpg 18w\" sizes=\"(max-width: 400px) 100vw, 400px\" \/><\/figure>\n\n\n\n<figure class=\"wp-block-image\"><img decoding=\"async\" width=\"400\" height=\"267\" src=\"https:\/\/universoesportivo.net\/wp-content\/uploads\/2026\/04\/abrebruxo.jpg\" alt=\"\" class=\"wp-image-2857\" srcset=\"https:\/\/universoesportivo.net\/wp-content\/uploads\/2026\/04\/abrebruxo.jpg 400w, https:\/\/universoesportivo.net\/wp-content\/uploads\/2026\/04\/abrebruxo-300x200.jpg 300w, https:\/\/universoesportivo.net\/wp-content\/uploads\/2026\/04\/abrebruxo-18x12.jpg 18w\" sizes=\"(max-width: 400px) 100vw, 400px\" \/><\/figure>\n","protected":false},"excerpt":{"rendered":"<p>Bezinha 2026 segue para sua terceira rodada. Nos dois primeiros jogos, o Bruxo de Catanduva perdeu as duas partidas. Agora, dia 2 de maio, o Gr\u00eamio joga em<br \/>\nMogi Mirim.<\/p>\n","protected":false},"author":2,"featured_media":2859,"comment_status":"open","ping_status":"open","sticky":false,"template":"","format":"standard","meta":{"colormag_page_container_layout":"default_layout","colormag_page_sidebar_layout":"default_layout","footnotes":""},"categories":[17],"tags":[],"class_list":["post-2856","post","type-post","status-publish","format-standard","has-post-thumbnail","hentry","category-esportes"],"magazineBlocksPostFeaturedMedia":{"thumbnail":"https:\/\/universoesportivo.net\/wp-content\/uploads\/2026\/04\/abrebruxo-1-150x150.jpg","medium":"https:\/\/universoesportivo.net\/wp-content\/uploads\/2026\/04\/abrebruxo-1-300x200.jpg","medium_large":"https:\/\/universoesportivo.net\/wp-content\/uploads\/2026\/04\/abrebruxo-1.jpg","large":"https:\/\/universoesportivo.net\/wp-content\/uploads\/2026\/04\/abrebruxo-1.jpg","1536x1536":"https:\/\/universoesportivo.net\/wp-content\/uploads\/2026\/04\/abrebruxo-1.jpg","2048x2048":"https:\/\/universoesportivo.net\/wp-content\/uploads\/2026\/04\/abrebruxo-1.jpg","trp-custom-language-flag":"https:\/\/universoesportivo.net\/wp-content\/uploads\/2026\/04\/abrebruxo-1-18x12.jpg","colormag-highlighted-post":"https:\/\/universoesportivo.net\/wp-content\/uploads\/2026\/04\/abrebruxo-1-392x267.jpg","colormag-featured-post-medium":"https:\/\/universoesportivo.net\/wp-content\/uploads\/2026\/04\/abrebruxo-1-390x205.jpg","colormag-featured-post-small":"https:\/\/universoesportivo.net\/wp-content\/uploads\/2026\/04\/abrebruxo-1-130x90.jpg","colormag-featured-image":"https:\/\/universoesportivo.net\/wp-content\/uploads\/2026\/04\/abrebruxo-1.jpg","colormag-default-news":"https:\/\/universoesportivo.net\/wp-content\/uploads\/2026\/04\/abrebruxo-1-150x150.jpg","colormag-featured-image-large":"https:\/\/universoesportivo.net\/wp-content\/uploads\/2026\/04\/abrebruxo-1.jpg","colormag-elementor-block-extra-large-thumbnail":"https:\/\/universoesportivo.net\/wp-content\/uploads\/2026\/04\/abrebruxo-1.jpg","colormag-elementor-grid-large-thumbnail":"https:\/\/universoesportivo.net\/wp-content\/uploads\/2026\/04\/abrebruxo-1.jpg","colormag-elementor-grid-small-thumbnail":"https:\/\/universoesportivo.net\/wp-content\/uploads\/2026\/04\/abrebruxo-1-285x267.jpg","colormag-elementor-grid-medium-large-thumbnail":"https:\/\/universoesportivo.net\/wp-content\/uploads\/2026\/04\/abrebruxo-1-400x198.jpg"},"magazineBlocksPostAuthor":{"name":"Tiago Lotto","avatar":"https:\/\/secure.gravatar.com\/avatar\/fd6891125b3fb6ba0b794cd20c3398d5bb0fa20d2b9963a95f19470e5a6192f7?s=96&d=mm&r=g"},"magazineBlocksPostCommentsNumber":"0","magazineBlocksPostExcerpt":"Bezinha 2026 segue para sua terceira rodada. Nos dois primeiros jogos, o Bruxo de Catanduva perdeu as duas partidas. Agora, dia 2 de maio, o Gr\u00eamio joga em \nMogi Mirim.\n","magazineBlocksPostCategories":["ESPORTES"],"magazineBlocksPostViewCount":14,"magazineBlocksPostReadTime":2,"magazine_blocks_featured_image_url":{"full":["https:\/\/universoesportivo.net\/wp-content\/uploads\/2026\/04\/abrebruxo-1.jpg",400,267,false],"medium":["https:\/\/universoesportivo.net\/wp-content\/uploads\/2026\/04\/abrebruxo-1-300x200.jpg",300,200,true],"thumbnail":["https:\/\/universoesportivo.net\/wp-content\/uploads\/2026\/04\/abrebruxo-1-150x150.jpg",150,150,true]},"magazine_blocks_author":{"display_name":"Tiago Lotto","author_link":"https:\/\/universoesportivo.net\/index.php\/author\/tiago-lotto\/"},"magazine_blocks_comment":0,"magazine_blocks_author_image":"https:\/\/secure.gravatar.com\/avatar\/fd6891125b3fb6ba0b794cd20c3398d5bb0fa20d2b9963a95f19470e5a6192f7?s=96&d=mm&r=g","magazine_blocks_category":"<a href=\"#\" class=\"category-link category-link-17\">ESPORTES<\/a>","yoast_head":"<!-- This site is optimized with the Yoast SEO plugin v27.4 - https:\/\/yoast.com\/product\/yoast-seo-wordpress\/ -->\n<title>P\u00c9 ESQUERDO DO BRUXO? Gr\u00eamio Catanduvense soma duas derrotas em dois jogos no retorno \u00e0 Bezinha ap\u00f3s cinco anos fora competi\u00e7\u00f5es oficiais - Universo Esportivo<\/title>\n<meta name=\"robots\" content=\"index, follow, max-snippet:-1, max-image-preview:large, max-video-preview:-1\" \/>\n<link rel=\"canonical\" href=\"https:\/\/universoesportivo.net\/index.php\/2026\/04\/27\/pe-esquerdo-do-bruxo-gremio-catanduvense-soma-duas-derrotas-em-dois-jogos-no-retorno-a-bezinha-apos-cinco-anos-fora-competicoes-oficiais\/\" \/>\n<meta property=\"og:locale\" content=\"pt_BR\" \/>\n<meta property=\"og:type\" content=\"article\" \/>\n<meta property=\"og:title\" content=\"P\u00c9 ESQUERDO DO BRUXO? Gr\u00eamio Catanduvense soma duas derrotas em dois jogos no retorno \u00e0 Bezinha ap\u00f3s cinco anos fora competi\u00e7\u00f5es oficiais - Universo Esportivo\" \/>\n<meta property=\"og:description\" content=\"Bezinha 2026 segue para sua terceira rodada. Nos dois primeiros jogos, o Bruxo de Catanduva perdeu as duas partidas. Agora, dia 2 de maio, o Gr\u00eamio joga em Mogi Mirim.\" \/>\n<meta property=\"og:url\" content=\"https:\/\/universoesportivo.net\/index.php\/2026\/04\/27\/pe-esquerdo-do-bruxo-gremio-catanduvense-soma-duas-derrotas-em-dois-jogos-no-retorno-a-bezinha-apos-cinco-anos-fora-competicoes-oficiais\/\" \/>\n<meta property=\"og:site_name\" content=\"Universo Esportivo\" \/>\n<meta property=\"article:publisher\" content=\"https:\/\/www.facebook.com\/universoesportivo.net\" \/>\n<meta property=\"article:published_time\" content=\"2026-04-27T21:00:11+00:00\" \/>\n<meta property=\"article:modified_time\" content=\"2026-04-27T21:02:15+00:00\" \/>\n<meta property=\"og:image\" content=\"https:\/\/universoesportivo.net\/wp-content\/uploads\/2026\/04\/abrebruxo-1.jpg\" \/>\n\t<meta property=\"og:image:width\" content=\"400\" \/>\n\t<meta property=\"og:image:height\" content=\"267\" \/>\n\t<meta property=\"og:image:type\" content=\"image\/jpeg\" \/>\n<meta name=\"author\" content=\"Tiago Lotto\" \/>\n<meta name=\"twitter:card\" content=\"summary_large_image\" \/>\n<meta name=\"twitter:label1\" content=\"Escrito por\" \/>\n\t<meta name=\"twitter:data1\" content=\"Tiago Lotto\" \/>\n\t<meta name=\"twitter:label2\" content=\"Est. tempo de leitura\" \/>\n\t<meta name=\"twitter:data2\" content=\"2 minutos\" \/>\n<script type=\"application\/ld+json\" class=\"yoast-schema-graph\">{\"@context\":\"https:\\\/\\\/schema.org\",\"@graph\":[{\"@type\":\"Article\",\"@id\":\"https:\\\/\\\/universoesportivo.net\\\/index.php\\\/2026\\\/04\\\/27\\\/pe-esquerdo-do-bruxo-gremio-catanduvense-soma-duas-derrotas-em-dois-jogos-no-retorno-a-bezinha-apos-cinco-anos-fora-competicoes-oficiais\\\/#article\",\"isPartOf\":{\"@id\":\"https:\\\/\\\/universoesportivo.net\\\/index.php\\\/2026\\\/04\\\/27\\\/pe-esquerdo-do-bruxo-gremio-catanduvense-soma-duas-derrotas-em-dois-jogos-no-retorno-a-bezinha-apos-cinco-anos-fora-competicoes-oficiais\\\/\"},\"author\":{\"name\":\"Tiago Lotto\",\"@id\":\"https:\\\/\\\/universoesportivo.net\\\/#\\\/schema\\\/person\\\/62bc311bc7def56a6bc83711536e74bd\"},\"headline\":\"P\u00c9 ESQUERDO DO BRUXO? Gr\u00eamio Catanduvense soma duas derrotas em dois jogos no retorno \u00e0 Bezinha ap\u00f3s cinco anos fora competi\u00e7\u00f5es oficiais\",\"datePublished\":\"2026-04-27T21:00:11+00:00\",\"dateModified\":\"2026-04-27T21:02:15+00:00\",\"mainEntityOfPage\":{\"@id\":\"https:\\\/\\\/universoesportivo.net\\\/index.php\\\/2026\\\/04\\\/27\\\/pe-esquerdo-do-bruxo-gremio-catanduvense-soma-duas-derrotas-em-dois-jogos-no-retorno-a-bezinha-apos-cinco-anos-fora-competicoes-oficiais\\\/\"},\"wordCount\":284,\"commentCount\":0,\"publisher\":{\"@id\":\"https:\\\/\\\/universoesportivo.net\\\/#organization\"},\"image\":{\"@id\":\"https:\\\/\\\/universoesportivo.net\\\/index.php\\\/2026\\\/04\\\/27\\\/pe-esquerdo-do-bruxo-gremio-catanduvense-soma-duas-derrotas-em-dois-jogos-no-retorno-a-bezinha-apos-cinco-anos-fora-competicoes-oficiais\\\/#primaryimage\"},\"thumbnailUrl\":\"https:\\\/\\\/universoesportivo.net\\\/wp-content\\\/uploads\\\/2026\\\/04\\\/abrebruxo-1.jpg\",\"articleSection\":[\"ESPORTES\"],\"inLanguage\":\"pt-BR\",\"potentialAction\":[{\"@type\":\"CommentAction\",\"name\":\"Comment\",\"target\":[\"https:\\\/\\\/universoesportivo.net\\\/index.php\\\/2026\\\/04\\\/27\\\/pe-esquerdo-do-bruxo-gremio-catanduvense-soma-duas-derrotas-em-dois-jogos-no-retorno-a-bezinha-apos-cinco-anos-fora-competicoes-oficiais\\\/#respond\"]}]},{\"@type\":\"WebPage\",\"@id\":\"https:\\\/\\\/universoesportivo.net\\\/index.php\\\/2026\\\/04\\\/27\\\/pe-esquerdo-do-bruxo-gremio-catanduvense-soma-duas-derrotas-em-dois-jogos-no-retorno-a-bezinha-apos-cinco-anos-fora-competicoes-oficiais\\\/\",\"url\":\"https:\\\/\\\/universoesportivo.net\\\/index.php\\\/2026\\\/04\\\/27\\\/pe-esquerdo-do-bruxo-gremio-catanduvense-soma-duas-derrotas-em-dois-jogos-no-retorno-a-bezinha-apos-cinco-anos-fora-competicoes-oficiais\\\/\",\"name\":\"P\u00c9 ESQUERDO DO BRUXO? Gr\u00eamio Catanduvense soma duas derrotas em dois jogos no retorno \u00e0 Bezinha ap\u00f3s cinco anos fora competi\u00e7\u00f5es oficiais - Universo Esportivo\",\"isPartOf\":{\"@id\":\"https:\\\/\\\/universoesportivo.net\\\/#website\"},\"primaryImageOfPage\":{\"@id\":\"https:\\\/\\\/universoesportivo.net\\\/index.php\\\/2026\\\/04\\\/27\\\/pe-esquerdo-do-bruxo-gremio-catanduvense-soma-duas-derrotas-em-dois-jogos-no-retorno-a-bezinha-apos-cinco-anos-fora-competicoes-oficiais\\\/#primaryimage\"},\"image\":{\"@id\":\"https:\\\/\\\/universoesportivo.net\\\/index.php\\\/2026\\\/04\\\/27\\\/pe-esquerdo-do-bruxo-gremio-catanduvense-soma-duas-derrotas-em-dois-jogos-no-retorno-a-bezinha-apos-cinco-anos-fora-competicoes-oficiais\\\/#primaryimage\"},\"thumbnailUrl\":\"https:\\\/\\\/universoesportivo.net\\\/wp-content\\\/uploads\\\/2026\\\/04\\\/abrebruxo-1.jpg\",\"datePublished\":\"2026-04-27T21:00:11+00:00\",\"dateModified\":\"2026-04-27T21:02:15+00:00\",\"breadcrumb\":{\"@id\":\"https:\\\/\\\/universoesportivo.net\\\/index.php\\\/2026\\\/04\\\/27\\\/pe-esquerdo-do-bruxo-gremio-catanduvense-soma-duas-derrotas-em-dois-jogos-no-retorno-a-bezinha-apos-cinco-anos-fora-competicoes-oficiais\\\/#breadcrumb\"},\"inLanguage\":\"pt-BR\",\"potentialAction\":[{\"@type\":\"ReadAction\",\"target\":[\"https:\\\/\\\/universoesportivo.net\\\/index.php\\\/2026\\\/04\\\/27\\\/pe-esquerdo-do-bruxo-gremio-catanduvense-soma-duas-derrotas-em-dois-jogos-no-retorno-a-bezinha-apos-cinco-anos-fora-competicoes-oficiais\\\/\"]}]},{\"@type\":\"ImageObject\",\"inLanguage\":\"pt-BR\",\"@id\":\"https:\\\/\\\/universoesportivo.net\\\/index.php\\\/2026\\\/04\\\/27\\\/pe-esquerdo-do-bruxo-gremio-catanduvense-soma-duas-derrotas-em-dois-jogos-no-retorno-a-bezinha-apos-cinco-anos-fora-competicoes-oficiais\\\/#primaryimage\",\"url\":\"https:\\\/\\\/universoesportivo.net\\\/wp-content\\\/uploads\\\/2026\\\/04\\\/abrebruxo-1.jpg\",\"contentUrl\":\"https:\\\/\\\/universoesportivo.net\\\/wp-content\\\/uploads\\\/2026\\\/04\\\/abrebruxo-1.jpg\",\"width\":400,\"height\":267},{\"@type\":\"BreadcrumbList\",\"@id\":\"https:\\\/\\\/universoesportivo.net\\\/index.php\\\/2026\\\/04\\\/27\\\/pe-esquerdo-do-bruxo-gremio-catanduvense-soma-duas-derrotas-em-dois-jogos-no-retorno-a-bezinha-apos-cinco-anos-fora-competicoes-oficiais\\\/#breadcrumb\",\"itemListElement\":[{\"@type\":\"ListItem\",\"position\":1,\"name\":\"In\u00edcio\",\"item\":\"https:\\\/\\\/universoesportivo.net\\\/\"},{\"@type\":\"ListItem\",\"position\":2,\"name\":\"P\u00c9 ESQUERDO DO BRUXO? Gr\u00eamio Catanduvense soma duas derrotas em dois jogos no retorno \u00e0 Bezinha ap\u00f3s cinco anos fora competi\u00e7\u00f5es oficiais\"}]},{\"@type\":\"WebSite\",\"@id\":\"https:\\\/\\\/universoesportivo.net\\\/#website\",\"url\":\"https:\\\/\\\/universoesportivo.net\\\/\",\"name\":\"Universo Esportivo\",\"description\":\"O portal de todas as modalidades esportivas!\",\"publisher\":{\"@id\":\"https:\\\/\\\/universoesportivo.net\\\/#organization\"},\"alternateName\":\"Jornalista Tiago Contador Lotto\",\"potentialAction\":[{\"@type\":\"SearchAction\",\"target\":{\"@type\":\"EntryPoint\",\"urlTemplate\":\"https:\\\/\\\/universoesportivo.net\\\/?s={search_term_string}\"},\"query-input\":{\"@type\":\"PropertyValueSpecification\",\"valueRequired\":true,\"valueName\":\"search_term_string\"}}],\"inLanguage\":\"pt-BR\"},{\"@type\":\"Organization\",\"@id\":\"https:\\\/\\\/universoesportivo.net\\\/#organization\",\"name\":\"Universo Esportivo\",\"alternateName\":\"Tiago Lotto\",\"url\":\"https:\\\/\\\/universoesportivo.net\\\/\",\"logo\":{\"@type\":\"ImageObject\",\"inLanguage\":\"pt-BR\",\"@id\":\"https:\\\/\\\/universoesportivo.net\\\/#\\\/schema\\\/logo\\\/image\\\/\",\"url\":\"https:\\\/\\\/universoesportivo.net\\\/wp-content\\\/uploads\\\/2024\\\/05\\\/cropped-cropped-universo-6.png\",\"contentUrl\":\"https:\\\/\\\/universoesportivo.net\\\/wp-content\\\/uploads\\\/2024\\\/05\\\/cropped-cropped-universo-6.png\",\"width\":413,\"height\":295,\"caption\":\"Universo Esportivo\"},\"image\":{\"@id\":\"https:\\\/\\\/universoesportivo.net\\\/#\\\/schema\\\/logo\\\/image\\\/\"},\"sameAs\":[\"https:\\\/\\\/www.facebook.com\\\/universoesportivo.net\"]},{\"@type\":\"Person\",\"@id\":\"https:\\\/\\\/universoesportivo.net\\\/#\\\/schema\\\/person\\\/62bc311bc7def56a6bc83711536e74bd\",\"name\":\"Tiago Lotto\",\"image\":{\"@type\":\"ImageObject\",\"inLanguage\":\"pt-BR\",\"@id\":\"https:\\\/\\\/secure.gravatar.com\\\/avatar\\\/fd6891125b3fb6ba0b794cd20c3398d5bb0fa20d2b9963a95f19470e5a6192f7?s=96&d=mm&r=g\",\"url\":\"https:\\\/\\\/secure.gravatar.com\\\/avatar\\\/fd6891125b3fb6ba0b794cd20c3398d5bb0fa20d2b9963a95f19470e5a6192f7?s=96&d=mm&r=g\",\"contentUrl\":\"https:\\\/\\\/secure.gravatar.com\\\/avatar\\\/fd6891125b3fb6ba0b794cd20c3398d5bb0fa20d2b9963a95f19470e5a6192f7?s=96&d=mm&r=g\",\"caption\":\"Tiago Lotto\"},\"url\":\"https:\\\/\\\/universoesportivo.net\\\/index.php\\\/author\\\/tiago-lotto\\\/\"}]}<\/script>\n<!-- \/ Yoast SEO plugin. -->","yoast_head_json":{"title":"P\u00c9 ESQUERDO DO BRUXO? Gr\u00eamio Catanduvense soma duas derrotas em dois jogos no retorno \u00e0 Bezinha ap\u00f3s cinco anos fora competi\u00e7\u00f5es oficiais - Universo Esportivo","robots":{"index":"index","follow":"follow","max-snippet":"max-snippet:-1","max-image-preview":"max-image-preview:large","max-video-preview":"max-video-preview:-1"},"canonical":"https:\/\/universoesportivo.net\/index.php\/2026\/04\/27\/pe-esquerdo-do-bruxo-gremio-catanduvense-soma-duas-derrotas-em-dois-jogos-no-retorno-a-bezinha-apos-cinco-anos-fora-competicoes-oficiais\/","og_locale":"pt_BR","og_type":"article","og_title":"P\u00c9 ESQUERDO DO BRUXO? Gr\u00eamio Catanduvense soma duas derrotas em dois jogos no retorno \u00e0 Bezinha ap\u00f3s cinco anos fora competi\u00e7\u00f5es oficiais - Universo Esportivo","og_description":"Bezinha 2026 segue para sua terceira rodada. Nos dois primeiros jogos, o Bruxo de Catanduva perdeu as duas partidas. Agora, dia 2 de maio, o Gr\u00eamio joga em Mogi Mirim.","og_url":"https:\/\/universoesportivo.net\/index.php\/2026\/04\/27\/pe-esquerdo-do-bruxo-gremio-catanduvense-soma-duas-derrotas-em-dois-jogos-no-retorno-a-bezinha-apos-cinco-anos-fora-competicoes-oficiais\/","og_site_name":"Universo Esportivo","article_publisher":"https:\/\/www.facebook.com\/universoesportivo.net","article_published_time":"2026-04-27T21:00:11+00:00","article_modified_time":"2026-04-27T21:02:15+00:00","og_image":[{"width":400,"height":267,"url":"https:\/\/universoesportivo.net\/wp-content\/uploads\/2026\/04\/abrebruxo-1.jpg","type":"image\/jpeg"}],"author":"Tiago Lotto","twitter_card":"summary_large_image","twitter_misc":{"Escrito por":"Tiago Lotto","Est. tempo de leitura":"2 minutos"},"schema":{"@context":"https:\/\/schema.org","@graph":[{"@type":"Article","@id":"https:\/\/universoesportivo.net\/index.php\/2026\/04\/27\/pe-esquerdo-do-bruxo-gremio-catanduvense-soma-duas-derrotas-em-dois-jogos-no-retorno-a-bezinha-apos-cinco-anos-fora-competicoes-oficiais\/#article","isPartOf":{"@id":"https:\/\/universoesportivo.net\/index.php\/2026\/04\/27\/pe-esquerdo-do-bruxo-gremio-catanduvense-soma-duas-derrotas-em-dois-jogos-no-retorno-a-bezinha-apos-cinco-anos-fora-competicoes-oficiais\/"},"author":{"name":"Tiago Lotto","@id":"https:\/\/universoesportivo.net\/#\/schema\/person\/62bc311bc7def56a6bc83711536e74bd"},"headline":"P\u00c9 ESQUERDO DO BRUXO? Gr\u00eamio Catanduvense soma duas derrotas em dois jogos no retorno \u00e0 Bezinha ap\u00f3s cinco anos fora competi\u00e7\u00f5es oficiais","datePublished":"2026-04-27T21:00:11+00:00","dateModified":"2026-04-27T21:02:15+00:00","mainEntityOfPage":{"@id":"https:\/\/universoesportivo.net\/index.php\/2026\/04\/27\/pe-esquerdo-do-bruxo-gremio-catanduvense-soma-duas-derrotas-em-dois-jogos-no-retorno-a-bezinha-apos-cinco-anos-fora-competicoes-oficiais\/"},"wordCount":284,"commentCount":0,"publisher":{"@id":"https:\/\/universoesportivo.net\/#organization"},"image":{"@id":"https:\/\/universoesportivo.net\/index.php\/2026\/04\/27\/pe-esquerdo-do-bruxo-gremio-catanduvense-soma-duas-derrotas-em-dois-jogos-no-retorno-a-bezinha-apos-cinco-anos-fora-competicoes-oficiais\/#primaryimage"},"thumbnailUrl":"https:\/\/universoesportivo.net\/wp-content\/uploads\/2026\/04\/abrebruxo-1.jpg","articleSection":["ESPORTES"],"inLanguage":"pt-BR","potentialAction":[{"@type":"CommentAction","name":"Comment","target":["https:\/\/universoesportivo.net\/index.php\/2026\/04\/27\/pe-esquerdo-do-bruxo-gremio-catanduvense-soma-duas-derrotas-em-dois-jogos-no-retorno-a-bezinha-apos-cinco-anos-fora-competicoes-oficiais\/#respond"]}]},{"@type":"WebPage","@id":"https:\/\/universoesportivo.net\/index.php\/2026\/04\/27\/pe-esquerdo-do-bruxo-gremio-catanduvense-soma-duas-derrotas-em-dois-jogos-no-retorno-a-bezinha-apos-cinco-anos-fora-competicoes-oficiais\/","url":"https:\/\/universoesportivo.net\/index.php\/2026\/04\/27\/pe-esquerdo-do-bruxo-gremio-catanduvense-soma-duas-derrotas-em-dois-jogos-no-retorno-a-bezinha-apos-cinco-anos-fora-competicoes-oficiais\/","name":"P\u00c9 ESQUERDO DO BRUXO? Gr\u00eamio Catanduvense soma duas derrotas em dois jogos no retorno \u00e0 Bezinha ap\u00f3s cinco anos fora competi\u00e7\u00f5es oficiais - Universo Esportivo","isPartOf":{"@id":"https:\/\/universoesportivo.net\/#website"},"primaryImageOfPage":{"@id":"https:\/\/universoesportivo.net\/index.php\/2026\/04\/27\/pe-esquerdo-do-bruxo-gremio-catanduvense-soma-duas-derrotas-em-dois-jogos-no-retorno-a-bezinha-apos-cinco-anos-fora-competicoes-oficiais\/#primaryimage"},"image":{"@id":"https:\/\/universoesportivo.net\/index.php\/2026\/04\/27\/pe-esquerdo-do-bruxo-gremio-catanduvense-soma-duas-derrotas-em-dois-jogos-no-retorno-a-bezinha-apos-cinco-anos-fora-competicoes-oficiais\/#primaryimage"},"thumbnailUrl":"https:\/\/universoesportivo.net\/wp-content\/uploads\/2026\/04\/abrebruxo-1.jpg","datePublished":"2026-04-27T21:00:11+00:00","dateModified":"2026-04-27T21:02:15+00:00","breadcrumb":{"@id":"https:\/\/universoesportivo.net\/index.php\/2026\/04\/27\/pe-esquerdo-do-bruxo-gremio-catanduvense-soma-duas-derrotas-em-dois-jogos-no-retorno-a-bezinha-apos-cinco-anos-fora-competicoes-oficiais\/#breadcrumb"},"inLanguage":"pt-BR","potentialAction":[{"@type":"ReadAction","target":["https:\/\/universoesportivo.net\/index.php\/2026\/04\/27\/pe-esquerdo-do-bruxo-gremio-catanduvense-soma-duas-derrotas-em-dois-jogos-no-retorno-a-bezinha-apos-cinco-anos-fora-competicoes-oficiais\/"]}]},{"@type":"ImageObject","inLanguage":"pt-BR","@id":"https:\/\/universoesportivo.net\/index.php\/2026\/04\/27\/pe-esquerdo-do-bruxo-gremio-catanduvense-soma-duas-derrotas-em-dois-jogos-no-retorno-a-bezinha-apos-cinco-anos-fora-competicoes-oficiais\/#primaryimage","url":"https:\/\/universoesportivo.net\/wp-content\/uploads\/2026\/04\/abrebruxo-1.jpg","contentUrl":"https:\/\/universoesportivo.net\/wp-content\/uploads\/2026\/04\/abrebruxo-1.jpg","width":400,"height":267},{"@type":"BreadcrumbList","@id":"https:\/\/universoesportivo.net\/index.php\/2026\/04\/27\/pe-esquerdo-do-bruxo-gremio-catanduvense-soma-duas-derrotas-em-dois-jogos-no-retorno-a-bezinha-apos-cinco-anos-fora-competicoes-oficiais\/#breadcrumb","itemListElement":[{"@type":"ListItem","position":1,"name":"In\u00edcio","item":"https:\/\/universoesportivo.net\/"},{"@type":"ListItem","position":2,"name":"P\u00c9 ESQUERDO DO BRUXO? Gr\u00eamio Catanduvense soma duas derrotas em dois jogos no retorno \u00e0 Bezinha ap\u00f3s cinco anos fora competi\u00e7\u00f5es oficiais"}]},{"@type":"WebSite","@id":"https:\/\/universoesportivo.net\/#website","url":"https:\/\/universoesportivo.net\/","name":"Universo Esportivo","description":"O portal de todas as modalidades esportivas!","publisher":{"@id":"https:\/\/universoesportivo.net\/#organization"},"alternateName":"Jornalista Tiago Contador Lotto","potentialAction":[{"@type":"SearchAction","target":{"@type":"EntryPoint","urlTemplate":"https:\/\/universoesportivo.net\/?s={search_term_string}"},"query-input":{"@type":"PropertyValueSpecification","valueRequired":true,"valueName":"search_term_string"}}],"inLanguage":"pt-BR"},{"@type":"Organization","@id":"https:\/\/universoesportivo.net\/#organization","name":"Universo Esportivo","alternateName":"Tiago Lotto","url":"https:\/\/universoesportivo.net\/","logo":{"@type":"ImageObject","inLanguage":"pt-BR","@id":"https:\/\/universoesportivo.net\/#\/schema\/logo\/image\/","url":"https:\/\/universoesportivo.net\/wp-content\/uploads\/2024\/05\/cropped-cropped-universo-6.png","contentUrl":"https:\/\/universoesportivo.net\/wp-content\/uploads\/2024\/05\/cropped-cropped-universo-6.png","width":413,"height":295,"caption":"Universo Esportivo"},"image":{"@id":"https:\/\/universoesportivo.net\/#\/schema\/logo\/image\/"},"sameAs":["https:\/\/www.facebook.com\/universoesportivo.net"]},{"@type":"Person","@id":"https:\/\/universoesportivo.net\/#\/schema\/person\/62bc311bc7def56a6bc83711536e74bd","name":"Tiago Lotto","image":{"@type":"ImageObject","inLanguage":"pt-BR","@id":"https:\/\/secure.gravatar.com\/avatar\/fd6891125b3fb6ba0b794cd20c3398d5bb0fa20d2b9963a95f19470e5a6192f7?s=96&d=mm&r=g","url":"https:\/\/secure.gravatar.com\/avatar\/fd6891125b3fb6ba0b794cd20c3398d5bb0fa20d2b9963a95f19470e5a6192f7?s=96&d=mm&r=g","contentUrl":"https:\/\/secure.gravatar.com\/avatar\/fd6891125b3fb6ba0b794cd20c3398d5bb0fa20d2b9963a95f19470e5a6192f7?s=96&d=mm&r=g","caption":"Tiago Lotto"},"url":"https:\/\/universoesportivo.net\/index.php\/author\/tiago-lotto\/"}]}},"jetpack_featured_media_url":"https:\/\/universoesportivo.net\/wp-content\/uploads\/2026\/04\/abrebruxo-1.jpg","_links":{"self":[{"href":"https:\/\/universoesportivo.net\/index.php\/wp-json\/wp\/v2\/posts\/2856","targetHints":{"allow":["GET"]}}],"collection":[{"href":"https:\/\/universoesportivo.net\/index.php\/wp-json\/wp\/v2\/posts"}],"about":[{"href":"https:\/\/universoesportivo.net\/index.php\/wp-json\/wp\/v2\/types\/post"}],"author":[{"embeddable":true,"href":"https:\/\/universoesportivo.net\/index.php\/wp-json\/wp\/v2\/users\/2"}],"replies":[{"embeddable":true,"href":"https:\/\/universoesportivo.net\/index.php\/wp-json\/wp\/v2\/comments?post=2856"}],"version-history":[{"count":1,"href":"https:\/\/universoesportivo.net\/index.php\/wp-json\/wp\/v2\/posts\/2856\/revisions"}],"predecessor-version":[{"id":2860,"href":"https:\/\/universoesportivo.net\/index.php\/wp-json\/wp\/v2\/posts\/2856\/revisions\/2860"}],"wp:featuredmedia":[{"embeddable":true,"href":"https:\/\/universoesportivo.net\/index.php\/wp-json\/wp\/v2\/media\/2859"}],"wp:attachment":[{"href":"https:\/\/universoesportivo.net\/index.php\/wp-json\/wp\/v2\/media?parent=2856"}],"wp:term":[{"taxonomy":"category","embeddable":true,"href":"https:\/\/universoesportivo.net\/index.php\/wp-json\/wp\/v2\/categories?post=2856"},{"taxonomy":"post_tag","embeddable":true,"href":"https:\/\/universoesportivo.net\/index.php\/wp-json\/wp\/v2\/tags?post=2856"}],"curies":[{"name":"wp","href":"https:\/\/api.w.org\/{rel}","templated":true}]}}