{"id":3154,"date":"2026-08-31T15:00:14","date_gmt":"2026-08-31T18:00:14","guid":{"rendered":"https:\/\/universoesportivo.net\/?p=3154"},"modified":"2026-08-31T15:00:15","modified_gmt":"2026-08-31T18:00:15","slug":"atleta-da-smel-catanduva-eduardo-maccario-fica-em-3o-lugar-em-aracatuba-e-intensifica-preparacao-para-o-mundial-de-triathlon-em-abu-dhabi","status":"publish","type":"post","link":"https:\/\/universoesportivo.net\/index.php\/2026\/08\/31\/atleta-da-smel-catanduva-eduardo-maccario-fica-em-3o-lugar-em-aracatuba-e-intensifica-preparacao-para-o-mundial-de-triathlon-em-abu-dhabi\/","title":{"rendered":"Atleta da SMEL Catanduva, Eduardo Maccario fica em 3\u00ba lugar em Ara\u00e7atuba e intensifica prepara\u00e7\u00e3o para o Mundial de Triathlon em Abu Dhabi"},"content":{"rendered":"\n<p class=\"has-large-font-size\">O atleta Eduardo Maccario, da Secretaria Municipal de Esportes e Lazer (SMEL) de Catanduva, conquistou o 3\u00ba lugar em sua categoria, de 40 a 44 anos, na segunda etapa da Copa Noroeste Paulista de Triathlon, disputada neste domingo, dia 30 de agosto, em Ara\u00e7atuba. A competi\u00e7\u00e3o reuniu os melhores atletas do pa\u00eds.<\/p>\n\n\n\n<p class=\"has-large-font-size\">Na primeira etapa, disputada em Buritama, Eduardo havia conquistado o primeiro lugar em sua categoria. Com o resultado desta etapa, o atleta segue somando pontos importantes e mant\u00e9m boa coloca\u00e7\u00e3o na disputa pelo campeonato at\u00e9 a etapa final. Outras duas etapas ser\u00e3o realizadas. As datas e locais ser\u00e3o divulgados em breve.<\/p>\n\n\n\n<p class=\"has-large-font-size\">A temporada de 2026 tem sido especialmente importante para Eduardo. Al\u00e9m das competi\u00e7\u00f5es regionais e nacionais, o atleta intensifica a prepara\u00e7\u00e3o para um dos maiores desafios de sua trajet\u00f3ria: a disputa do Campeonato Mundial de Triathlon, em Abu Dhabi, nos Emirados \u00c1rabes Unidos, no m\u00eas de novembro, competi\u00e7\u00e3o para a qual foi convocado para representar o Brasil.<\/p>\n\n\n\n<p class=\"has-large-font-size\">A prepara\u00e7\u00e3o conta com o trabalho da Briani Team, sob orienta\u00e7\u00e3o do treinador Alex Briani, respons\u00e1vel pelo planejamento e acompanhamento dos treinamentos. Eduardo tamb\u00e9m conta com o acompanhamento do nutricionista Fernando Loria, especialista em nutri\u00e7\u00e3o esportiva, al\u00e9m do apoio do CT Life Sports, que disponibiliza estrutura para os trabalhos de muscula\u00e7\u00e3o e fortalecimento.<\/p>\n\n\n\n<p class=\"has-large-font-size\">Apesar do empenho t\u00e9cnico e da dedica\u00e7\u00e3o nos treinos, o atleta enfrenta um desafio a mais rumo ao Mundial: os altos custos envolvidos na viagem aos Emirados \u00c1rabes Unidos. Por isso, Eduardo est\u00e1 em busca de patrocinadores que queiram apoiar sua trajet\u00f3ria e ajud\u00e1-lo a chegar em boas condi\u00e7\u00f5es \u00e0 disputa internacional.<\/p>\n\n\n\n<p class=\"has-large-font-size\">\u201cNa etapa de Ara\u00e7atuba consegui subir ao p\u00f3dio novamente e seguir somando pontos importantes no campeonato. Agora a prioridade \u00e9 intensificar os treinos visando o Mundial em Abu Dhabi. \u00c9 um sonho representar o Brasil e levar o nome de Catanduva comigo, mas as despesas para essa viagem s\u00e3o altas, e por isso tamb\u00e9m estou em busca de patrocinadores que queiram fazer parte dessa caminhada comigo\u201d, destacou o atleta.<\/p>\n\n\n\n<p class=\"has-large-font-size\">A caminhada rumo ao Mundial segue como o grande objetivo da temporada, com Eduardo buscando regularidade nas competi\u00e7\u00f5es nacionais e, ao mesmo tempo, mobilizando apoio para representar Catanduva e o Brasil no cen\u00e1rio internacional.<\/p>\n\n\n\n<p class=\"has-large-font-size\"><\/p>\n\n\n\n<p class=\"has-large-font-size\">DA REDA\u00c7\u00c3O \u2013 UNIVERSO ESPORTIVO<\/p>\n\n\n\n<p class=\"has-large-font-size\">Fotos: Divulga\u00e7\u00e3o do atleta<\/p>\n\n\n\n<figure class=\"wp-block-image\"><img fetchpriority=\"high\" decoding=\"async\" width=\"400\" height=\"335\" src=\"https:\/\/universoesportivo.net\/wp-content\/uploads\/2026\/08\/tiete1.jpg\" alt=\"\" class=\"wp-image-3155\" srcset=\"https:\/\/universoesportivo.net\/wp-content\/uploads\/2026\/08\/tiete1.jpg 400w, https:\/\/universoesportivo.net\/wp-content\/uploads\/2026\/08\/tiete1-300x251.jpg 300w, https:\/\/universoesportivo.net\/wp-content\/uploads\/2026\/08\/tiete1-14x12.jpg 14w\" sizes=\"(max-width: 400px) 100vw, 400px\" \/><\/figure>\n\n\n\n<figure class=\"wp-block-image\"><img decoding=\"async\" width=\"400\" height=\"303\" src=\"https:\/\/universoesportivo.net\/wp-content\/uploads\/2026\/08\/tiete2.jpg\" alt=\"\" class=\"wp-image-3156\" srcset=\"https:\/\/universoesportivo.net\/wp-content\/uploads\/2026\/08\/tiete2.jpg 400w, https:\/\/universoesportivo.net\/wp-content\/uploads\/2026\/08\/tiete2-300x227.jpg 300w, https:\/\/universoesportivo.net\/wp-content\/uploads\/2026\/08\/tiete2-16x12.jpg 16w\" sizes=\"(max-width: 400px) 100vw, 400px\" \/><\/figure>\n\n\n\n<figure class=\"wp-block-image\"><img decoding=\"async\" width=\"400\" height=\"419\" src=\"https:\/\/universoesportivo.net\/wp-content\/uploads\/2026\/08\/tiete3.jpg\" alt=\"\" class=\"wp-image-3157\" srcset=\"https:\/\/universoesportivo.net\/wp-content\/uploads\/2026\/08\/tiete3.jpg 400w, https:\/\/universoesportivo.net\/wp-content\/uploads\/2026\/08\/tiete3-286x300.jpg 286w, https:\/\/universoesportivo.net\/wp-content\/uploads\/2026\/08\/tiete3-11x12.jpg 11w\" sizes=\"(max-width: 400px) 100vw, 400px\" \/><\/figure>\n","protected":false},"excerpt":{"rendered":"<p>Apesar do empenho t\u00e9cnico e da dedica\u00e7\u00e3o nos treinos, o atleta enfrenta um desafio a mais rumo ao Mundial: os altos custos envolvidos na viagem aos Emirados \u00c1rabes Unidos. Por isso, Eduardo est\u00e1 em busca de patrocinadores que queiram apoiar sua trajet\u00f3ria e ajud\u00e1-lo a chegar em boas condi\u00e7\u00f5es \u00e0 disputa internacional.<\/p>\n","protected":false},"author":2,"featured_media":3155,"comment_status":"open","ping_status":"open","sticky":false,"template":"","format":"standard","meta":{"colormag_page_container_layout":"default_layout","colormag_page_sidebar_layout":"default_layout","footnotes":""},"categories":[56,17],"tags":[],"class_list":["post-3154","post","type-post","status-publish","format-standard","has-post-thumbnail","hentry","category-competicoes","category-esportes"],"magazineBlocksPostFeaturedMedia":{"thumbnail":"https:\/\/universoesportivo.net\/wp-content\/uploads\/2026\/08\/tiete1-150x150.jpg","medium":"https:\/\/universoesportivo.net\/wp-content\/uploads\/2026\/08\/tiete1-300x251.jpg","medium_large":"https:\/\/universoesportivo.net\/wp-content\/uploads\/2026\/08\/tiete1.jpg","large":"https:\/\/universoesportivo.net\/wp-content\/uploads\/2026\/08\/tiete1.jpg","1536x1536":"https:\/\/universoesportivo.net\/wp-content\/uploads\/2026\/08\/tiete1.jpg","2048x2048":"https:\/\/universoesportivo.net\/wp-content\/uploads\/2026\/08\/tiete1.jpg","trp-custom-language-flag":"https:\/\/universoesportivo.net\/wp-content\/uploads\/2026\/08\/tiete1-14x12.jpg","colormag-highlighted-post":"https:\/\/universoesportivo.net\/wp-content\/uploads\/2026\/08\/tiete1-392x272.jpg","colormag-featured-post-medium":"https:\/\/universoesportivo.net\/wp-content\/uploads\/2026\/08\/tiete1-390x205.jpg","colormag-featured-post-small":"https:\/\/universoesportivo.net\/wp-content\/uploads\/2026\/08\/tiete1-130x90.jpg","colormag-featured-image":"https:\/\/universoesportivo.net\/wp-content\/uploads\/2026\/08\/tiete1.jpg","colormag-default-news":"https:\/\/universoesportivo.net\/wp-content\/uploads\/2026\/08\/tiete1-150x150.jpg","colormag-featured-image-large":"https:\/\/universoesportivo.net\/wp-content\/uploads\/2026\/08\/tiete1.jpg","colormag-elementor-block-extra-large-thumbnail":"https:\/\/universoesportivo.net\/wp-content\/uploads\/2026\/08\/tiete1.jpg","colormag-elementor-grid-large-thumbnail":"https:\/\/universoesportivo.net\/wp-content\/uploads\/2026\/08\/tiete1.jpg","colormag-elementor-grid-small-thumbnail":"https:\/\/universoesportivo.net\/wp-content\/uploads\/2026\/08\/tiete1-285x335.jpg","colormag-elementor-grid-medium-large-thumbnail":"https:\/\/universoesportivo.net\/wp-content\/uploads\/2026\/08\/tiete1-400x198.jpg"},"magazineBlocksPostAuthor":{"name":"Tiago Lotto","avatar":"https:\/\/secure.gravatar.com\/avatar\/fd6891125b3fb6ba0b794cd20c3398d5bb0fa20d2b9963a95f19470e5a6192f7?s=96&d=mm&r=g"},"magazineBlocksPostCommentsNumber":"0","magazineBlocksPostExcerpt":"\nApesar do empenho t\u00e9cnico e da dedica\u00e7\u00e3o nos treinos, o atleta enfrenta um desafio a mais rumo ao Mundial: os altos custos envolvidos na viagem aos Emirados \u00c1rabes Unidos. Por isso, Eduardo est\u00e1 em busca de patrocinadores que queiram apoiar sua trajet\u00f3ria e ajud\u00e1-lo a chegar em boas condi\u00e7\u00f5es \u00e0 disputa internacional.\n","magazineBlocksPostCategories":["Competi\u00e7\u00f5es","ESPORTES"],"magazineBlocksPostViewCount":57,"magazineBlocksPostReadTime":3,"magazine_blocks_featured_image_url":{"full":["https:\/\/universoesportivo.net\/wp-content\/uploads\/2026\/08\/tiete1.jpg",400,335,false],"medium":["https:\/\/universoesportivo.net\/wp-content\/uploads\/2026\/08\/tiete1-300x251.jpg",300,251,true],"thumbnail":["https:\/\/universoesportivo.net\/wp-content\/uploads\/2026\/08\/tiete1-150x150.jpg",150,150,true]},"magazine_blocks_author":{"display_name":"Tiago Lotto","author_link":"https:\/\/universoesportivo.net\/index.php\/author\/tiago-lotto\/"},"magazine_blocks_comment":0,"magazine_blocks_author_image":"https:\/\/secure.gravatar.com\/avatar\/fd6891125b3fb6ba0b794cd20c3398d5bb0fa20d2b9963a95f19470e5a6192f7?s=96&d=mm&r=g","magazine_blocks_category":"<a href=\"#\" class=\"category-link category-link-56\">Competi\u00e7\u00f5es<\/a> <a href=\"#\" class=\"category-link category-link-17\">ESPORTES<\/a>","yoast_head":"<!-- This site is optimized with the Yoast SEO plugin v27.4 - https:\/\/yoast.com\/product\/yoast-seo-wordpress\/ -->\n<title>Atleta da SMEL Catanduva, Eduardo Maccario fica em 3\u00ba lugar em Ara\u00e7atuba e intensifica prepara\u00e7\u00e3o para o Mundial de Triathlon em Abu Dhabi - Universo Esportivo<\/title>\n<meta name=\"robots\" content=\"index, follow, max-snippet:-1, max-image-preview:large, max-video-preview:-1\" \/>\n<link rel=\"canonical\" href=\"https:\/\/universoesportivo.net\/index.php\/2026\/08\/31\/atleta-da-smel-catanduva-eduardo-maccario-fica-em-3o-lugar-em-aracatuba-e-intensifica-preparacao-para-o-mundial-de-triathlon-em-abu-dhabi\/\" \/>\n<meta property=\"og:locale\" content=\"pt_BR\" \/>\n<meta property=\"og:type\" content=\"article\" \/>\n<meta property=\"og:title\" content=\"Atleta da SMEL Catanduva, Eduardo Maccario fica em 3\u00ba lugar em Ara\u00e7atuba e intensifica prepara\u00e7\u00e3o para o Mundial de Triathlon em Abu Dhabi - Universo Esportivo\" \/>\n<meta property=\"og:description\" content=\"Apesar do empenho t\u00e9cnico e da dedica\u00e7\u00e3o nos treinos, o atleta enfrenta um desafio a mais rumo ao Mundial: os altos custos envolvidos na viagem aos Emirados \u00c1rabes Unidos. Por isso, Eduardo est\u00e1 em busca de patrocinadores que queiram apoiar sua trajet\u00f3ria e ajud\u00e1-lo a chegar em boas condi\u00e7\u00f5es \u00e0 disputa internacional.\" \/>\n<meta property=\"og:url\" content=\"https:\/\/universoesportivo.net\/index.php\/2026\/08\/31\/atleta-da-smel-catanduva-eduardo-maccario-fica-em-3o-lugar-em-aracatuba-e-intensifica-preparacao-para-o-mundial-de-triathlon-em-abu-dhabi\/\" \/>\n<meta property=\"og:site_name\" content=\"Universo Esportivo\" \/>\n<meta property=\"article:publisher\" content=\"https:\/\/www.facebook.com\/universoesportivo.net\" \/>\n<meta property=\"article:published_time\" content=\"2026-08-31T18:00:14+00:00\" \/>\n<meta property=\"article:modified_time\" content=\"2026-08-31T18:00:15+00:00\" \/>\n<meta property=\"og:image\" content=\"https:\/\/universoesportivo.net\/wp-content\/uploads\/2026\/08\/tiete1.jpg\" \/>\n\t<meta property=\"og:image:width\" content=\"400\" \/>\n\t<meta property=\"og:image:height\" content=\"335\" \/>\n\t<meta property=\"og:image:type\" content=\"image\/jpeg\" \/>\n<meta name=\"author\" content=\"Tiago Lotto\" \/>\n<meta name=\"twitter:card\" content=\"summary_large_image\" \/>\n<meta name=\"twitter:label1\" content=\"Escrito por\" \/>\n\t<meta name=\"twitter:data1\" content=\"Tiago Lotto\" \/>\n\t<meta name=\"twitter:label2\" content=\"Est. tempo de leitura\" \/>\n\t<meta name=\"twitter:data2\" content=\"3 minutos\" \/>\n<script type=\"application\/ld+json\" class=\"yoast-schema-graph\">{\"@context\":\"https:\\\/\\\/schema.org\",\"@graph\":[{\"@type\":\"Article\",\"@id\":\"https:\\\/\\\/universoesportivo.net\\\/index.php\\\/2026\\\/08\\\/31\\\/atleta-da-smel-catanduva-eduardo-maccario-fica-em-3o-lugar-em-aracatuba-e-intensifica-preparacao-para-o-mundial-de-triathlon-em-abu-dhabi\\\/#article\",\"isPartOf\":{\"@id\":\"https:\\\/\\\/universoesportivo.net\\\/index.php\\\/2026\\\/08\\\/31\\\/atleta-da-smel-catanduva-eduardo-maccario-fica-em-3o-lugar-em-aracatuba-e-intensifica-preparacao-para-o-mundial-de-triathlon-em-abu-dhabi\\\/\"},\"author\":{\"name\":\"Tiago Lotto\",\"@id\":\"https:\\\/\\\/universoesportivo.net\\\/#\\\/schema\\\/person\\\/62bc311bc7def56a6bc83711536e74bd\"},\"headline\":\"Atleta da SMEL Catanduva, Eduardo Maccario fica em 3\u00ba lugar em Ara\u00e7atuba e intensifica prepara\u00e7\u00e3o para o Mundial de Triathlon em Abu Dhabi\",\"datePublished\":\"2026-08-31T18:00:14+00:00\",\"dateModified\":\"2026-08-31T18:00:15+00:00\",\"mainEntityOfPage\":{\"@id\":\"https:\\\/\\\/universoesportivo.net\\\/index.php\\\/2026\\\/08\\\/31\\\/atleta-da-smel-catanduva-eduardo-maccario-fica-em-3o-lugar-em-aracatuba-e-intensifica-preparacao-para-o-mundial-de-triathlon-em-abu-dhabi\\\/\"},\"wordCount\":425,\"commentCount\":0,\"publisher\":{\"@id\":\"https:\\\/\\\/universoesportivo.net\\\/#organization\"},\"image\":{\"@id\":\"https:\\\/\\\/universoesportivo.net\\\/index.php\\\/2026\\\/08\\\/31\\\/atleta-da-smel-catanduva-eduardo-maccario-fica-em-3o-lugar-em-aracatuba-e-intensifica-preparacao-para-o-mundial-de-triathlon-em-abu-dhabi\\\/#primaryimage\"},\"thumbnailUrl\":\"https:\\\/\\\/universoesportivo.net\\\/wp-content\\\/uploads\\\/2026\\\/08\\\/tiete1.jpg\",\"articleSection\":[\"Competi\u00e7\u00f5es\",\"ESPORTES\"],\"inLanguage\":\"pt-BR\",\"potentialAction\":[{\"@type\":\"CommentAction\",\"name\":\"Comment\",\"target\":[\"https:\\\/\\\/universoesportivo.net\\\/index.php\\\/2026\\\/08\\\/31\\\/atleta-da-smel-catanduva-eduardo-maccario-fica-em-3o-lugar-em-aracatuba-e-intensifica-preparacao-para-o-mundial-de-triathlon-em-abu-dhabi\\\/#respond\"]}]},{\"@type\":\"WebPage\",\"@id\":\"https:\\\/\\\/universoesportivo.net\\\/index.php\\\/2026\\\/08\\\/31\\\/atleta-da-smel-catanduva-eduardo-maccario-fica-em-3o-lugar-em-aracatuba-e-intensifica-preparacao-para-o-mundial-de-triathlon-em-abu-dhabi\\\/\",\"url\":\"https:\\\/\\\/universoesportivo.net\\\/index.php\\\/2026\\\/08\\\/31\\\/atleta-da-smel-catanduva-eduardo-maccario-fica-em-3o-lugar-em-aracatuba-e-intensifica-preparacao-para-o-mundial-de-triathlon-em-abu-dhabi\\\/\",\"name\":\"Atleta da SMEL Catanduva, Eduardo Maccario fica em 3\u00ba lugar em Ara\u00e7atuba e intensifica prepara\u00e7\u00e3o para o Mundial de Triathlon em Abu Dhabi - Universo Esportivo\",\"isPartOf\":{\"@id\":\"https:\\\/\\\/universoesportivo.net\\\/#website\"},\"primaryImageOfPage\":{\"@id\":\"https:\\\/\\\/universoesportivo.net\\\/index.php\\\/2026\\\/08\\\/31\\\/atleta-da-smel-catanduva-eduardo-maccario-fica-em-3o-lugar-em-aracatuba-e-intensifica-preparacao-para-o-mundial-de-triathlon-em-abu-dhabi\\\/#primaryimage\"},\"image\":{\"@id\":\"https:\\\/\\\/universoesportivo.net\\\/index.php\\\/2026\\\/08\\\/31\\\/atleta-da-smel-catanduva-eduardo-maccario-fica-em-3o-lugar-em-aracatuba-e-intensifica-preparacao-para-o-mundial-de-triathlon-em-abu-dhabi\\\/#primaryimage\"},\"thumbnailUrl\":\"https:\\\/\\\/universoesportivo.net\\\/wp-content\\\/uploads\\\/2026\\\/08\\\/tiete1.jpg\",\"datePublished\":\"2026-08-31T18:00:14+00:00\",\"dateModified\":\"2026-08-31T18:00:15+00:00\",\"breadcrumb\":{\"@id\":\"https:\\\/\\\/universoesportivo.net\\\/index.php\\\/2026\\\/08\\\/31\\\/atleta-da-smel-catanduva-eduardo-maccario-fica-em-3o-lugar-em-aracatuba-e-intensifica-preparacao-para-o-mundial-de-triathlon-em-abu-dhabi\\\/#breadcrumb\"},\"inLanguage\":\"pt-BR\",\"potentialAction\":[{\"@type\":\"ReadAction\",\"target\":[\"https:\\\/\\\/universoesportivo.net\\\/index.php\\\/2026\\\/08\\\/31\\\/atleta-da-smel-catanduva-eduardo-maccario-fica-em-3o-lugar-em-aracatuba-e-intensifica-preparacao-para-o-mundial-de-triathlon-em-abu-dhabi\\\/\"]}]},{\"@type\":\"ImageObject\",\"inLanguage\":\"pt-BR\",\"@id\":\"https:\\\/\\\/universoesportivo.net\\\/index.php\\\/2026\\\/08\\\/31\\\/atleta-da-smel-catanduva-eduardo-maccario-fica-em-3o-lugar-em-aracatuba-e-intensifica-preparacao-para-o-mundial-de-triathlon-em-abu-dhabi\\\/#primaryimage\",\"url\":\"https:\\\/\\\/universoesportivo.net\\\/wp-content\\\/uploads\\\/2026\\\/08\\\/tiete1.jpg\",\"contentUrl\":\"https:\\\/\\\/universoesportivo.net\\\/wp-content\\\/uploads\\\/2026\\\/08\\\/tiete1.jpg\",\"width\":400,\"height\":335},{\"@type\":\"BreadcrumbList\",\"@id\":\"https:\\\/\\\/universoesportivo.net\\\/index.php\\\/2026\\\/08\\\/31\\\/atleta-da-smel-catanduva-eduardo-maccario-fica-em-3o-lugar-em-aracatuba-e-intensifica-preparacao-para-o-mundial-de-triathlon-em-abu-dhabi\\\/#breadcrumb\",\"itemListElement\":[{\"@type\":\"ListItem\",\"position\":1,\"name\":\"In\u00edcio\",\"item\":\"https:\\\/\\\/universoesportivo.net\\\/\"},{\"@type\":\"ListItem\",\"position\":2,\"name\":\"Atleta da SMEL Catanduva, Eduardo Maccario fica em 3\u00ba lugar em Ara\u00e7atuba e intensifica prepara\u00e7\u00e3o para o Mundial de Triathlon em Abu Dhabi\"}]},{\"@type\":\"WebSite\",\"@id\":\"https:\\\/\\\/universoesportivo.net\\\/#website\",\"url\":\"https:\\\/\\\/universoesportivo.net\\\/\",\"name\":\"Universo Esportivo\",\"description\":\"O portal de todas as modalidades esportivas!\",\"publisher\":{\"@id\":\"https:\\\/\\\/universoesportivo.net\\\/#organization\"},\"alternateName\":\"Jornalista Tiago Contador Lotto\",\"potentialAction\":[{\"@type\":\"SearchAction\",\"target\":{\"@type\":\"EntryPoint\",\"urlTemplate\":\"https:\\\/\\\/universoesportivo.net\\\/?s={search_term_string}\"},\"query-input\":{\"@type\":\"PropertyValueSpecification\",\"valueRequired\":true,\"valueName\":\"search_term_string\"}}],\"inLanguage\":\"pt-BR\"},{\"@type\":\"Organization\",\"@id\":\"https:\\\/\\\/universoesportivo.net\\\/#organization\",\"name\":\"Universo Esportivo\",\"alternateName\":\"Tiago Lotto\",\"url\":\"https:\\\/\\\/universoesportivo.net\\\/\",\"logo\":{\"@type\":\"ImageObject\",\"inLanguage\":\"pt-BR\",\"@id\":\"https:\\\/\\\/universoesportivo.net\\\/#\\\/schema\\\/logo\\\/image\\\/\",\"url\":\"https:\\\/\\\/universoesportivo.net\\\/wp-content\\\/uploads\\\/2024\\\/05\\\/cropped-cropped-universo-6.png\",\"contentUrl\":\"https:\\\/\\\/universoesportivo.net\\\/wp-content\\\/uploads\\\/2024\\\/05\\\/cropped-cropped-universo-6.png\",\"width\":413,\"height\":295,\"caption\":\"Universo Esportivo\"},\"image\":{\"@id\":\"https:\\\/\\\/universoesportivo.net\\\/#\\\/schema\\\/logo\\\/image\\\/\"},\"sameAs\":[\"https:\\\/\\\/www.facebook.com\\\/universoesportivo.net\"]},{\"@type\":\"Person\",\"@id\":\"https:\\\/\\\/universoesportivo.net\\\/#\\\/schema\\\/person\\\/62bc311bc7def56a6bc83711536e74bd\",\"name\":\"Tiago Lotto\",\"image\":{\"@type\":\"ImageObject\",\"inLanguage\":\"pt-BR\",\"@id\":\"https:\\\/\\\/secure.gravatar.com\\\/avatar\\\/fd6891125b3fb6ba0b794cd20c3398d5bb0fa20d2b9963a95f19470e5a6192f7?s=96&d=mm&r=g\",\"url\":\"https:\\\/\\\/secure.gravatar.com\\\/avatar\\\/fd6891125b3fb6ba0b794cd20c3398d5bb0fa20d2b9963a95f19470e5a6192f7?s=96&d=mm&r=g\",\"contentUrl\":\"https:\\\/\\\/secure.gravatar.com\\\/avatar\\\/fd6891125b3fb6ba0b794cd20c3398d5bb0fa20d2b9963a95f19470e5a6192f7?s=96&d=mm&r=g\",\"caption\":\"Tiago Lotto\"},\"url\":\"https:\\\/\\\/universoesportivo.net\\\/index.php\\\/author\\\/tiago-lotto\\\/\"}]}<\/script>\n<!-- \/ Yoast SEO plugin. -->","yoast_head_json":{"title":"Atleta da SMEL Catanduva, Eduardo Maccario fica em 3\u00ba lugar em Ara\u00e7atuba e intensifica prepara\u00e7\u00e3o para o Mundial de Triathlon em Abu Dhabi - Universo Esportivo","robots":{"index":"index","follow":"follow","max-snippet":"max-snippet:-1","max-image-preview":"max-image-preview:large","max-video-preview":"max-video-preview:-1"},"canonical":"https:\/\/universoesportivo.net\/index.php\/2026\/08\/31\/atleta-da-smel-catanduva-eduardo-maccario-fica-em-3o-lugar-em-aracatuba-e-intensifica-preparacao-para-o-mundial-de-triathlon-em-abu-dhabi\/","og_locale":"pt_BR","og_type":"article","og_title":"Atleta da SMEL Catanduva, Eduardo Maccario fica em 3\u00ba lugar em Ara\u00e7atuba e intensifica prepara\u00e7\u00e3o para o Mundial de Triathlon em Abu Dhabi - Universo Esportivo","og_description":"Apesar do empenho t\u00e9cnico e da dedica\u00e7\u00e3o nos treinos, o atleta enfrenta um desafio a mais rumo ao Mundial: os altos custos envolvidos na viagem aos Emirados \u00c1rabes Unidos. Por isso, Eduardo est\u00e1 em busca de patrocinadores que queiram apoiar sua trajet\u00f3ria e ajud\u00e1-lo a chegar em boas condi\u00e7\u00f5es \u00e0 disputa internacional.","og_url":"https:\/\/universoesportivo.net\/index.php\/2026\/08\/31\/atleta-da-smel-catanduva-eduardo-maccario-fica-em-3o-lugar-em-aracatuba-e-intensifica-preparacao-para-o-mundial-de-triathlon-em-abu-dhabi\/","og_site_name":"Universo Esportivo","article_publisher":"https:\/\/www.facebook.com\/universoesportivo.net","article_published_time":"2026-08-31T18:00:14+00:00","article_modified_time":"2026-08-31T18:00:15+00:00","og_image":[{"width":400,"height":335,"url":"https:\/\/universoesportivo.net\/wp-content\/uploads\/2026\/08\/tiete1.jpg","type":"image\/jpeg"}],"author":"Tiago Lotto","twitter_card":"summary_large_image","twitter_misc":{"Escrito por":"Tiago Lotto","Est. tempo de leitura":"3 minutos"},"schema":{"@context":"https:\/\/schema.org","@graph":[{"@type":"Article","@id":"https:\/\/universoesportivo.net\/index.php\/2026\/08\/31\/atleta-da-smel-catanduva-eduardo-maccario-fica-em-3o-lugar-em-aracatuba-e-intensifica-preparacao-para-o-mundial-de-triathlon-em-abu-dhabi\/#article","isPartOf":{"@id":"https:\/\/universoesportivo.net\/index.php\/2026\/08\/31\/atleta-da-smel-catanduva-eduardo-maccario-fica-em-3o-lugar-em-aracatuba-e-intensifica-preparacao-para-o-mundial-de-triathlon-em-abu-dhabi\/"},"author":{"name":"Tiago Lotto","@id":"https:\/\/universoesportivo.net\/#\/schema\/person\/62bc311bc7def56a6bc83711536e74bd"},"headline":"Atleta da SMEL Catanduva, Eduardo Maccario fica em 3\u00ba lugar em Ara\u00e7atuba e intensifica prepara\u00e7\u00e3o para o Mundial de Triathlon em Abu Dhabi","datePublished":"2026-08-31T18:00:14+00:00","dateModified":"2026-08-31T18:00:15+00:00","mainEntityOfPage":{"@id":"https:\/\/universoesportivo.net\/index.php\/2026\/08\/31\/atleta-da-smel-catanduva-eduardo-maccario-fica-em-3o-lugar-em-aracatuba-e-intensifica-preparacao-para-o-mundial-de-triathlon-em-abu-dhabi\/"},"wordCount":425,"commentCount":0,"publisher":{"@id":"https:\/\/universoesportivo.net\/#organization"},"image":{"@id":"https:\/\/universoesportivo.net\/index.php\/2026\/08\/31\/atleta-da-smel-catanduva-eduardo-maccario-fica-em-3o-lugar-em-aracatuba-e-intensifica-preparacao-para-o-mundial-de-triathlon-em-abu-dhabi\/#primaryimage"},"thumbnailUrl":"https:\/\/universoesportivo.net\/wp-content\/uploads\/2026\/08\/tiete1.jpg","articleSection":["Competi\u00e7\u00f5es","ESPORTES"],"inLanguage":"pt-BR","potentialAction":[{"@type":"CommentAction","name":"Comment","target":["https:\/\/universoesportivo.net\/index.php\/2026\/08\/31\/atleta-da-smel-catanduva-eduardo-maccario-fica-em-3o-lugar-em-aracatuba-e-intensifica-preparacao-para-o-mundial-de-triathlon-em-abu-dhabi\/#respond"]}]},{"@type":"WebPage","@id":"https:\/\/universoesportivo.net\/index.php\/2026\/08\/31\/atleta-da-smel-catanduva-eduardo-maccario-fica-em-3o-lugar-em-aracatuba-e-intensifica-preparacao-para-o-mundial-de-triathlon-em-abu-dhabi\/","url":"https:\/\/universoesportivo.net\/index.php\/2026\/08\/31\/atleta-da-smel-catanduva-eduardo-maccario-fica-em-3o-lugar-em-aracatuba-e-intensifica-preparacao-para-o-mundial-de-triathlon-em-abu-dhabi\/","name":"Atleta da SMEL Catanduva, Eduardo Maccario fica em 3\u00ba lugar em Ara\u00e7atuba e intensifica prepara\u00e7\u00e3o para o Mundial de Triathlon em Abu Dhabi - Universo Esportivo","isPartOf":{"@id":"https:\/\/universoesportivo.net\/#website"},"primaryImageOfPage":{"@id":"https:\/\/universoesportivo.net\/index.php\/2026\/08\/31\/atleta-da-smel-catanduva-eduardo-maccario-fica-em-3o-lugar-em-aracatuba-e-intensifica-preparacao-para-o-mundial-de-triathlon-em-abu-dhabi\/#primaryimage"},"image":{"@id":"https:\/\/universoesportivo.net\/index.php\/2026\/08\/31\/atleta-da-smel-catanduva-eduardo-maccario-fica-em-3o-lugar-em-aracatuba-e-intensifica-preparacao-para-o-mundial-de-triathlon-em-abu-dhabi\/#primaryimage"},"thumbnailUrl":"https:\/\/universoesportivo.net\/wp-content\/uploads\/2026\/08\/tiete1.jpg","datePublished":"2026-08-31T18:00:14+00:00","dateModified":"2026-08-31T18:00:15+00:00","breadcrumb":{"@id":"https:\/\/universoesportivo.net\/index.php\/2026\/08\/31\/atleta-da-smel-catanduva-eduardo-maccario-fica-em-3o-lugar-em-aracatuba-e-intensifica-preparacao-para-o-mundial-de-triathlon-em-abu-dhabi\/#breadcrumb"},"inLanguage":"pt-BR","potentialAction":[{"@type":"ReadAction","target":["https:\/\/universoesportivo.net\/index.php\/2026\/08\/31\/atleta-da-smel-catanduva-eduardo-maccario-fica-em-3o-lugar-em-aracatuba-e-intensifica-preparacao-para-o-mundial-de-triathlon-em-abu-dhabi\/"]}]},{"@type":"ImageObject","inLanguage":"pt-BR","@id":"https:\/\/universoesportivo.net\/index.php\/2026\/08\/31\/atleta-da-smel-catanduva-eduardo-maccario-fica-em-3o-lugar-em-aracatuba-e-intensifica-preparacao-para-o-mundial-de-triathlon-em-abu-dhabi\/#primaryimage","url":"https:\/\/universoesportivo.net\/wp-content\/uploads\/2026\/08\/tiete1.jpg","contentUrl":"https:\/\/universoesportivo.net\/wp-content\/uploads\/2026\/08\/tiete1.jpg","width":400,"height":335},{"@type":"BreadcrumbList","@id":"https:\/\/universoesportivo.net\/index.php\/2026\/08\/31\/atleta-da-smel-catanduva-eduardo-maccario-fica-em-3o-lugar-em-aracatuba-e-intensifica-preparacao-para-o-mundial-de-triathlon-em-abu-dhabi\/#breadcrumb","itemListElement":[{"@type":"ListItem","position":1,"name":"In\u00edcio","item":"https:\/\/universoesportivo.net\/"},{"@type":"ListItem","position":2,"name":"Atleta da SMEL Catanduva, Eduardo Maccario fica em 3\u00ba lugar em Ara\u00e7atuba e intensifica prepara\u00e7\u00e3o para o Mundial de Triathlon em Abu Dhabi"}]},{"@type":"WebSite","@id":"https:\/\/universoesportivo.net\/#website","url":"https:\/\/universoesportivo.net\/","name":"Universo Esportivo","description":"O portal de todas as modalidades esportivas!","publisher":{"@id":"https:\/\/universoesportivo.net\/#organization"},"alternateName":"Jornalista Tiago Contador Lotto","potentialAction":[{"@type":"SearchAction","target":{"@type":"EntryPoint","urlTemplate":"https:\/\/universoesportivo.net\/?s={search_term_string}"},"query-input":{"@type":"PropertyValueSpecification","valueRequired":true,"valueName":"search_term_string"}}],"inLanguage":"pt-BR"},{"@type":"Organization","@id":"https:\/\/universoesportivo.net\/#organization","name":"Universo Esportivo","alternateName":"Tiago Lotto","url":"https:\/\/universoesportivo.net\/","logo":{"@type":"ImageObject","inLanguage":"pt-BR","@id":"https:\/\/universoesportivo.net\/#\/schema\/logo\/image\/","url":"https:\/\/universoesportivo.net\/wp-content\/uploads\/2024\/05\/cropped-cropped-universo-6.png","contentUrl":"https:\/\/universoesportivo.net\/wp-content\/uploads\/2024\/05\/cropped-cropped-universo-6.png","width":413,"height":295,"caption":"Universo Esportivo"},"image":{"@id":"https:\/\/universoesportivo.net\/#\/schema\/logo\/image\/"},"sameAs":["https:\/\/www.facebook.com\/universoesportivo.net"]},{"@type":"Person","@id":"https:\/\/universoesportivo.net\/#\/schema\/person\/62bc311bc7def56a6bc83711536e74bd","name":"Tiago Lotto","image":{"@type":"ImageObject","inLanguage":"pt-BR","@id":"https:\/\/secure.gravatar.com\/avatar\/fd6891125b3fb6ba0b794cd20c3398d5bb0fa20d2b9963a95f19470e5a6192f7?s=96&d=mm&r=g","url":"https:\/\/secure.gravatar.com\/avatar\/fd6891125b3fb6ba0b794cd20c3398d5bb0fa20d2b9963a95f19470e5a6192f7?s=96&d=mm&r=g","contentUrl":"https:\/\/secure.gravatar.com\/avatar\/fd6891125b3fb6ba0b794cd20c3398d5bb0fa20d2b9963a95f19470e5a6192f7?s=96&d=mm&r=g","caption":"Tiago Lotto"},"url":"https:\/\/universoesportivo.net\/index.php\/author\/tiago-lotto\/"}]}},"jetpack_featured_media_url":"https:\/\/universoesportivo.net\/wp-content\/uploads\/2026\/08\/tiete1.jpg","_links":{"self":[{"href":"https:\/\/universoesportivo.net\/index.php\/wp-json\/wp\/v2\/posts\/3154","targetHints":{"allow":["GET"]}}],"collection":[{"href":"https:\/\/universoesportivo.net\/index.php\/wp-json\/wp\/v2\/posts"}],"about":[{"href":"https:\/\/universoesportivo.net\/index.php\/wp-json\/wp\/v2\/types\/post"}],"author":[{"embeddable":true,"href":"https:\/\/universoesportivo.net\/index.php\/wp-json\/wp\/v2\/users\/2"}],"replies":[{"embeddable":true,"href":"https:\/\/universoesportivo.net\/index.php\/wp-json\/wp\/v2\/comments?post=3154"}],"version-history":[{"count":1,"href":"https:\/\/universoesportivo.net\/index.php\/wp-json\/wp\/v2\/posts\/3154\/revisions"}],"predecessor-version":[{"id":3158,"href":"https:\/\/universoesportivo.net\/index.php\/wp-json\/wp\/v2\/posts\/3154\/revisions\/3158"}],"wp:featuredmedia":[{"embeddable":true,"href":"https:\/\/universoesportivo.net\/index.php\/wp-json\/wp\/v2\/media\/3155"}],"wp:attachment":[{"href":"https:\/\/universoesportivo.net\/index.php\/wp-json\/wp\/v2\/media?parent=3154"}],"wp:term":[{"taxonomy":"category","embeddable":true,"href":"https:\/\/universoesportivo.net\/index.php\/wp-json\/wp\/v2\/categories?post=3154"},{"taxonomy":"post_tag","embeddable":true,"href":"https:\/\/universoesportivo.net\/index.php\/wp-json\/wp\/v2\/tags?post=3154"}],"curies":[{"name":"wp","href":"https:\/\/api.w.org\/{rel}","templated":true}]}}