{"id":832,"date":"2024-04-27T13:12:39","date_gmt":"2024-04-27T16:12:39","guid":{"rendered":"https:\/\/universoesportivo.net\/?p=832"},"modified":"2024-05-03T21:34:02","modified_gmt":"2024-05-04T00:34:02","slug":"atleta-de-birigui-disputa-a-principal-liga-de-volei-da-franca","status":"publish","type":"post","link":"https:\/\/universoesportivo.net\/index.php\/2024\/04\/27\/atleta-de-birigui-disputa-a-principal-liga-de-volei-da-franca\/","title":{"rendered":"Atleta de Birigui disputa a principal liga de v\u00f4lei da Fran\u00e7a"},"content":{"rendered":"\n<p class=\"has-medium-font-size\">Aos 25 anos de idade, o atleta Victor Alexsander Almeida Cardoso, ou simplesmente Victor Birigui, est\u00e1 disputando a principal liga francesa de v\u00f4lei. Revelado na escolinha de v\u00f4lei da Prefeitura de Birigui, onde come\u00e7ou a treinar com 9 anos de idade, Victor joga como ponteiro e atualmente defende o Chaumont Volley-Ball 52, time profissional da cidade de Chaumont, interior da Fran\u00e7a.<\/p>\n\n\n\n<p class=\"has-medium-font-size\">Ainda jovem, ap\u00f3s ser aprovado em avalia\u00e7\u00e3o no Sesi S\u00e3o Paulo, Victor deixou Birigui e passou a defender o time da capital paulista. Antes de se tornar profissional, passou por todas as categorias da base da Sele\u00e7\u00e3o Brasileira. Chegou a jogar no Itapetininga e no AVP do Mato Grosso do Sul, por\u00e9m retornou ao Sesi, onde passou a ser atleta profissional.<\/p>\n\n\n\n<p class=\"has-medium-font-size\">Nas temporadas de 2020 e 2021 o ponteiro foi para a It\u00e1lia, onde jogou pelo Vibo Valentia. Ele tamb\u00e9m j\u00e1 foi convocado para defender a Sele\u00e7\u00e3o Brasileira de V\u00f4lei principal.<\/p>\n\n\n\n<p class=\"has-medium-font-size\">Ap\u00f3s sua experi\u00eancia na It\u00e1lia, Victor retornou ao Brasil, novamente ao Sesi S\u00e3o Paulo. Ap\u00f3s se destacar no time paulista, uma nova oportunidade surgiu na Europa. O atleta foi contratado pelo Chaumont e mudou para a Fran\u00e7a.<\/p>\n\n\n\n<p class=\"has-medium-font-size\">\u201cEstamos disputando a principal liga do pa\u00eds e garantimos classifica\u00e7\u00e3o para as quartas de final. Aqui os jogos s\u00e3o de quarta-feira e aos s\u00e1bados\u201d, falou Victor \u00e0 reportagem do Universo Esportivo. O atleta biriguiense est\u00e1 entre os dez maiores pontuadores da liga francesa, que re\u00fane atleta de v\u00e1rios pa\u00edses.<\/p>\n\n\n\n<p class=\"has-medium-font-size\">Em seu time, al\u00e9m dos atletas franceses, Victor Birigui joga com atletas da Argentina, Estados Unidos, Rep\u00fablica Tcheca, Cro\u00e1cia e Finl\u00e2ndia. O t\u00e9cnico \u00e9 da It\u00e1lia.<\/p>\n\n\n\n<p class=\"has-medium-font-size\">FAM\u00cdLIA \u2013 Victor \u00e9 o ca\u00e7ula de uma fam\u00edlia que ama o v\u00f4lei. Seu pai, Gilmar Ferreira Cardoso, \u00e9 ex-jogador e atualmente t\u00e9cnico da modalidade na Prefeitura de Birigui.<\/p>\n\n\n\n<p class=\"has-medium-font-size\">J\u00e1 o irm\u00e3o mais velho, Leonardo Almeida Cardoso, o L\u00e9o, tamb\u00e9m \u00e9 atleta profissional, chegando a jogar na Espanha. L\u00e9o tamb\u00e9m jogou pelo Sesi e passou por v\u00e1rios times do Brasil. Ele tamb\u00e9m iniciou sua carreira ainda crian\u00e7a na Escolinha de V\u00f4lei da Prefeitura de Birigui.<\/p>\n","protected":false},"excerpt":{"rendered":"<p>Ponteiro j\u00e1 jogou na It\u00e1lia e no Sesi\/SP. In\u00edcio da carreira foi na escolinha de v\u00f4lei da Prefeitura de Birigui, interior de S\u00e3o Paulo.<\/p>\n","protected":false},"author":2,"featured_media":836,"comment_status":"closed","ping_status":"open","sticky":false,"template":"","format":"standard","meta":{"colormag_page_container_layout":"default_layout","colormag_page_sidebar_layout":"default_layout","footnotes":""},"categories":[17,44],"tags":[],"class_list":["post-832","post","type-post","status-publish","format-standard","has-post-thumbnail","hentry","category-esportes","category-volei"],"magazineBlocksPostFeaturedMedia":{"thumbnail":"https:\/\/universoesportivo.net\/wp-content\/uploads\/2024\/04\/imagem-fundo-branco-150x150.jpg","medium":"https:\/\/universoesportivo.net\/wp-content\/uploads\/2024\/04\/imagem-fundo-branco-300x169.jpg","medium_large":"https:\/\/universoesportivo.net\/wp-content\/uploads\/2024\/04\/imagem-fundo-branco-768x432.jpg","large":"https:\/\/universoesportivo.net\/wp-content\/uploads\/2024\/04\/imagem-fundo-branco-1024x576.jpg","1536x1536":"https:\/\/universoesportivo.net\/wp-content\/uploads\/2024\/04\/imagem-fundo-branco-1536x864.jpg","2048x2048":"https:\/\/universoesportivo.net\/wp-content\/uploads\/2024\/04\/imagem-fundo-branco-2048x1152.jpg","trp-custom-language-flag":"https:\/\/universoesportivo.net\/wp-content\/uploads\/2024\/04\/imagem-fundo-branco-scaled.jpg","colormag-highlighted-post":"https:\/\/universoesportivo.net\/wp-content\/uploads\/2024\/04\/imagem-fundo-branco-392x272.jpg","colormag-featured-post-medium":"https:\/\/universoesportivo.net\/wp-content\/uploads\/2024\/04\/imagem-fundo-branco-390x205.jpg","colormag-featured-post-small":"https:\/\/universoesportivo.net\/wp-content\/uploads\/2024\/04\/imagem-fundo-branco-130x90.jpg","colormag-featured-image":"https:\/\/universoesportivo.net\/wp-content\/uploads\/2024\/04\/imagem-fundo-branco-800x445.jpg","colormag-default-news":"https:\/\/universoesportivo.net\/wp-content\/uploads\/2024\/04\/imagem-fundo-branco-150x150.jpg","colormag-featured-image-large":"https:\/\/universoesportivo.net\/wp-content\/uploads\/2024\/04\/imagem-fundo-branco-1400x600.jpg","colormag-elementor-block-extra-large-thumbnail":"https:\/\/universoesportivo.net\/wp-content\/uploads\/2024\/04\/imagem-fundo-branco-1155x480.jpg","colormag-elementor-grid-large-thumbnail":"https:\/\/universoesportivo.net\/wp-content\/uploads\/2024\/04\/imagem-fundo-branco-600x417.jpg","colormag-elementor-grid-small-thumbnail":"https:\/\/universoesportivo.net\/wp-content\/uploads\/2024\/04\/imagem-fundo-branco-285x450.jpg","colormag-elementor-grid-medium-large-thumbnail":"https:\/\/universoesportivo.net\/wp-content\/uploads\/2024\/04\/imagem-fundo-branco-575x198.jpg"},"magazineBlocksPostAuthor":{"name":"Tiago Lotto","avatar":"https:\/\/secure.gravatar.com\/avatar\/fd6891125b3fb6ba0b794cd20c3398d5bb0fa20d2b9963a95f19470e5a6192f7?s=96&d=mm&r=g"},"magazineBlocksPostCommentsNumber":false,"magazineBlocksPostExcerpt":"Ponteiro j\u00e1 jogou na It\u00e1lia e no Sesi\/SP. In\u00edcio da carreira foi na escolinha de v\u00f4lei da Prefeitura de Birigui, interior de S\u00e3o Paulo.","magazineBlocksPostCategories":["ESPORTES","Vol\u00eai"],"magazineBlocksPostViewCount":40,"magazineBlocksPostReadTime":2,"magazine_blocks_featured_image_url":{"full":["https:\/\/universoesportivo.net\/wp-content\/uploads\/2024\/04\/imagem-fundo-branco-scaled.jpg",2560,1440,false],"medium":["https:\/\/universoesportivo.net\/wp-content\/uploads\/2024\/04\/imagem-fundo-branco-300x169.jpg",300,169,true],"thumbnail":["https:\/\/universoesportivo.net\/wp-content\/uploads\/2024\/04\/imagem-fundo-branco-150x150.jpg",150,150,true]},"magazine_blocks_author":{"display_name":"Tiago Lotto","author_link":"https:\/\/universoesportivo.net\/index.php\/author\/tiago-lotto\/"},"magazine_blocks_comment":0,"magazine_blocks_author_image":"https:\/\/secure.gravatar.com\/avatar\/fd6891125b3fb6ba0b794cd20c3398d5bb0fa20d2b9963a95f19470e5a6192f7?s=96&d=mm&r=g","magazine_blocks_category":"<a href=\"#\" class=\"category-link category-link-17\">ESPORTES<\/a> <a href=\"#\" class=\"category-link category-link-44\">Vol\u00eai<\/a>","yoast_head":"<!-- This site is optimized with the Yoast SEO plugin v27.4 - https:\/\/yoast.com\/product\/yoast-seo-wordpress\/ -->\n<title>Atleta de Birigui disputa a principal liga de v\u00f4lei da Fran\u00e7a - Universo Esportivo<\/title>\n<meta name=\"robots\" content=\"index, follow, max-snippet:-1, max-image-preview:large, max-video-preview:-1\" \/>\n<link rel=\"canonical\" href=\"https:\/\/universoesportivo.net\/index.php\/2024\/04\/27\/atleta-de-birigui-disputa-a-principal-liga-de-volei-da-franca\/\" \/>\n<meta property=\"og:locale\" content=\"pt_BR\" \/>\n<meta property=\"og:type\" content=\"article\" \/>\n<meta property=\"og:title\" content=\"Atleta de Birigui disputa a principal liga de v\u00f4lei da Fran\u00e7a - Universo Esportivo\" \/>\n<meta property=\"og:description\" content=\"Ponteiro j\u00e1 jogou na It\u00e1lia e no Sesi\/SP. In\u00edcio da carreira foi na escolinha de v\u00f4lei da Prefeitura de Birigui, interior de S\u00e3o Paulo.\" \/>\n<meta property=\"og:url\" content=\"https:\/\/universoesportivo.net\/index.php\/2024\/04\/27\/atleta-de-birigui-disputa-a-principal-liga-de-volei-da-franca\/\" \/>\n<meta property=\"og:site_name\" content=\"Universo Esportivo\" \/>\n<meta property=\"article:publisher\" content=\"https:\/\/www.facebook.com\/universoesportivo.net\" \/>\n<meta property=\"article:published_time\" content=\"2024-04-27T16:12:39+00:00\" \/>\n<meta property=\"article:modified_time\" content=\"2024-05-04T00:34:02+00:00\" \/>\n<meta property=\"og:image\" content=\"https:\/\/universoesportivo.net\/wp-content\/uploads\/2024\/04\/imagem-fundo-branco-scaled.jpg\" \/>\n\t<meta property=\"og:image:width\" content=\"2560\" \/>\n\t<meta property=\"og:image:height\" content=\"1440\" \/>\n\t<meta property=\"og:image:type\" content=\"image\/jpeg\" \/>\n<meta name=\"author\" content=\"Tiago Lotto\" \/>\n<meta name=\"twitter:card\" content=\"summary_large_image\" \/>\n<meta name=\"twitter:label1\" content=\"Escrito por\" \/>\n\t<meta name=\"twitter:data1\" content=\"Tiago Lotto\" \/>\n\t<meta name=\"twitter:label2\" content=\"Est. tempo de leitura\" \/>\n\t<meta name=\"twitter:data2\" content=\"2 minutos\" \/>\n<script type=\"application\/ld+json\" class=\"yoast-schema-graph\">{\"@context\":\"https:\\\/\\\/schema.org\",\"@graph\":[{\"@type\":\"Article\",\"@id\":\"https:\\\/\\\/universoesportivo.net\\\/index.php\\\/2024\\\/04\\\/27\\\/atleta-de-birigui-disputa-a-principal-liga-de-volei-da-franca\\\/#article\",\"isPartOf\":{\"@id\":\"https:\\\/\\\/universoesportivo.net\\\/index.php\\\/2024\\\/04\\\/27\\\/atleta-de-birigui-disputa-a-principal-liga-de-volei-da-franca\\\/\"},\"author\":{\"name\":\"Tiago Lotto\",\"@id\":\"https:\\\/\\\/universoesportivo.net\\\/#\\\/schema\\\/person\\\/62bc311bc7def56a6bc83711536e74bd\"},\"headline\":\"Atleta de Birigui disputa a principal liga de v\u00f4lei da Fran\u00e7a\",\"datePublished\":\"2024-04-27T16:12:39+00:00\",\"dateModified\":\"2024-05-04T00:34:02+00:00\",\"mainEntityOfPage\":{\"@id\":\"https:\\\/\\\/universoesportivo.net\\\/index.php\\\/2024\\\/04\\\/27\\\/atleta-de-birigui-disputa-a-principal-liga-de-volei-da-franca\\\/\"},\"wordCount\":387,\"publisher\":{\"@id\":\"https:\\\/\\\/universoesportivo.net\\\/#organization\"},\"image\":{\"@id\":\"https:\\\/\\\/universoesportivo.net\\\/index.php\\\/2024\\\/04\\\/27\\\/atleta-de-birigui-disputa-a-principal-liga-de-volei-da-franca\\\/#primaryimage\"},\"thumbnailUrl\":\"https:\\\/\\\/universoesportivo.net\\\/wp-content\\\/uploads\\\/2024\\\/04\\\/imagem-fundo-branco-scaled.jpg\",\"articleSection\":[\"ESPORTES\",\"Vol\u00eai\"],\"inLanguage\":\"pt-BR\"},{\"@type\":\"WebPage\",\"@id\":\"https:\\\/\\\/universoesportivo.net\\\/index.php\\\/2024\\\/04\\\/27\\\/atleta-de-birigui-disputa-a-principal-liga-de-volei-da-franca\\\/\",\"url\":\"https:\\\/\\\/universoesportivo.net\\\/index.php\\\/2024\\\/04\\\/27\\\/atleta-de-birigui-disputa-a-principal-liga-de-volei-da-franca\\\/\",\"name\":\"Atleta de Birigui disputa a principal liga de v\u00f4lei da Fran\u00e7a - Universo Esportivo\",\"isPartOf\":{\"@id\":\"https:\\\/\\\/universoesportivo.net\\\/#website\"},\"primaryImageOfPage\":{\"@id\":\"https:\\\/\\\/universoesportivo.net\\\/index.php\\\/2024\\\/04\\\/27\\\/atleta-de-birigui-disputa-a-principal-liga-de-volei-da-franca\\\/#primaryimage\"},\"image\":{\"@id\":\"https:\\\/\\\/universoesportivo.net\\\/index.php\\\/2024\\\/04\\\/27\\\/atleta-de-birigui-disputa-a-principal-liga-de-volei-da-franca\\\/#primaryimage\"},\"thumbnailUrl\":\"https:\\\/\\\/universoesportivo.net\\\/wp-content\\\/uploads\\\/2024\\\/04\\\/imagem-fundo-branco-scaled.jpg\",\"datePublished\":\"2024-04-27T16:12:39+00:00\",\"dateModified\":\"2024-05-04T00:34:02+00:00\",\"breadcrumb\":{\"@id\":\"https:\\\/\\\/universoesportivo.net\\\/index.php\\\/2024\\\/04\\\/27\\\/atleta-de-birigui-disputa-a-principal-liga-de-volei-da-franca\\\/#breadcrumb\"},\"inLanguage\":\"pt-BR\",\"potentialAction\":[{\"@type\":\"ReadAction\",\"target\":[\"https:\\\/\\\/universoesportivo.net\\\/index.php\\\/2024\\\/04\\\/27\\\/atleta-de-birigui-disputa-a-principal-liga-de-volei-da-franca\\\/\"]}]},{\"@type\":\"ImageObject\",\"inLanguage\":\"pt-BR\",\"@id\":\"https:\\\/\\\/universoesportivo.net\\\/index.php\\\/2024\\\/04\\\/27\\\/atleta-de-birigui-disputa-a-principal-liga-de-volei-da-franca\\\/#primaryimage\",\"url\":\"https:\\\/\\\/universoesportivo.net\\\/wp-content\\\/uploads\\\/2024\\\/04\\\/imagem-fundo-branco-scaled.jpg\",\"contentUrl\":\"https:\\\/\\\/universoesportivo.net\\\/wp-content\\\/uploads\\\/2024\\\/04\\\/imagem-fundo-branco-scaled.jpg\",\"width\":2560,\"height\":1440},{\"@type\":\"BreadcrumbList\",\"@id\":\"https:\\\/\\\/universoesportivo.net\\\/index.php\\\/2024\\\/04\\\/27\\\/atleta-de-birigui-disputa-a-principal-liga-de-volei-da-franca\\\/#breadcrumb\",\"itemListElement\":[{\"@type\":\"ListItem\",\"position\":1,\"name\":\"In\u00edcio\",\"item\":\"https:\\\/\\\/universoesportivo.net\\\/\"},{\"@type\":\"ListItem\",\"position\":2,\"name\":\"Atleta de Birigui disputa a principal liga de v\u00f4lei da Fran\u00e7a\"}]},{\"@type\":\"WebSite\",\"@id\":\"https:\\\/\\\/universoesportivo.net\\\/#website\",\"url\":\"https:\\\/\\\/universoesportivo.net\\\/\",\"name\":\"Universo Esportivo\",\"description\":\"O portal de todas as modalidades esportivas!\",\"publisher\":{\"@id\":\"https:\\\/\\\/universoesportivo.net\\\/#organization\"},\"alternateName\":\"Jornalista Tiago Contador Lotto\",\"potentialAction\":[{\"@type\":\"SearchAction\",\"target\":{\"@type\":\"EntryPoint\",\"urlTemplate\":\"https:\\\/\\\/universoesportivo.net\\\/?s={search_term_string}\"},\"query-input\":{\"@type\":\"PropertyValueSpecification\",\"valueRequired\":true,\"valueName\":\"search_term_string\"}}],\"inLanguage\":\"pt-BR\"},{\"@type\":\"Organization\",\"@id\":\"https:\\\/\\\/universoesportivo.net\\\/#organization\",\"name\":\"Universo Esportivo\",\"alternateName\":\"Tiago Lotto\",\"url\":\"https:\\\/\\\/universoesportivo.net\\\/\",\"logo\":{\"@type\":\"ImageObject\",\"inLanguage\":\"pt-BR\",\"@id\":\"https:\\\/\\\/universoesportivo.net\\\/#\\\/schema\\\/logo\\\/image\\\/\",\"url\":\"https:\\\/\\\/universoesportivo.net\\\/wp-content\\\/uploads\\\/2024\\\/05\\\/cropped-cropped-universo-6.png\",\"contentUrl\":\"https:\\\/\\\/universoesportivo.net\\\/wp-content\\\/uploads\\\/2024\\\/05\\\/cropped-cropped-universo-6.png\",\"width\":413,\"height\":295,\"caption\":\"Universo Esportivo\"},\"image\":{\"@id\":\"https:\\\/\\\/universoesportivo.net\\\/#\\\/schema\\\/logo\\\/image\\\/\"},\"sameAs\":[\"https:\\\/\\\/www.facebook.com\\\/universoesportivo.net\"]},{\"@type\":\"Person\",\"@id\":\"https:\\\/\\\/universoesportivo.net\\\/#\\\/schema\\\/person\\\/62bc311bc7def56a6bc83711536e74bd\",\"name\":\"Tiago Lotto\",\"image\":{\"@type\":\"ImageObject\",\"inLanguage\":\"pt-BR\",\"@id\":\"https:\\\/\\\/secure.gravatar.com\\\/avatar\\\/fd6891125b3fb6ba0b794cd20c3398d5bb0fa20d2b9963a95f19470e5a6192f7?s=96&d=mm&r=g\",\"url\":\"https:\\\/\\\/secure.gravatar.com\\\/avatar\\\/fd6891125b3fb6ba0b794cd20c3398d5bb0fa20d2b9963a95f19470e5a6192f7?s=96&d=mm&r=g\",\"contentUrl\":\"https:\\\/\\\/secure.gravatar.com\\\/avatar\\\/fd6891125b3fb6ba0b794cd20c3398d5bb0fa20d2b9963a95f19470e5a6192f7?s=96&d=mm&r=g\",\"caption\":\"Tiago Lotto\"},\"url\":\"https:\\\/\\\/universoesportivo.net\\\/index.php\\\/author\\\/tiago-lotto\\\/\"}]}<\/script>\n<!-- \/ Yoast SEO plugin. -->","yoast_head_json":{"title":"Atleta de Birigui disputa a principal liga de v\u00f4lei da Fran\u00e7a - Universo Esportivo","robots":{"index":"index","follow":"follow","max-snippet":"max-snippet:-1","max-image-preview":"max-image-preview:large","max-video-preview":"max-video-preview:-1"},"canonical":"https:\/\/universoesportivo.net\/index.php\/2024\/04\/27\/atleta-de-birigui-disputa-a-principal-liga-de-volei-da-franca\/","og_locale":"pt_BR","og_type":"article","og_title":"Atleta de Birigui disputa a principal liga de v\u00f4lei da Fran\u00e7a - Universo Esportivo","og_description":"Ponteiro j\u00e1 jogou na It\u00e1lia e no Sesi\/SP. In\u00edcio da carreira foi na escolinha de v\u00f4lei da Prefeitura de Birigui, interior de S\u00e3o Paulo.","og_url":"https:\/\/universoesportivo.net\/index.php\/2024\/04\/27\/atleta-de-birigui-disputa-a-principal-liga-de-volei-da-franca\/","og_site_name":"Universo Esportivo","article_publisher":"https:\/\/www.facebook.com\/universoesportivo.net","article_published_time":"2024-04-27T16:12:39+00:00","article_modified_time":"2024-05-04T00:34:02+00:00","og_image":[{"width":2560,"height":1440,"url":"https:\/\/universoesportivo.net\/wp-content\/uploads\/2024\/04\/imagem-fundo-branco-scaled.jpg","type":"image\/jpeg"}],"author":"Tiago Lotto","twitter_card":"summary_large_image","twitter_misc":{"Escrito por":"Tiago Lotto","Est. tempo de leitura":"2 minutos"},"schema":{"@context":"https:\/\/schema.org","@graph":[{"@type":"Article","@id":"https:\/\/universoesportivo.net\/index.php\/2024\/04\/27\/atleta-de-birigui-disputa-a-principal-liga-de-volei-da-franca\/#article","isPartOf":{"@id":"https:\/\/universoesportivo.net\/index.php\/2024\/04\/27\/atleta-de-birigui-disputa-a-principal-liga-de-volei-da-franca\/"},"author":{"name":"Tiago Lotto","@id":"https:\/\/universoesportivo.net\/#\/schema\/person\/62bc311bc7def56a6bc83711536e74bd"},"headline":"Atleta de Birigui disputa a principal liga de v\u00f4lei da Fran\u00e7a","datePublished":"2024-04-27T16:12:39+00:00","dateModified":"2024-05-04T00:34:02+00:00","mainEntityOfPage":{"@id":"https:\/\/universoesportivo.net\/index.php\/2024\/04\/27\/atleta-de-birigui-disputa-a-principal-liga-de-volei-da-franca\/"},"wordCount":387,"publisher":{"@id":"https:\/\/universoesportivo.net\/#organization"},"image":{"@id":"https:\/\/universoesportivo.net\/index.php\/2024\/04\/27\/atleta-de-birigui-disputa-a-principal-liga-de-volei-da-franca\/#primaryimage"},"thumbnailUrl":"https:\/\/universoesportivo.net\/wp-content\/uploads\/2024\/04\/imagem-fundo-branco-scaled.jpg","articleSection":["ESPORTES","Vol\u00eai"],"inLanguage":"pt-BR"},{"@type":"WebPage","@id":"https:\/\/universoesportivo.net\/index.php\/2024\/04\/27\/atleta-de-birigui-disputa-a-principal-liga-de-volei-da-franca\/","url":"https:\/\/universoesportivo.net\/index.php\/2024\/04\/27\/atleta-de-birigui-disputa-a-principal-liga-de-volei-da-franca\/","name":"Atleta de Birigui disputa a principal liga de v\u00f4lei da Fran\u00e7a - Universo Esportivo","isPartOf":{"@id":"https:\/\/universoesportivo.net\/#website"},"primaryImageOfPage":{"@id":"https:\/\/universoesportivo.net\/index.php\/2024\/04\/27\/atleta-de-birigui-disputa-a-principal-liga-de-volei-da-franca\/#primaryimage"},"image":{"@id":"https:\/\/universoesportivo.net\/index.php\/2024\/04\/27\/atleta-de-birigui-disputa-a-principal-liga-de-volei-da-franca\/#primaryimage"},"thumbnailUrl":"https:\/\/universoesportivo.net\/wp-content\/uploads\/2024\/04\/imagem-fundo-branco-scaled.jpg","datePublished":"2024-04-27T16:12:39+00:00","dateModified":"2024-05-04T00:34:02+00:00","breadcrumb":{"@id":"https:\/\/universoesportivo.net\/index.php\/2024\/04\/27\/atleta-de-birigui-disputa-a-principal-liga-de-volei-da-franca\/#breadcrumb"},"inLanguage":"pt-BR","potentialAction":[{"@type":"ReadAction","target":["https:\/\/universoesportivo.net\/index.php\/2024\/04\/27\/atleta-de-birigui-disputa-a-principal-liga-de-volei-da-franca\/"]}]},{"@type":"ImageObject","inLanguage":"pt-BR","@id":"https:\/\/universoesportivo.net\/index.php\/2024\/04\/27\/atleta-de-birigui-disputa-a-principal-liga-de-volei-da-franca\/#primaryimage","url":"https:\/\/universoesportivo.net\/wp-content\/uploads\/2024\/04\/imagem-fundo-branco-scaled.jpg","contentUrl":"https:\/\/universoesportivo.net\/wp-content\/uploads\/2024\/04\/imagem-fundo-branco-scaled.jpg","width":2560,"height":1440},{"@type":"BreadcrumbList","@id":"https:\/\/universoesportivo.net\/index.php\/2024\/04\/27\/atleta-de-birigui-disputa-a-principal-liga-de-volei-da-franca\/#breadcrumb","itemListElement":[{"@type":"ListItem","position":1,"name":"In\u00edcio","item":"https:\/\/universoesportivo.net\/"},{"@type":"ListItem","position":2,"name":"Atleta de Birigui disputa a principal liga de v\u00f4lei da Fran\u00e7a"}]},{"@type":"WebSite","@id":"https:\/\/universoesportivo.net\/#website","url":"https:\/\/universoesportivo.net\/","name":"Universo Esportivo","description":"O portal de todas as modalidades esportivas!","publisher":{"@id":"https:\/\/universoesportivo.net\/#organization"},"alternateName":"Jornalista Tiago Contador Lotto","potentialAction":[{"@type":"SearchAction","target":{"@type":"EntryPoint","urlTemplate":"https:\/\/universoesportivo.net\/?s={search_term_string}"},"query-input":{"@type":"PropertyValueSpecification","valueRequired":true,"valueName":"search_term_string"}}],"inLanguage":"pt-BR"},{"@type":"Organization","@id":"https:\/\/universoesportivo.net\/#organization","name":"Universo Esportivo","alternateName":"Tiago Lotto","url":"https:\/\/universoesportivo.net\/","logo":{"@type":"ImageObject","inLanguage":"pt-BR","@id":"https:\/\/universoesportivo.net\/#\/schema\/logo\/image\/","url":"https:\/\/universoesportivo.net\/wp-content\/uploads\/2024\/05\/cropped-cropped-universo-6.png","contentUrl":"https:\/\/universoesportivo.net\/wp-content\/uploads\/2024\/05\/cropped-cropped-universo-6.png","width":413,"height":295,"caption":"Universo Esportivo"},"image":{"@id":"https:\/\/universoesportivo.net\/#\/schema\/logo\/image\/"},"sameAs":["https:\/\/www.facebook.com\/universoesportivo.net"]},{"@type":"Person","@id":"https:\/\/universoesportivo.net\/#\/schema\/person\/62bc311bc7def56a6bc83711536e74bd","name":"Tiago Lotto","image":{"@type":"ImageObject","inLanguage":"pt-BR","@id":"https:\/\/secure.gravatar.com\/avatar\/fd6891125b3fb6ba0b794cd20c3398d5bb0fa20d2b9963a95f19470e5a6192f7?s=96&d=mm&r=g","url":"https:\/\/secure.gravatar.com\/avatar\/fd6891125b3fb6ba0b794cd20c3398d5bb0fa20d2b9963a95f19470e5a6192f7?s=96&d=mm&r=g","contentUrl":"https:\/\/secure.gravatar.com\/avatar\/fd6891125b3fb6ba0b794cd20c3398d5bb0fa20d2b9963a95f19470e5a6192f7?s=96&d=mm&r=g","caption":"Tiago Lotto"},"url":"https:\/\/universoesportivo.net\/index.php\/author\/tiago-lotto\/"}]}},"jetpack_featured_media_url":"https:\/\/universoesportivo.net\/wp-content\/uploads\/2024\/04\/imagem-fundo-branco-scaled.jpg","_links":{"self":[{"href":"https:\/\/universoesportivo.net\/index.php\/wp-json\/wp\/v2\/posts\/832","targetHints":{"allow":["GET"]}}],"collection":[{"href":"https:\/\/universoesportivo.net\/index.php\/wp-json\/wp\/v2\/posts"}],"about":[{"href":"https:\/\/universoesportivo.net\/index.php\/wp-json\/wp\/v2\/types\/post"}],"author":[{"embeddable":true,"href":"https:\/\/universoesportivo.net\/index.php\/wp-json\/wp\/v2\/users\/2"}],"replies":[{"embeddable":true,"href":"https:\/\/universoesportivo.net\/index.php\/wp-json\/wp\/v2\/comments?post=832"}],"version-history":[{"count":3,"href":"https:\/\/universoesportivo.net\/index.php\/wp-json\/wp\/v2\/posts\/832\/revisions"}],"predecessor-version":[{"id":895,"href":"https:\/\/universoesportivo.net\/index.php\/wp-json\/wp\/v2\/posts\/832\/revisions\/895"}],"wp:featuredmedia":[{"embeddable":true,"href":"https:\/\/universoesportivo.net\/index.php\/wp-json\/wp\/v2\/media\/836"}],"wp:attachment":[{"href":"https:\/\/universoesportivo.net\/index.php\/wp-json\/wp\/v2\/media?parent=832"}],"wp:term":[{"taxonomy":"category","embeddable":true,"href":"https:\/\/universoesportivo.net\/index.php\/wp-json\/wp\/v2\/categories?post=832"},{"taxonomy":"post_tag","embeddable":true,"href":"https:\/\/universoesportivo.net\/index.php\/wp-json\/wp\/v2\/tags?post=832"}],"curies":[{"name":"wp","href":"https:\/\/api.w.org\/{rel}","templated":true}]}}