{"id":858,"date":"2024-01-10T13:21:00","date_gmt":"2024-01-10T16:21:00","guid":{"rendered":"https:\/\/universoesportivo.net\/?p=858"},"modified":"2024-05-03T21:48:44","modified_gmt":"2024-05-04T00:48:44","slug":"vitoria-na-2a-etapa-coloca-bernardo-gentil-na-vice-lideranca-da-copa-sao-paulo-light-de-kart","status":"publish","type":"post","link":"https:\/\/universoesportivo.net\/index.php\/2024\/01\/10\/vitoria-na-2a-etapa-coloca-bernardo-gentil-na-vice-lideranca-da-copa-sao-paulo-light-de-kart\/","title":{"rendered":"Vit\u00f3ria na 2\u00aa etapa coloca Bernardo Gentil na vice-lideran\u00e7a da Copa S\u00e3o Paulo Light de Kart"},"content":{"rendered":"\n<p class=\"has-medium-font-size\">O piloto Bernardo Gentil viveu uma \u00f3tima jornada neste final de semana no Kart\u00f3dromo de Interlagos, na capital paulista. Ap\u00f3s uma intensa programa\u00e7\u00e3o de treinos, tomada de tempos e a disputa de duas provas, o cearense radicado em Bras\u00edlia venceu a 2\u00aa etapa da Copa S\u00e3o Paulo Light, o principal campeonato estadual do kartismo brasileiro.<\/p>\n\n\n\n<p class=\"has-medium-font-size\">Sempre entre os tr\u00eas mais r\u00e1pidos nos treinos, Gentil foi o segundo colocado na tomada de tempos, apenas 51 mil\u00e9simos de segundos mais lento que o pole position, Yuri Morelli. Na primeira prova, entretanto, o piloto da equipe CRG Brasil recebeu um toque de um concorrente nos instantes iniciais da primeira volta, saiu da pista e caiu para a 9\u00aa posi\u00e7\u00e3o. Com boa recupera\u00e7\u00e3o, Bernardo superou sete concorrentes e terminou em segundo, 4 segundos atr\u00e1s de Morelli, o vencedor.<\/p>\n\n\n\n<p class=\"has-medium-font-size\">Largando em quarto na corrida seguinte em raz\u00e3o do grid invertido entre os cinco primeiros, Bernardo Gentil assumiu a lideran\u00e7a na segunda volta e, com uma pilotagem segura e sem erros, abriu dist\u00e2ncia de forma gradativa para vencer com 4,7 segundos de vantagem.<\/p>\n\n\n\n<p class=\"has-medium-font-size\">Assim, ap\u00f3s a soma dos pontos, Bernardo Gentil subiu no alto do p\u00f3dio como o vencedor da rodada e, mais do que isso, assumiu a vice-lideran\u00e7a da Copa S\u00e3o Paulo Light, com 19 pontos, apenas 1 atr\u00e1s de Theo Salom\u00e3o, o l\u00edder.<\/p>\n\n\n\n<p class=\"has-medium-font-size\">\u201cEstou muito feliz com as minhas atua\u00e7\u00f5es e, claro, com a vit\u00f3ria na etapa, fruto de muito trabalho de toda a equipe CRG Brasil\u201d, comemorou Bernardo Gentil. \u201cE, claro, estou muito animado para os meus pr\u00f3ximos compromissos, vencer sempre nos deixa ainda mais confiantes\u201d, finalizou<\/p>\n\n\n\n<p class=\"has-medium-font-size\">KG COM Assessoria de Comunica\u00e7\u00e3o &#8211; Erno Drehmer<\/p>\n","protected":false},"excerpt":{"rendered":"<p>Kart\u00f3dromo de Interlagos, em S\u00e3o Paulo, foi palco de uma excelente jornada ao piloto Bernardo, que assumiu a lideran\u00e7a da Copa SP.<\/p>\n","protected":false},"author":2,"featured_media":859,"comment_status":"closed","ping_status":"closed","sticky":false,"template":"","format":"standard","meta":{"colormag_page_container_layout":"default_layout","colormag_page_sidebar_layout":"default_layout","footnotes":""},"categories":[17,46],"tags":[],"class_list":["post-858","post","type-post","status-publish","format-standard","has-post-thumbnail","hentry","category-esportes","category-kart"],"magazineBlocksPostFeaturedMedia":{"thumbnail":"https:\/\/universoesportivo.net\/wp-content\/uploads\/2024\/04\/WhatsApp-Image-2024-04-30-at-13.20.19-150x150.jpeg","medium":"https:\/\/universoesportivo.net\/wp-content\/uploads\/2024\/04\/WhatsApp-Image-2024-04-30-at-13.20.19-300x200.jpeg","medium_large":"https:\/\/universoesportivo.net\/wp-content\/uploads\/2024\/04\/WhatsApp-Image-2024-04-30-at-13.20.19-768x512.jpeg","large":"https:\/\/universoesportivo.net\/wp-content\/uploads\/2024\/04\/WhatsApp-Image-2024-04-30-at-13.20.19.jpeg","1536x1536":"https:\/\/universoesportivo.net\/wp-content\/uploads\/2024\/04\/WhatsApp-Image-2024-04-30-at-13.20.19.jpeg","2048x2048":"https:\/\/universoesportivo.net\/wp-content\/uploads\/2024\/04\/WhatsApp-Image-2024-04-30-at-13.20.19.jpeg","trp-custom-language-flag":"https:\/\/universoesportivo.net\/wp-content\/uploads\/2024\/04\/WhatsApp-Image-2024-04-30-at-13.20.19.jpeg","colormag-highlighted-post":"https:\/\/universoesportivo.net\/wp-content\/uploads\/2024\/04\/WhatsApp-Image-2024-04-30-at-13.20.19-392x272.jpeg","colormag-featured-post-medium":"https:\/\/universoesportivo.net\/wp-content\/uploads\/2024\/04\/WhatsApp-Image-2024-04-30-at-13.20.19-390x205.jpeg","colormag-featured-post-small":"https:\/\/universoesportivo.net\/wp-content\/uploads\/2024\/04\/WhatsApp-Image-2024-04-30-at-13.20.19-130x90.jpeg","colormag-featured-image":"https:\/\/universoesportivo.net\/wp-content\/uploads\/2024\/04\/WhatsApp-Image-2024-04-30-at-13.20.19-800x445.jpeg","colormag-default-news":"https:\/\/universoesportivo.net\/wp-content\/uploads\/2024\/04\/WhatsApp-Image-2024-04-30-at-13.20.19-150x150.jpeg","colormag-featured-image-large":"https:\/\/universoesportivo.net\/wp-content\/uploads\/2024\/04\/WhatsApp-Image-2024-04-30-at-13.20.19-1024x600.jpeg","colormag-elementor-block-extra-large-thumbnail":"https:\/\/universoesportivo.net\/wp-content\/uploads\/2024\/04\/WhatsApp-Image-2024-04-30-at-13.20.19-1024x480.jpeg","colormag-elementor-grid-large-thumbnail":"https:\/\/universoesportivo.net\/wp-content\/uploads\/2024\/04\/WhatsApp-Image-2024-04-30-at-13.20.19-600x417.jpeg","colormag-elementor-grid-small-thumbnail":"https:\/\/universoesportivo.net\/wp-content\/uploads\/2024\/04\/WhatsApp-Image-2024-04-30-at-13.20.19-285x450.jpeg","colormag-elementor-grid-medium-large-thumbnail":"https:\/\/universoesportivo.net\/wp-content\/uploads\/2024\/04\/WhatsApp-Image-2024-04-30-at-13.20.19-575x198.jpeg"},"magazineBlocksPostAuthor":{"name":"Tiago Lotto","avatar":"https:\/\/secure.gravatar.com\/avatar\/fd6891125b3fb6ba0b794cd20c3398d5bb0fa20d2b9963a95f19470e5a6192f7?s=96&d=mm&r=g"},"magazineBlocksPostCommentsNumber":false,"magazineBlocksPostExcerpt":"Kart\u00f3dromo de Interlagos, em S\u00e3o Paulo, foi palco de uma excelente jornada ao piloto Bernardo, que assumiu a lideran\u00e7a da Copa SP.","magazineBlocksPostCategories":["ESPORTES","Kart"],"magazineBlocksPostViewCount":34,"magazineBlocksPostReadTime":2,"magazine_blocks_featured_image_url":{"full":["https:\/\/universoesportivo.net\/wp-content\/uploads\/2024\/04\/WhatsApp-Image-2024-04-30-at-13.20.19.jpeg",1024,683,false],"medium":["https:\/\/universoesportivo.net\/wp-content\/uploads\/2024\/04\/WhatsApp-Image-2024-04-30-at-13.20.19-300x200.jpeg",300,200,true],"thumbnail":["https:\/\/universoesportivo.net\/wp-content\/uploads\/2024\/04\/WhatsApp-Image-2024-04-30-at-13.20.19-150x150.jpeg",150,150,true]},"magazine_blocks_author":{"display_name":"Tiago Lotto","author_link":"https:\/\/universoesportivo.net\/index.php\/author\/tiago-lotto\/"},"magazine_blocks_comment":0,"magazine_blocks_author_image":"https:\/\/secure.gravatar.com\/avatar\/fd6891125b3fb6ba0b794cd20c3398d5bb0fa20d2b9963a95f19470e5a6192f7?s=96&d=mm&r=g","magazine_blocks_category":"<a href=\"#\" class=\"category-link category-link-17\">ESPORTES<\/a> <a href=\"#\" class=\"category-link category-link-46\">Kart<\/a>","yoast_head":"<!-- This site is optimized with the Yoast SEO plugin v27.4 - https:\/\/yoast.com\/product\/yoast-seo-wordpress\/ -->\n<title>Vit\u00f3ria na 2\u00aa etapa coloca Bernardo Gentil na vice-lideran\u00e7a da Copa S\u00e3o Paulo Light de Kart - Universo Esportivo<\/title>\n<meta name=\"robots\" content=\"index, follow, max-snippet:-1, max-image-preview:large, max-video-preview:-1\" \/>\n<link rel=\"canonical\" href=\"https:\/\/universoesportivo.net\/index.php\/2024\/01\/10\/vitoria-na-2a-etapa-coloca-bernardo-gentil-na-vice-lideranca-da-copa-sao-paulo-light-de-kart\/\" \/>\n<meta property=\"og:locale\" content=\"pt_BR\" \/>\n<meta property=\"og:type\" content=\"article\" \/>\n<meta property=\"og:title\" content=\"Vit\u00f3ria na 2\u00aa etapa coloca Bernardo Gentil na vice-lideran\u00e7a da Copa S\u00e3o Paulo Light de Kart - Universo Esportivo\" \/>\n<meta property=\"og:description\" content=\"Kart\u00f3dromo de Interlagos, em S\u00e3o Paulo, foi palco de uma excelente jornada ao piloto Bernardo, que assumiu a lideran\u00e7a da Copa SP.\" \/>\n<meta property=\"og:url\" content=\"https:\/\/universoesportivo.net\/index.php\/2024\/01\/10\/vitoria-na-2a-etapa-coloca-bernardo-gentil-na-vice-lideranca-da-copa-sao-paulo-light-de-kart\/\" \/>\n<meta property=\"og:site_name\" content=\"Universo Esportivo\" \/>\n<meta property=\"article:publisher\" content=\"https:\/\/www.facebook.com\/universoesportivo.net\" \/>\n<meta property=\"article:published_time\" content=\"2024-01-10T16:21:00+00:00\" \/>\n<meta property=\"article:modified_time\" content=\"2024-05-04T00:48:44+00:00\" \/>\n<meta property=\"og:image\" content=\"https:\/\/universoesportivo.net\/wp-content\/uploads\/2024\/04\/WhatsApp-Image-2024-04-30-at-13.20.19.jpeg\" \/>\n\t<meta property=\"og:image:width\" content=\"1024\" \/>\n\t<meta property=\"og:image:height\" content=\"683\" \/>\n\t<meta property=\"og:image:type\" content=\"image\/jpeg\" \/>\n<meta name=\"author\" content=\"Tiago Lotto\" \/>\n<meta name=\"twitter:card\" content=\"summary_large_image\" \/>\n<meta name=\"twitter:label1\" content=\"Escrito por\" \/>\n\t<meta name=\"twitter:data1\" content=\"Tiago Lotto\" \/>\n\t<meta name=\"twitter:label2\" content=\"Est. tempo de leitura\" \/>\n\t<meta name=\"twitter:data2\" content=\"1 minuto\" \/>\n<script type=\"application\/ld+json\" class=\"yoast-schema-graph\">{\"@context\":\"https:\\\/\\\/schema.org\",\"@graph\":[{\"@type\":\"Article\",\"@id\":\"https:\\\/\\\/universoesportivo.net\\\/index.php\\\/2024\\\/01\\\/10\\\/vitoria-na-2a-etapa-coloca-bernardo-gentil-na-vice-lideranca-da-copa-sao-paulo-light-de-kart\\\/#article\",\"isPartOf\":{\"@id\":\"https:\\\/\\\/universoesportivo.net\\\/index.php\\\/2024\\\/01\\\/10\\\/vitoria-na-2a-etapa-coloca-bernardo-gentil-na-vice-lideranca-da-copa-sao-paulo-light-de-kart\\\/\"},\"author\":{\"name\":\"Tiago Lotto\",\"@id\":\"https:\\\/\\\/universoesportivo.net\\\/#\\\/schema\\\/person\\\/62bc311bc7def56a6bc83711536e74bd\"},\"headline\":\"Vit\u00f3ria na 2\u00aa etapa coloca Bernardo Gentil na vice-lideran\u00e7a da Copa S\u00e3o Paulo Light de Kart\",\"datePublished\":\"2024-01-10T16:21:00+00:00\",\"dateModified\":\"2024-05-04T00:48:44+00:00\",\"mainEntityOfPage\":{\"@id\":\"https:\\\/\\\/universoesportivo.net\\\/index.php\\\/2024\\\/01\\\/10\\\/vitoria-na-2a-etapa-coloca-bernardo-gentil-na-vice-lideranca-da-copa-sao-paulo-light-de-kart\\\/\"},\"wordCount\":308,\"publisher\":{\"@id\":\"https:\\\/\\\/universoesportivo.net\\\/#organization\"},\"image\":{\"@id\":\"https:\\\/\\\/universoesportivo.net\\\/index.php\\\/2024\\\/01\\\/10\\\/vitoria-na-2a-etapa-coloca-bernardo-gentil-na-vice-lideranca-da-copa-sao-paulo-light-de-kart\\\/#primaryimage\"},\"thumbnailUrl\":\"https:\\\/\\\/universoesportivo.net\\\/wp-content\\\/uploads\\\/2024\\\/04\\\/WhatsApp-Image-2024-04-30-at-13.20.19.jpeg\",\"articleSection\":[\"ESPORTES\",\"Kart\"],\"inLanguage\":\"pt-BR\"},{\"@type\":\"WebPage\",\"@id\":\"https:\\\/\\\/universoesportivo.net\\\/index.php\\\/2024\\\/01\\\/10\\\/vitoria-na-2a-etapa-coloca-bernardo-gentil-na-vice-lideranca-da-copa-sao-paulo-light-de-kart\\\/\",\"url\":\"https:\\\/\\\/universoesportivo.net\\\/index.php\\\/2024\\\/01\\\/10\\\/vitoria-na-2a-etapa-coloca-bernardo-gentil-na-vice-lideranca-da-copa-sao-paulo-light-de-kart\\\/\",\"name\":\"Vit\u00f3ria na 2\u00aa etapa coloca Bernardo Gentil na vice-lideran\u00e7a da Copa S\u00e3o Paulo Light de Kart - Universo Esportivo\",\"isPartOf\":{\"@id\":\"https:\\\/\\\/universoesportivo.net\\\/#website\"},\"primaryImageOfPage\":{\"@id\":\"https:\\\/\\\/universoesportivo.net\\\/index.php\\\/2024\\\/01\\\/10\\\/vitoria-na-2a-etapa-coloca-bernardo-gentil-na-vice-lideranca-da-copa-sao-paulo-light-de-kart\\\/#primaryimage\"},\"image\":{\"@id\":\"https:\\\/\\\/universoesportivo.net\\\/index.php\\\/2024\\\/01\\\/10\\\/vitoria-na-2a-etapa-coloca-bernardo-gentil-na-vice-lideranca-da-copa-sao-paulo-light-de-kart\\\/#primaryimage\"},\"thumbnailUrl\":\"https:\\\/\\\/universoesportivo.net\\\/wp-content\\\/uploads\\\/2024\\\/04\\\/WhatsApp-Image-2024-04-30-at-13.20.19.jpeg\",\"datePublished\":\"2024-01-10T16:21:00+00:00\",\"dateModified\":\"2024-05-04T00:48:44+00:00\",\"breadcrumb\":{\"@id\":\"https:\\\/\\\/universoesportivo.net\\\/index.php\\\/2024\\\/01\\\/10\\\/vitoria-na-2a-etapa-coloca-bernardo-gentil-na-vice-lideranca-da-copa-sao-paulo-light-de-kart\\\/#breadcrumb\"},\"inLanguage\":\"pt-BR\",\"potentialAction\":[{\"@type\":\"ReadAction\",\"target\":[\"https:\\\/\\\/universoesportivo.net\\\/index.php\\\/2024\\\/01\\\/10\\\/vitoria-na-2a-etapa-coloca-bernardo-gentil-na-vice-lideranca-da-copa-sao-paulo-light-de-kart\\\/\"]}]},{\"@type\":\"ImageObject\",\"inLanguage\":\"pt-BR\",\"@id\":\"https:\\\/\\\/universoesportivo.net\\\/index.php\\\/2024\\\/01\\\/10\\\/vitoria-na-2a-etapa-coloca-bernardo-gentil-na-vice-lideranca-da-copa-sao-paulo-light-de-kart\\\/#primaryimage\",\"url\":\"https:\\\/\\\/universoesportivo.net\\\/wp-content\\\/uploads\\\/2024\\\/04\\\/WhatsApp-Image-2024-04-30-at-13.20.19.jpeg\",\"contentUrl\":\"https:\\\/\\\/universoesportivo.net\\\/wp-content\\\/uploads\\\/2024\\\/04\\\/WhatsApp-Image-2024-04-30-at-13.20.19.jpeg\",\"width\":1024,\"height\":683,\"caption\":\"O piloto Bernardo Gentil viveu uma \u00f3tima jornada neste final de semana no Kart\u00f3dromo de Interlagos, na capital paulista.\"},{\"@type\":\"BreadcrumbList\",\"@id\":\"https:\\\/\\\/universoesportivo.net\\\/index.php\\\/2024\\\/01\\\/10\\\/vitoria-na-2a-etapa-coloca-bernardo-gentil-na-vice-lideranca-da-copa-sao-paulo-light-de-kart\\\/#breadcrumb\",\"itemListElement\":[{\"@type\":\"ListItem\",\"position\":1,\"name\":\"In\u00edcio\",\"item\":\"https:\\\/\\\/universoesportivo.net\\\/\"},{\"@type\":\"ListItem\",\"position\":2,\"name\":\"Vit\u00f3ria na 2\u00aa etapa coloca Bernardo Gentil na vice-lideran\u00e7a da Copa S\u00e3o Paulo Light de Kart\"}]},{\"@type\":\"WebSite\",\"@id\":\"https:\\\/\\\/universoesportivo.net\\\/#website\",\"url\":\"https:\\\/\\\/universoesportivo.net\\\/\",\"name\":\"Universo Esportivo\",\"description\":\"O portal de todas as modalidades esportivas!\",\"publisher\":{\"@id\":\"https:\\\/\\\/universoesportivo.net\\\/#organization\"},\"alternateName\":\"Jornalista Tiago Contador Lotto\",\"potentialAction\":[{\"@type\":\"SearchAction\",\"target\":{\"@type\":\"EntryPoint\",\"urlTemplate\":\"https:\\\/\\\/universoesportivo.net\\\/?s={search_term_string}\"},\"query-input\":{\"@type\":\"PropertyValueSpecification\",\"valueRequired\":true,\"valueName\":\"search_term_string\"}}],\"inLanguage\":\"pt-BR\"},{\"@type\":\"Organization\",\"@id\":\"https:\\\/\\\/universoesportivo.net\\\/#organization\",\"name\":\"Universo Esportivo\",\"alternateName\":\"Tiago Lotto\",\"url\":\"https:\\\/\\\/universoesportivo.net\\\/\",\"logo\":{\"@type\":\"ImageObject\",\"inLanguage\":\"pt-BR\",\"@id\":\"https:\\\/\\\/universoesportivo.net\\\/#\\\/schema\\\/logo\\\/image\\\/\",\"url\":\"https:\\\/\\\/universoesportivo.net\\\/wp-content\\\/uploads\\\/2024\\\/05\\\/cropped-cropped-universo-6.png\",\"contentUrl\":\"https:\\\/\\\/universoesportivo.net\\\/wp-content\\\/uploads\\\/2024\\\/05\\\/cropped-cropped-universo-6.png\",\"width\":413,\"height\":295,\"caption\":\"Universo Esportivo\"},\"image\":{\"@id\":\"https:\\\/\\\/universoesportivo.net\\\/#\\\/schema\\\/logo\\\/image\\\/\"},\"sameAs\":[\"https:\\\/\\\/www.facebook.com\\\/universoesportivo.net\"]},{\"@type\":\"Person\",\"@id\":\"https:\\\/\\\/universoesportivo.net\\\/#\\\/schema\\\/person\\\/62bc311bc7def56a6bc83711536e74bd\",\"name\":\"Tiago Lotto\",\"image\":{\"@type\":\"ImageObject\",\"inLanguage\":\"pt-BR\",\"@id\":\"https:\\\/\\\/secure.gravatar.com\\\/avatar\\\/fd6891125b3fb6ba0b794cd20c3398d5bb0fa20d2b9963a95f19470e5a6192f7?s=96&d=mm&r=g\",\"url\":\"https:\\\/\\\/secure.gravatar.com\\\/avatar\\\/fd6891125b3fb6ba0b794cd20c3398d5bb0fa20d2b9963a95f19470e5a6192f7?s=96&d=mm&r=g\",\"contentUrl\":\"https:\\\/\\\/secure.gravatar.com\\\/avatar\\\/fd6891125b3fb6ba0b794cd20c3398d5bb0fa20d2b9963a95f19470e5a6192f7?s=96&d=mm&r=g\",\"caption\":\"Tiago Lotto\"},\"url\":\"https:\\\/\\\/universoesportivo.net\\\/index.php\\\/author\\\/tiago-lotto\\\/\"}]}<\/script>\n<!-- \/ Yoast SEO plugin. -->","yoast_head_json":{"title":"Vit\u00f3ria na 2\u00aa etapa coloca Bernardo Gentil na vice-lideran\u00e7a da Copa S\u00e3o Paulo Light de Kart - Universo Esportivo","robots":{"index":"index","follow":"follow","max-snippet":"max-snippet:-1","max-image-preview":"max-image-preview:large","max-video-preview":"max-video-preview:-1"},"canonical":"https:\/\/universoesportivo.net\/index.php\/2024\/01\/10\/vitoria-na-2a-etapa-coloca-bernardo-gentil-na-vice-lideranca-da-copa-sao-paulo-light-de-kart\/","og_locale":"pt_BR","og_type":"article","og_title":"Vit\u00f3ria na 2\u00aa etapa coloca Bernardo Gentil na vice-lideran\u00e7a da Copa S\u00e3o Paulo Light de Kart - Universo Esportivo","og_description":"Kart\u00f3dromo de Interlagos, em S\u00e3o Paulo, foi palco de uma excelente jornada ao piloto Bernardo, que assumiu a lideran\u00e7a da Copa SP.","og_url":"https:\/\/universoesportivo.net\/index.php\/2024\/01\/10\/vitoria-na-2a-etapa-coloca-bernardo-gentil-na-vice-lideranca-da-copa-sao-paulo-light-de-kart\/","og_site_name":"Universo Esportivo","article_publisher":"https:\/\/www.facebook.com\/universoesportivo.net","article_published_time":"2024-01-10T16:21:00+00:00","article_modified_time":"2024-05-04T00:48:44+00:00","og_image":[{"width":1024,"height":683,"url":"https:\/\/universoesportivo.net\/wp-content\/uploads\/2024\/04\/WhatsApp-Image-2024-04-30-at-13.20.19.jpeg","type":"image\/jpeg"}],"author":"Tiago Lotto","twitter_card":"summary_large_image","twitter_misc":{"Escrito por":"Tiago Lotto","Est. tempo de leitura":"1 minuto"},"schema":{"@context":"https:\/\/schema.org","@graph":[{"@type":"Article","@id":"https:\/\/universoesportivo.net\/index.php\/2024\/01\/10\/vitoria-na-2a-etapa-coloca-bernardo-gentil-na-vice-lideranca-da-copa-sao-paulo-light-de-kart\/#article","isPartOf":{"@id":"https:\/\/universoesportivo.net\/index.php\/2024\/01\/10\/vitoria-na-2a-etapa-coloca-bernardo-gentil-na-vice-lideranca-da-copa-sao-paulo-light-de-kart\/"},"author":{"name":"Tiago Lotto","@id":"https:\/\/universoesportivo.net\/#\/schema\/person\/62bc311bc7def56a6bc83711536e74bd"},"headline":"Vit\u00f3ria na 2\u00aa etapa coloca Bernardo Gentil na vice-lideran\u00e7a da Copa S\u00e3o Paulo Light de Kart","datePublished":"2024-01-10T16:21:00+00:00","dateModified":"2024-05-04T00:48:44+00:00","mainEntityOfPage":{"@id":"https:\/\/universoesportivo.net\/index.php\/2024\/01\/10\/vitoria-na-2a-etapa-coloca-bernardo-gentil-na-vice-lideranca-da-copa-sao-paulo-light-de-kart\/"},"wordCount":308,"publisher":{"@id":"https:\/\/universoesportivo.net\/#organization"},"image":{"@id":"https:\/\/universoesportivo.net\/index.php\/2024\/01\/10\/vitoria-na-2a-etapa-coloca-bernardo-gentil-na-vice-lideranca-da-copa-sao-paulo-light-de-kart\/#primaryimage"},"thumbnailUrl":"https:\/\/universoesportivo.net\/wp-content\/uploads\/2024\/04\/WhatsApp-Image-2024-04-30-at-13.20.19.jpeg","articleSection":["ESPORTES","Kart"],"inLanguage":"pt-BR"},{"@type":"WebPage","@id":"https:\/\/universoesportivo.net\/index.php\/2024\/01\/10\/vitoria-na-2a-etapa-coloca-bernardo-gentil-na-vice-lideranca-da-copa-sao-paulo-light-de-kart\/","url":"https:\/\/universoesportivo.net\/index.php\/2024\/01\/10\/vitoria-na-2a-etapa-coloca-bernardo-gentil-na-vice-lideranca-da-copa-sao-paulo-light-de-kart\/","name":"Vit\u00f3ria na 2\u00aa etapa coloca Bernardo Gentil na vice-lideran\u00e7a da Copa S\u00e3o Paulo Light de Kart - Universo Esportivo","isPartOf":{"@id":"https:\/\/universoesportivo.net\/#website"},"primaryImageOfPage":{"@id":"https:\/\/universoesportivo.net\/index.php\/2024\/01\/10\/vitoria-na-2a-etapa-coloca-bernardo-gentil-na-vice-lideranca-da-copa-sao-paulo-light-de-kart\/#primaryimage"},"image":{"@id":"https:\/\/universoesportivo.net\/index.php\/2024\/01\/10\/vitoria-na-2a-etapa-coloca-bernardo-gentil-na-vice-lideranca-da-copa-sao-paulo-light-de-kart\/#primaryimage"},"thumbnailUrl":"https:\/\/universoesportivo.net\/wp-content\/uploads\/2024\/04\/WhatsApp-Image-2024-04-30-at-13.20.19.jpeg","datePublished":"2024-01-10T16:21:00+00:00","dateModified":"2024-05-04T00:48:44+00:00","breadcrumb":{"@id":"https:\/\/universoesportivo.net\/index.php\/2024\/01\/10\/vitoria-na-2a-etapa-coloca-bernardo-gentil-na-vice-lideranca-da-copa-sao-paulo-light-de-kart\/#breadcrumb"},"inLanguage":"pt-BR","potentialAction":[{"@type":"ReadAction","target":["https:\/\/universoesportivo.net\/index.php\/2024\/01\/10\/vitoria-na-2a-etapa-coloca-bernardo-gentil-na-vice-lideranca-da-copa-sao-paulo-light-de-kart\/"]}]},{"@type":"ImageObject","inLanguage":"pt-BR","@id":"https:\/\/universoesportivo.net\/index.php\/2024\/01\/10\/vitoria-na-2a-etapa-coloca-bernardo-gentil-na-vice-lideranca-da-copa-sao-paulo-light-de-kart\/#primaryimage","url":"https:\/\/universoesportivo.net\/wp-content\/uploads\/2024\/04\/WhatsApp-Image-2024-04-30-at-13.20.19.jpeg","contentUrl":"https:\/\/universoesportivo.net\/wp-content\/uploads\/2024\/04\/WhatsApp-Image-2024-04-30-at-13.20.19.jpeg","width":1024,"height":683,"caption":"O piloto Bernardo Gentil viveu uma \u00f3tima jornada neste final de semana no Kart\u00f3dromo de Interlagos, na capital paulista."},{"@type":"BreadcrumbList","@id":"https:\/\/universoesportivo.net\/index.php\/2024\/01\/10\/vitoria-na-2a-etapa-coloca-bernardo-gentil-na-vice-lideranca-da-copa-sao-paulo-light-de-kart\/#breadcrumb","itemListElement":[{"@type":"ListItem","position":1,"name":"In\u00edcio","item":"https:\/\/universoesportivo.net\/"},{"@type":"ListItem","position":2,"name":"Vit\u00f3ria na 2\u00aa etapa coloca Bernardo Gentil na vice-lideran\u00e7a da Copa S\u00e3o Paulo Light de Kart"}]},{"@type":"WebSite","@id":"https:\/\/universoesportivo.net\/#website","url":"https:\/\/universoesportivo.net\/","name":"Universo Esportivo","description":"O portal de todas as modalidades esportivas!","publisher":{"@id":"https:\/\/universoesportivo.net\/#organization"},"alternateName":"Jornalista Tiago Contador Lotto","potentialAction":[{"@type":"SearchAction","target":{"@type":"EntryPoint","urlTemplate":"https:\/\/universoesportivo.net\/?s={search_term_string}"},"query-input":{"@type":"PropertyValueSpecification","valueRequired":true,"valueName":"search_term_string"}}],"inLanguage":"pt-BR"},{"@type":"Organization","@id":"https:\/\/universoesportivo.net\/#organization","name":"Universo Esportivo","alternateName":"Tiago Lotto","url":"https:\/\/universoesportivo.net\/","logo":{"@type":"ImageObject","inLanguage":"pt-BR","@id":"https:\/\/universoesportivo.net\/#\/schema\/logo\/image\/","url":"https:\/\/universoesportivo.net\/wp-content\/uploads\/2024\/05\/cropped-cropped-universo-6.png","contentUrl":"https:\/\/universoesportivo.net\/wp-content\/uploads\/2024\/05\/cropped-cropped-universo-6.png","width":413,"height":295,"caption":"Universo Esportivo"},"image":{"@id":"https:\/\/universoesportivo.net\/#\/schema\/logo\/image\/"},"sameAs":["https:\/\/www.facebook.com\/universoesportivo.net"]},{"@type":"Person","@id":"https:\/\/universoesportivo.net\/#\/schema\/person\/62bc311bc7def56a6bc83711536e74bd","name":"Tiago Lotto","image":{"@type":"ImageObject","inLanguage":"pt-BR","@id":"https:\/\/secure.gravatar.com\/avatar\/fd6891125b3fb6ba0b794cd20c3398d5bb0fa20d2b9963a95f19470e5a6192f7?s=96&d=mm&r=g","url":"https:\/\/secure.gravatar.com\/avatar\/fd6891125b3fb6ba0b794cd20c3398d5bb0fa20d2b9963a95f19470e5a6192f7?s=96&d=mm&r=g","contentUrl":"https:\/\/secure.gravatar.com\/avatar\/fd6891125b3fb6ba0b794cd20c3398d5bb0fa20d2b9963a95f19470e5a6192f7?s=96&d=mm&r=g","caption":"Tiago Lotto"},"url":"https:\/\/universoesportivo.net\/index.php\/author\/tiago-lotto\/"}]}},"jetpack_featured_media_url":"https:\/\/universoesportivo.net\/wp-content\/uploads\/2024\/04\/WhatsApp-Image-2024-04-30-at-13.20.19.jpeg","_links":{"self":[{"href":"https:\/\/universoesportivo.net\/index.php\/wp-json\/wp\/v2\/posts\/858","targetHints":{"allow":["GET"]}}],"collection":[{"href":"https:\/\/universoesportivo.net\/index.php\/wp-json\/wp\/v2\/posts"}],"about":[{"href":"https:\/\/universoesportivo.net\/index.php\/wp-json\/wp\/v2\/types\/post"}],"author":[{"embeddable":true,"href":"https:\/\/universoesportivo.net\/index.php\/wp-json\/wp\/v2\/users\/2"}],"replies":[{"embeddable":true,"href":"https:\/\/universoesportivo.net\/index.php\/wp-json\/wp\/v2\/comments?post=858"}],"version-history":[{"count":2,"href":"https:\/\/universoesportivo.net\/index.php\/wp-json\/wp\/v2\/posts\/858\/revisions"}],"predecessor-version":[{"id":907,"href":"https:\/\/universoesportivo.net\/index.php\/wp-json\/wp\/v2\/posts\/858\/revisions\/907"}],"wp:featuredmedia":[{"embeddable":true,"href":"https:\/\/universoesportivo.net\/index.php\/wp-json\/wp\/v2\/media\/859"}],"wp:attachment":[{"href":"https:\/\/universoesportivo.net\/index.php\/wp-json\/wp\/v2\/media?parent=858"}],"wp:term":[{"taxonomy":"category","embeddable":true,"href":"https:\/\/universoesportivo.net\/index.php\/wp-json\/wp\/v2\/categories?post=858"},{"taxonomy":"post_tag","embeddable":true,"href":"https:\/\/universoesportivo.net\/index.php\/wp-json\/wp\/v2\/tags?post=858"}],"curies":[{"name":"wp","href":"https:\/\/api.w.org\/{rel}","templated":true}]}}