{"id":922,"date":"2024-04-13T18:23:27","date_gmt":"2024-04-13T21:23:27","guid":{"rendered":"https:\/\/universoesportivo.net\/?p=922"},"modified":"2024-05-04T12:27:32","modified_gmt":"2024-05-04T15:27:32","slug":"velo-clube-conquista-o-paulistao-a2-e-sobe-a-elite-com-o-noroeste","status":"publish","type":"post","link":"https:\/\/universoesportivo.net\/index.php\/2024\/04\/13\/velo-clube-conquista-o-paulistao-a2-e-sobe-a-elite-com-o-noroeste\/","title":{"rendered":"Velo Clube conquista o Paulist\u00e3o A2 e sobe \u00e0 elite com o Noroeste"},"content":{"rendered":"\n<p class=\"has-medium-font-size\">O Velo Clube de Rio Claro foi o campe\u00e3o do Campeonato Paulista de Futebol S\u00e9rie A2 de 2024. O time venceu o Noroeste de Bauru no primeiro jogo da decis\u00e3o, ocorrido dia 10 de abril em Bauru, quando o Velo ganhou por 1&#215;0.<\/p>\n\n\n\n<p class=\"has-medium-font-size\">No segundo e decisivo jogo, em Rio Claro, no \u00faltimo dia 13 de abril, as equipes empataram em 1&#215;1. Com uma vit\u00f3ria e um empate nos dois jogos, o t\u00edtulo ficou com o Velo Clube. Ambos garantiram vaga \u00e0 elite do Paulist\u00e3o 2025.<\/p>\n\n\n\n<p class=\"has-medium-font-size\">Para chegar a decis\u00e3o, o Velo Clube eliminou o Juventus na semifinal. J\u00e1 o Noroeste passou pela Portuguesa Santista.<\/p>\n\n\n\n<p class=\"has-medium-font-size\">O Paulist\u00e3o A2 contou com 16 times. Em turno \u00fanico, todas as equipes se enfrentaram e os 8 melhores classificados seguiram para a segunda fase, a fase do mata-mata.<\/p>\n","protected":false},"excerpt":{"rendered":"<p>Velo Clube volta \u00e0 elite do Paulist\u00e3o ap\u00f3s 46 anos. A primeira e \u00fanica vez foi em 1979. J\u00e1 o Noroeste disputou a S\u00e9rie A pela \u00faltima vez em 1993.<\/p>\n","protected":false},"author":2,"featured_media":923,"comment_status":"open","ping_status":"open","sticky":false,"template":"","format":"standard","meta":{"colormag_page_container_layout":"default_layout","colormag_page_sidebar_layout":"default_layout","footnotes":""},"categories":[17,43],"tags":[],"class_list":["post-922","post","type-post","status-publish","format-standard","has-post-thumbnail","hentry","category-esportes","category-futebol"],"magazineBlocksPostFeaturedMedia":{"thumbnail":"https:\/\/universoesportivo.net\/wp-content\/uploads\/2024\/05\/velofoicampeao-150x150.jpg","medium":"https:\/\/universoesportivo.net\/wp-content\/uploads\/2024\/05\/velofoicampeao-300x197.jpg","medium_large":"https:\/\/universoesportivo.net\/wp-content\/uploads\/2024\/05\/velofoicampeao.jpg","large":"https:\/\/universoesportivo.net\/wp-content\/uploads\/2024\/05\/velofoicampeao.jpg","1536x1536":"https:\/\/universoesportivo.net\/wp-content\/uploads\/2024\/05\/velofoicampeao.jpg","2048x2048":"https:\/\/universoesportivo.net\/wp-content\/uploads\/2024\/05\/velofoicampeao.jpg","trp-custom-language-flag":"https:\/\/universoesportivo.net\/wp-content\/uploads\/2024\/05\/velofoicampeao-18x12.jpg","colormag-highlighted-post":"https:\/\/universoesportivo.net\/wp-content\/uploads\/2024\/05\/velofoicampeao-392x272.jpg","colormag-featured-post-medium":"https:\/\/universoesportivo.net\/wp-content\/uploads\/2024\/05\/velofoicampeao-390x205.jpg","colormag-featured-post-small":"https:\/\/universoesportivo.net\/wp-content\/uploads\/2024\/05\/velofoicampeao-130x90.jpg","colormag-featured-image":"https:\/\/universoesportivo.net\/wp-content\/uploads\/2024\/05\/velofoicampeao-708x445.jpg","colormag-default-news":"https:\/\/universoesportivo.net\/wp-content\/uploads\/2024\/05\/velofoicampeao-150x150.jpg","colormag-featured-image-large":"https:\/\/universoesportivo.net\/wp-content\/uploads\/2024\/05\/velofoicampeao.jpg","colormag-elementor-block-extra-large-thumbnail":"https:\/\/universoesportivo.net\/wp-content\/uploads\/2024\/05\/velofoicampeao.jpg","colormag-elementor-grid-large-thumbnail":"https:\/\/universoesportivo.net\/wp-content\/uploads\/2024\/05\/velofoicampeao-600x417.jpg","colormag-elementor-grid-small-thumbnail":"https:\/\/universoesportivo.net\/wp-content\/uploads\/2024\/05\/velofoicampeao-285x450.jpg","colormag-elementor-grid-medium-large-thumbnail":"https:\/\/universoesportivo.net\/wp-content\/uploads\/2024\/05\/velofoicampeao-575x198.jpg"},"magazineBlocksPostAuthor":{"name":"Tiago Lotto","avatar":"https:\/\/secure.gravatar.com\/avatar\/fd6891125b3fb6ba0b794cd20c3398d5bb0fa20d2b9963a95f19470e5a6192f7?s=96&d=mm&r=g"},"magazineBlocksPostCommentsNumber":"0","magazineBlocksPostExcerpt":"Velo Clube volta \u00e0 elite do Paulist\u00e3o ap\u00f3s 46 anos. A primeira e \u00fanica vez foi em 1979. J\u00e1 o Noroeste disputou a S\u00e9rie A pela \u00faltima vez em 1993.","magazineBlocksPostCategories":["ESPORTES","Futebol"],"magazineBlocksPostViewCount":54,"magazineBlocksPostReadTime":1,"magazine_blocks_featured_image_url":{"full":["https:\/\/universoesportivo.net\/wp-content\/uploads\/2024\/05\/velofoicampeao.jpg",708,465,false],"medium":["https:\/\/universoesportivo.net\/wp-content\/uploads\/2024\/05\/velofoicampeao-300x197.jpg",300,197,true],"thumbnail":["https:\/\/universoesportivo.net\/wp-content\/uploads\/2024\/05\/velofoicampeao-150x150.jpg",150,150,true]},"magazine_blocks_author":{"display_name":"Tiago Lotto","author_link":"https:\/\/universoesportivo.net\/index.php\/author\/tiago-lotto\/"},"magazine_blocks_comment":0,"magazine_blocks_author_image":"https:\/\/secure.gravatar.com\/avatar\/fd6891125b3fb6ba0b794cd20c3398d5bb0fa20d2b9963a95f19470e5a6192f7?s=96&d=mm&r=g","magazine_blocks_category":"<a href=\"#\" class=\"category-link category-link-17\">ESPORTES<\/a> <a href=\"#\" class=\"category-link category-link-43\">Futebol<\/a>","yoast_head":"<!-- This site is optimized with the Yoast SEO plugin v27.4 - https:\/\/yoast.com\/product\/yoast-seo-wordpress\/ -->\n<title>Velo Clube conquista o Paulist\u00e3o A2 e sobe \u00e0 elite com o Noroeste - Universo Esportivo<\/title>\n<meta name=\"robots\" content=\"index, follow, max-snippet:-1, max-image-preview:large, max-video-preview:-1\" \/>\n<link rel=\"canonical\" href=\"https:\/\/universoesportivo.net\/index.php\/2024\/04\/13\/velo-clube-conquista-o-paulistao-a2-e-sobe-a-elite-com-o-noroeste\/\" \/>\n<meta property=\"og:locale\" content=\"pt_BR\" \/>\n<meta property=\"og:type\" content=\"article\" \/>\n<meta property=\"og:title\" content=\"Velo Clube conquista o Paulist\u00e3o A2 e sobe \u00e0 elite com o Noroeste - Universo Esportivo\" \/>\n<meta property=\"og:description\" content=\"Velo Clube volta \u00e0 elite do Paulist\u00e3o ap\u00f3s 46 anos. A primeira e \u00fanica vez foi em 1979. J\u00e1 o Noroeste disputou a S\u00e9rie A pela \u00faltima vez em 1993.\" \/>\n<meta property=\"og:url\" content=\"https:\/\/universoesportivo.net\/index.php\/2024\/04\/13\/velo-clube-conquista-o-paulistao-a2-e-sobe-a-elite-com-o-noroeste\/\" \/>\n<meta property=\"og:site_name\" content=\"Universo Esportivo\" \/>\n<meta property=\"article:publisher\" content=\"https:\/\/www.facebook.com\/universoesportivo.net\" \/>\n<meta property=\"article:published_time\" content=\"2024-04-13T21:23:27+00:00\" \/>\n<meta property=\"article:modified_time\" content=\"2024-05-04T15:27:32+00:00\" \/>\n<meta property=\"og:image\" content=\"https:\/\/universoesportivo.net\/wp-content\/uploads\/2024\/05\/velofoicampeao.jpg\" \/>\n\t<meta property=\"og:image:width\" content=\"708\" \/>\n\t<meta property=\"og:image:height\" content=\"465\" \/>\n\t<meta property=\"og:image:type\" content=\"image\/jpeg\" \/>\n<meta name=\"author\" content=\"Tiago Lotto\" \/>\n<meta name=\"twitter:card\" content=\"summary_large_image\" \/>\n<meta name=\"twitter:label1\" content=\"Escrito por\" \/>\n\t<meta name=\"twitter:data1\" content=\"Tiago Lotto\" \/>\n\t<meta name=\"twitter:label2\" content=\"Est. tempo de leitura\" \/>\n\t<meta name=\"twitter:data2\" content=\"1 minuto\" \/>\n<script type=\"application\/ld+json\" class=\"yoast-schema-graph\">{\"@context\":\"https:\\\/\\\/schema.org\",\"@graph\":[{\"@type\":\"Article\",\"@id\":\"https:\\\/\\\/universoesportivo.net\\\/index.php\\\/2024\\\/04\\\/13\\\/velo-clube-conquista-o-paulistao-a2-e-sobe-a-elite-com-o-noroeste\\\/#article\",\"isPartOf\":{\"@id\":\"https:\\\/\\\/universoesportivo.net\\\/index.php\\\/2024\\\/04\\\/13\\\/velo-clube-conquista-o-paulistao-a2-e-sobe-a-elite-com-o-noroeste\\\/\"},\"author\":{\"name\":\"Tiago Lotto\",\"@id\":\"https:\\\/\\\/universoesportivo.net\\\/#\\\/schema\\\/person\\\/62bc311bc7def56a6bc83711536e74bd\"},\"headline\":\"Velo Clube conquista o Paulist\u00e3o A2 e sobe \u00e0 elite com o Noroeste\",\"datePublished\":\"2024-04-13T21:23:27+00:00\",\"dateModified\":\"2024-05-04T15:27:32+00:00\",\"mainEntityOfPage\":{\"@id\":\"https:\\\/\\\/universoesportivo.net\\\/index.php\\\/2024\\\/04\\\/13\\\/velo-clube-conquista-o-paulistao-a2-e-sobe-a-elite-com-o-noroeste\\\/\"},\"wordCount\":148,\"commentCount\":0,\"publisher\":{\"@id\":\"https:\\\/\\\/universoesportivo.net\\\/#organization\"},\"image\":{\"@id\":\"https:\\\/\\\/universoesportivo.net\\\/index.php\\\/2024\\\/04\\\/13\\\/velo-clube-conquista-o-paulistao-a2-e-sobe-a-elite-com-o-noroeste\\\/#primaryimage\"},\"thumbnailUrl\":\"https:\\\/\\\/universoesportivo.net\\\/wp-content\\\/uploads\\\/2024\\\/05\\\/velofoicampeao.jpg\",\"articleSection\":[\"ESPORTES\",\"Futebol\"],\"inLanguage\":\"pt-BR\",\"potentialAction\":[{\"@type\":\"CommentAction\",\"name\":\"Comment\",\"target\":[\"https:\\\/\\\/universoesportivo.net\\\/index.php\\\/2024\\\/04\\\/13\\\/velo-clube-conquista-o-paulistao-a2-e-sobe-a-elite-com-o-noroeste\\\/#respond\"]}]},{\"@type\":\"WebPage\",\"@id\":\"https:\\\/\\\/universoesportivo.net\\\/index.php\\\/2024\\\/04\\\/13\\\/velo-clube-conquista-o-paulistao-a2-e-sobe-a-elite-com-o-noroeste\\\/\",\"url\":\"https:\\\/\\\/universoesportivo.net\\\/index.php\\\/2024\\\/04\\\/13\\\/velo-clube-conquista-o-paulistao-a2-e-sobe-a-elite-com-o-noroeste\\\/\",\"name\":\"Velo Clube conquista o Paulist\u00e3o A2 e sobe \u00e0 elite com o Noroeste - Universo Esportivo\",\"isPartOf\":{\"@id\":\"https:\\\/\\\/universoesportivo.net\\\/#website\"},\"primaryImageOfPage\":{\"@id\":\"https:\\\/\\\/universoesportivo.net\\\/index.php\\\/2024\\\/04\\\/13\\\/velo-clube-conquista-o-paulistao-a2-e-sobe-a-elite-com-o-noroeste\\\/#primaryimage\"},\"image\":{\"@id\":\"https:\\\/\\\/universoesportivo.net\\\/index.php\\\/2024\\\/04\\\/13\\\/velo-clube-conquista-o-paulistao-a2-e-sobe-a-elite-com-o-noroeste\\\/#primaryimage\"},\"thumbnailUrl\":\"https:\\\/\\\/universoesportivo.net\\\/wp-content\\\/uploads\\\/2024\\\/05\\\/velofoicampeao.jpg\",\"datePublished\":\"2024-04-13T21:23:27+00:00\",\"dateModified\":\"2024-05-04T15:27:32+00:00\",\"breadcrumb\":{\"@id\":\"https:\\\/\\\/universoesportivo.net\\\/index.php\\\/2024\\\/04\\\/13\\\/velo-clube-conquista-o-paulistao-a2-e-sobe-a-elite-com-o-noroeste\\\/#breadcrumb\"},\"inLanguage\":\"pt-BR\",\"potentialAction\":[{\"@type\":\"ReadAction\",\"target\":[\"https:\\\/\\\/universoesportivo.net\\\/index.php\\\/2024\\\/04\\\/13\\\/velo-clube-conquista-o-paulistao-a2-e-sobe-a-elite-com-o-noroeste\\\/\"]}]},{\"@type\":\"ImageObject\",\"inLanguage\":\"pt-BR\",\"@id\":\"https:\\\/\\\/universoesportivo.net\\\/index.php\\\/2024\\\/04\\\/13\\\/velo-clube-conquista-o-paulistao-a2-e-sobe-a-elite-com-o-noroeste\\\/#primaryimage\",\"url\":\"https:\\\/\\\/universoesportivo.net\\\/wp-content\\\/uploads\\\/2024\\\/05\\\/velofoicampeao.jpg\",\"contentUrl\":\"https:\\\/\\\/universoesportivo.net\\\/wp-content\\\/uploads\\\/2024\\\/05\\\/velofoicampeao.jpg\",\"width\":708,\"height\":465},{\"@type\":\"BreadcrumbList\",\"@id\":\"https:\\\/\\\/universoesportivo.net\\\/index.php\\\/2024\\\/04\\\/13\\\/velo-clube-conquista-o-paulistao-a2-e-sobe-a-elite-com-o-noroeste\\\/#breadcrumb\",\"itemListElement\":[{\"@type\":\"ListItem\",\"position\":1,\"name\":\"In\u00edcio\",\"item\":\"https:\\\/\\\/universoesportivo.net\\\/\"},{\"@type\":\"ListItem\",\"position\":2,\"name\":\"Velo Clube conquista o Paulist\u00e3o A2 e sobe \u00e0 elite com o Noroeste\"}]},{\"@type\":\"WebSite\",\"@id\":\"https:\\\/\\\/universoesportivo.net\\\/#website\",\"url\":\"https:\\\/\\\/universoesportivo.net\\\/\",\"name\":\"Universo Esportivo\",\"description\":\"O portal de todas as modalidades esportivas!\",\"publisher\":{\"@id\":\"https:\\\/\\\/universoesportivo.net\\\/#organization\"},\"alternateName\":\"Jornalista Tiago Contador Lotto\",\"potentialAction\":[{\"@type\":\"SearchAction\",\"target\":{\"@type\":\"EntryPoint\",\"urlTemplate\":\"https:\\\/\\\/universoesportivo.net\\\/?s={search_term_string}\"},\"query-input\":{\"@type\":\"PropertyValueSpecification\",\"valueRequired\":true,\"valueName\":\"search_term_string\"}}],\"inLanguage\":\"pt-BR\"},{\"@type\":\"Organization\",\"@id\":\"https:\\\/\\\/universoesportivo.net\\\/#organization\",\"name\":\"Universo Esportivo\",\"alternateName\":\"Tiago Lotto\",\"url\":\"https:\\\/\\\/universoesportivo.net\\\/\",\"logo\":{\"@type\":\"ImageObject\",\"inLanguage\":\"pt-BR\",\"@id\":\"https:\\\/\\\/universoesportivo.net\\\/#\\\/schema\\\/logo\\\/image\\\/\",\"url\":\"https:\\\/\\\/universoesportivo.net\\\/wp-content\\\/uploads\\\/2024\\\/05\\\/cropped-cropped-universo-6.png\",\"contentUrl\":\"https:\\\/\\\/universoesportivo.net\\\/wp-content\\\/uploads\\\/2024\\\/05\\\/cropped-cropped-universo-6.png\",\"width\":413,\"height\":295,\"caption\":\"Universo Esportivo\"},\"image\":{\"@id\":\"https:\\\/\\\/universoesportivo.net\\\/#\\\/schema\\\/logo\\\/image\\\/\"},\"sameAs\":[\"https:\\\/\\\/www.facebook.com\\\/universoesportivo.net\"]},{\"@type\":\"Person\",\"@id\":\"https:\\\/\\\/universoesportivo.net\\\/#\\\/schema\\\/person\\\/62bc311bc7def56a6bc83711536e74bd\",\"name\":\"Tiago Lotto\",\"image\":{\"@type\":\"ImageObject\",\"inLanguage\":\"pt-BR\",\"@id\":\"https:\\\/\\\/secure.gravatar.com\\\/avatar\\\/fd6891125b3fb6ba0b794cd20c3398d5bb0fa20d2b9963a95f19470e5a6192f7?s=96&d=mm&r=g\",\"url\":\"https:\\\/\\\/secure.gravatar.com\\\/avatar\\\/fd6891125b3fb6ba0b794cd20c3398d5bb0fa20d2b9963a95f19470e5a6192f7?s=96&d=mm&r=g\",\"contentUrl\":\"https:\\\/\\\/secure.gravatar.com\\\/avatar\\\/fd6891125b3fb6ba0b794cd20c3398d5bb0fa20d2b9963a95f19470e5a6192f7?s=96&d=mm&r=g\",\"caption\":\"Tiago Lotto\"},\"url\":\"https:\\\/\\\/universoesportivo.net\\\/index.php\\\/author\\\/tiago-lotto\\\/\"}]}<\/script>\n<!-- \/ Yoast SEO plugin. -->","yoast_head_json":{"title":"Velo Clube conquista o Paulist\u00e3o A2 e sobe \u00e0 elite com o Noroeste - Universo Esportivo","robots":{"index":"index","follow":"follow","max-snippet":"max-snippet:-1","max-image-preview":"max-image-preview:large","max-video-preview":"max-video-preview:-1"},"canonical":"https:\/\/universoesportivo.net\/index.php\/2024\/04\/13\/velo-clube-conquista-o-paulistao-a2-e-sobe-a-elite-com-o-noroeste\/","og_locale":"pt_BR","og_type":"article","og_title":"Velo Clube conquista o Paulist\u00e3o A2 e sobe \u00e0 elite com o Noroeste - Universo Esportivo","og_description":"Velo Clube volta \u00e0 elite do Paulist\u00e3o ap\u00f3s 46 anos. A primeira e \u00fanica vez foi em 1979. J\u00e1 o Noroeste disputou a S\u00e9rie A pela \u00faltima vez em 1993.","og_url":"https:\/\/universoesportivo.net\/index.php\/2024\/04\/13\/velo-clube-conquista-o-paulistao-a2-e-sobe-a-elite-com-o-noroeste\/","og_site_name":"Universo Esportivo","article_publisher":"https:\/\/www.facebook.com\/universoesportivo.net","article_published_time":"2024-04-13T21:23:27+00:00","article_modified_time":"2024-05-04T15:27:32+00:00","og_image":[{"width":708,"height":465,"url":"https:\/\/universoesportivo.net\/wp-content\/uploads\/2024\/05\/velofoicampeao.jpg","type":"image\/jpeg"}],"author":"Tiago Lotto","twitter_card":"summary_large_image","twitter_misc":{"Escrito por":"Tiago Lotto","Est. tempo de leitura":"1 minuto"},"schema":{"@context":"https:\/\/schema.org","@graph":[{"@type":"Article","@id":"https:\/\/universoesportivo.net\/index.php\/2024\/04\/13\/velo-clube-conquista-o-paulistao-a2-e-sobe-a-elite-com-o-noroeste\/#article","isPartOf":{"@id":"https:\/\/universoesportivo.net\/index.php\/2024\/04\/13\/velo-clube-conquista-o-paulistao-a2-e-sobe-a-elite-com-o-noroeste\/"},"author":{"name":"Tiago Lotto","@id":"https:\/\/universoesportivo.net\/#\/schema\/person\/62bc311bc7def56a6bc83711536e74bd"},"headline":"Velo Clube conquista o Paulist\u00e3o A2 e sobe \u00e0 elite com o Noroeste","datePublished":"2024-04-13T21:23:27+00:00","dateModified":"2024-05-04T15:27:32+00:00","mainEntityOfPage":{"@id":"https:\/\/universoesportivo.net\/index.php\/2024\/04\/13\/velo-clube-conquista-o-paulistao-a2-e-sobe-a-elite-com-o-noroeste\/"},"wordCount":148,"commentCount":0,"publisher":{"@id":"https:\/\/universoesportivo.net\/#organization"},"image":{"@id":"https:\/\/universoesportivo.net\/index.php\/2024\/04\/13\/velo-clube-conquista-o-paulistao-a2-e-sobe-a-elite-com-o-noroeste\/#primaryimage"},"thumbnailUrl":"https:\/\/universoesportivo.net\/wp-content\/uploads\/2024\/05\/velofoicampeao.jpg","articleSection":["ESPORTES","Futebol"],"inLanguage":"pt-BR","potentialAction":[{"@type":"CommentAction","name":"Comment","target":["https:\/\/universoesportivo.net\/index.php\/2024\/04\/13\/velo-clube-conquista-o-paulistao-a2-e-sobe-a-elite-com-o-noroeste\/#respond"]}]},{"@type":"WebPage","@id":"https:\/\/universoesportivo.net\/index.php\/2024\/04\/13\/velo-clube-conquista-o-paulistao-a2-e-sobe-a-elite-com-o-noroeste\/","url":"https:\/\/universoesportivo.net\/index.php\/2024\/04\/13\/velo-clube-conquista-o-paulistao-a2-e-sobe-a-elite-com-o-noroeste\/","name":"Velo Clube conquista o Paulist\u00e3o A2 e sobe \u00e0 elite com o Noroeste - Universo Esportivo","isPartOf":{"@id":"https:\/\/universoesportivo.net\/#website"},"primaryImageOfPage":{"@id":"https:\/\/universoesportivo.net\/index.php\/2024\/04\/13\/velo-clube-conquista-o-paulistao-a2-e-sobe-a-elite-com-o-noroeste\/#primaryimage"},"image":{"@id":"https:\/\/universoesportivo.net\/index.php\/2024\/04\/13\/velo-clube-conquista-o-paulistao-a2-e-sobe-a-elite-com-o-noroeste\/#primaryimage"},"thumbnailUrl":"https:\/\/universoesportivo.net\/wp-content\/uploads\/2024\/05\/velofoicampeao.jpg","datePublished":"2024-04-13T21:23:27+00:00","dateModified":"2024-05-04T15:27:32+00:00","breadcrumb":{"@id":"https:\/\/universoesportivo.net\/index.php\/2024\/04\/13\/velo-clube-conquista-o-paulistao-a2-e-sobe-a-elite-com-o-noroeste\/#breadcrumb"},"inLanguage":"pt-BR","potentialAction":[{"@type":"ReadAction","target":["https:\/\/universoesportivo.net\/index.php\/2024\/04\/13\/velo-clube-conquista-o-paulistao-a2-e-sobe-a-elite-com-o-noroeste\/"]}]},{"@type":"ImageObject","inLanguage":"pt-BR","@id":"https:\/\/universoesportivo.net\/index.php\/2024\/04\/13\/velo-clube-conquista-o-paulistao-a2-e-sobe-a-elite-com-o-noroeste\/#primaryimage","url":"https:\/\/universoesportivo.net\/wp-content\/uploads\/2024\/05\/velofoicampeao.jpg","contentUrl":"https:\/\/universoesportivo.net\/wp-content\/uploads\/2024\/05\/velofoicampeao.jpg","width":708,"height":465},{"@type":"BreadcrumbList","@id":"https:\/\/universoesportivo.net\/index.php\/2024\/04\/13\/velo-clube-conquista-o-paulistao-a2-e-sobe-a-elite-com-o-noroeste\/#breadcrumb","itemListElement":[{"@type":"ListItem","position":1,"name":"In\u00edcio","item":"https:\/\/universoesportivo.net\/"},{"@type":"ListItem","position":2,"name":"Velo Clube conquista o Paulist\u00e3o A2 e sobe \u00e0 elite com o Noroeste"}]},{"@type":"WebSite","@id":"https:\/\/universoesportivo.net\/#website","url":"https:\/\/universoesportivo.net\/","name":"Universo Esportivo","description":"O portal de todas as modalidades esportivas!","publisher":{"@id":"https:\/\/universoesportivo.net\/#organization"},"alternateName":"Jornalista Tiago Contador Lotto","potentialAction":[{"@type":"SearchAction","target":{"@type":"EntryPoint","urlTemplate":"https:\/\/universoesportivo.net\/?s={search_term_string}"},"query-input":{"@type":"PropertyValueSpecification","valueRequired":true,"valueName":"search_term_string"}}],"inLanguage":"pt-BR"},{"@type":"Organization","@id":"https:\/\/universoesportivo.net\/#organization","name":"Universo Esportivo","alternateName":"Tiago Lotto","url":"https:\/\/universoesportivo.net\/","logo":{"@type":"ImageObject","inLanguage":"pt-BR","@id":"https:\/\/universoesportivo.net\/#\/schema\/logo\/image\/","url":"https:\/\/universoesportivo.net\/wp-content\/uploads\/2024\/05\/cropped-cropped-universo-6.png","contentUrl":"https:\/\/universoesportivo.net\/wp-content\/uploads\/2024\/05\/cropped-cropped-universo-6.png","width":413,"height":295,"caption":"Universo Esportivo"},"image":{"@id":"https:\/\/universoesportivo.net\/#\/schema\/logo\/image\/"},"sameAs":["https:\/\/www.facebook.com\/universoesportivo.net"]},{"@type":"Person","@id":"https:\/\/universoesportivo.net\/#\/schema\/person\/62bc311bc7def56a6bc83711536e74bd","name":"Tiago Lotto","image":{"@type":"ImageObject","inLanguage":"pt-BR","@id":"https:\/\/secure.gravatar.com\/avatar\/fd6891125b3fb6ba0b794cd20c3398d5bb0fa20d2b9963a95f19470e5a6192f7?s=96&d=mm&r=g","url":"https:\/\/secure.gravatar.com\/avatar\/fd6891125b3fb6ba0b794cd20c3398d5bb0fa20d2b9963a95f19470e5a6192f7?s=96&d=mm&r=g","contentUrl":"https:\/\/secure.gravatar.com\/avatar\/fd6891125b3fb6ba0b794cd20c3398d5bb0fa20d2b9963a95f19470e5a6192f7?s=96&d=mm&r=g","caption":"Tiago Lotto"},"url":"https:\/\/universoesportivo.net\/index.php\/author\/tiago-lotto\/"}]}},"jetpack_featured_media_url":"https:\/\/universoesportivo.net\/wp-content\/uploads\/2024\/05\/velofoicampeao.jpg","_links":{"self":[{"href":"https:\/\/universoesportivo.net\/index.php\/wp-json\/wp\/v2\/posts\/922","targetHints":{"allow":["GET"]}}],"collection":[{"href":"https:\/\/universoesportivo.net\/index.php\/wp-json\/wp\/v2\/posts"}],"about":[{"href":"https:\/\/universoesportivo.net\/index.php\/wp-json\/wp\/v2\/types\/post"}],"author":[{"embeddable":true,"href":"https:\/\/universoesportivo.net\/index.php\/wp-json\/wp\/v2\/users\/2"}],"replies":[{"embeddable":true,"href":"https:\/\/universoesportivo.net\/index.php\/wp-json\/wp\/v2\/comments?post=922"}],"version-history":[{"count":2,"href":"https:\/\/universoesportivo.net\/index.php\/wp-json\/wp\/v2\/posts\/922\/revisions"}],"predecessor-version":[{"id":925,"href":"https:\/\/universoesportivo.net\/index.php\/wp-json\/wp\/v2\/posts\/922\/revisions\/925"}],"wp:featuredmedia":[{"embeddable":true,"href":"https:\/\/universoesportivo.net\/index.php\/wp-json\/wp\/v2\/media\/923"}],"wp:attachment":[{"href":"https:\/\/universoesportivo.net\/index.php\/wp-json\/wp\/v2\/media?parent=922"}],"wp:term":[{"taxonomy":"category","embeddable":true,"href":"https:\/\/universoesportivo.net\/index.php\/wp-json\/wp\/v2\/categories?post=922"},{"taxonomy":"post_tag","embeddable":true,"href":"https:\/\/universoesportivo.net\/index.php\/wp-json\/wp\/v2\/tags?post=922"}],"curies":[{"name":"wp","href":"https:\/\/api.w.org\/{rel}","templated":true}]}}