{"id":975,"date":"2024-05-04T17:28:19","date_gmt":"2024-05-04T20:28:19","guid":{"rendered":"https:\/\/universoesportivo.net\/?p=975"},"modified":"2024-05-07T21:43:22","modified_gmt":"2024-05-08T00:43:22","slug":"felipe-drugovich-disputara-as-24-horas-de-le-mans-pela-equipe-action-express-racing","status":"publish","type":"post","link":"https:\/\/universoesportivo.net\/index.php\/2024\/05\/04\/felipe-drugovich-disputara-as-24-horas-de-le-mans-pela-equipe-action-express-racing\/","title":{"rendered":"Felipe Drugovich disputar\u00e1 as 24 Horas de Le Mans pela equipe Action Express Racing"},"content":{"rendered":"\n<p class=\"has-medium-font-size\">Piloto de testes e de desenvolvimento da equipe Aston Martin na F\u00f3rmula 1, Felipe Drugovich (Porto | Drugovich | Localiza | Stilo) far\u00e1 sua estreia em uma das mais ic\u00f4nicas provas do automobilismo mundial. Na Fran\u00e7a, entre os dias 15 e 16 de junho, ele disputar\u00e1 a 92\u00aa edi\u00e7\u00e3o das 24 Horas de Le Mans na equipe Action Express Racing.<\/p>\n\n\n\n<p class=\"has-medium-font-size\">O piloto de Maring\u00e1 (PR) dividir\u00e1 a pilotagem do Whelen Cadillac V-Series.R com o tamb\u00e9m brasileiro Pipo Derani e com o anglo-sul-coreano Jack Aitken. \u201cSer\u00e1, sem d\u00favidas, a realiza\u00e7\u00e3o de um sonho e uma oportunidade \u00fanica em minha carreira\u201d, destacou o campe\u00e3o da F\u00f3rmula 2 em 2022.<\/p>\n\n\n\n<p class=\"has-medium-font-size\">\u201cVou correr as 24 Horas de Le Mans, uma prova \u2018m\u00e1gica\u2019, pela equipe oficial da Cadillac e estou muito feliz por isso. A equipe Action Express Racing \u00e9 muito forte, tradicional e formaremos um time de pilotos muito coeso. Tor\u00e7am pelo #311\u201d, completou o piloto.<\/p>\n\n\n\n<p class=\"has-medium-font-size\">Felipe Drugovich atualmente se divide entre suas fun\u00e7\u00f5es na equipe inglesa na F\u00f3rmula 1 e sua participa\u00e7\u00e3o na Endurance Le Mans Series (ELMS), onde compete pela equipe Vector Sport na divis\u00e3o LMP2.<\/p>\n\n\n\n<p class=\"has-medium-font-size\">A 92\u00aa edi\u00e7\u00e3o das 24 Horas de Le Mans ser\u00e1 disputada no Circuito de La Sarthe, na Fran\u00e7a, em uma pista com 13,6 km de extens\u00e3o e com 58 carros inscritos.<\/p>\n\n\n\n<p class=\"has-medium-font-size\">KG COM Assessoria de Comunica\u00e7\u00e3o &#8211; Erno Drehmer<\/p>\n","protected":false},"excerpt":{"rendered":"<p>A 92\u00aa edi\u00e7\u00e3o das 24 Horas de Le Mans ser\u00e1 disputada no Circuito de La Sarthe (Fran\u00e7a) nos dias 15 e 16 de junho. Piloto brasileiro diz que est\u00e1 realizando um sonho.<\/p>\n","protected":false},"author":2,"featured_media":978,"comment_status":"closed","ping_status":"closed","sticky":false,"template":"","format":"standard","meta":{"colormag_page_container_layout":"default_layout","colormag_page_sidebar_layout":"default_layout","footnotes":""},"categories":[17,46],"tags":[],"class_list":["post-975","post","type-post","status-publish","format-standard","has-post-thumbnail","hentry","category-esportes","category-kart"],"magazineBlocksPostFeaturedMedia":{"thumbnail":"https:\/\/universoesportivo.net\/wp-content\/uploads\/2024\/05\/felipe2-150x150.jpg","medium":"https:\/\/universoesportivo.net\/wp-content\/uploads\/2024\/05\/felipe2-300x172.jpg","medium_large":"https:\/\/universoesportivo.net\/wp-content\/uploads\/2024\/05\/felipe2.jpg","large":"https:\/\/universoesportivo.net\/wp-content\/uploads\/2024\/05\/felipe2.jpg","1536x1536":"https:\/\/universoesportivo.net\/wp-content\/uploads\/2024\/05\/felipe2.jpg","2048x2048":"https:\/\/universoesportivo.net\/wp-content\/uploads\/2024\/05\/felipe2.jpg","trp-custom-language-flag":"https:\/\/universoesportivo.net\/wp-content\/uploads\/2024\/05\/felipe2-18x10.jpg","colormag-highlighted-post":"https:\/\/universoesportivo.net\/wp-content\/uploads\/2024\/05\/felipe2-392x272.jpg","colormag-featured-post-medium":"https:\/\/universoesportivo.net\/wp-content\/uploads\/2024\/05\/felipe2-390x205.jpg","colormag-featured-post-small":"https:\/\/universoesportivo.net\/wp-content\/uploads\/2024\/05\/felipe2-130x90.jpg","colormag-featured-image":"https:\/\/universoesportivo.net\/wp-content\/uploads\/2024\/05\/felipe2.jpg","colormag-default-news":"https:\/\/universoesportivo.net\/wp-content\/uploads\/2024\/05\/felipe2-150x150.jpg","colormag-featured-image-large":"https:\/\/universoesportivo.net\/wp-content\/uploads\/2024\/05\/felipe2.jpg","colormag-elementor-block-extra-large-thumbnail":"https:\/\/universoesportivo.net\/wp-content\/uploads\/2024\/05\/felipe2.jpg","colormag-elementor-grid-large-thumbnail":"https:\/\/universoesportivo.net\/wp-content\/uploads\/2024\/05\/felipe2-600x366.jpg","colormag-elementor-grid-small-thumbnail":"https:\/\/universoesportivo.net\/wp-content\/uploads\/2024\/05\/felipe2-285x366.jpg","colormag-elementor-grid-medium-large-thumbnail":"https:\/\/universoesportivo.net\/wp-content\/uploads\/2024\/05\/felipe2-575x198.jpg"},"magazineBlocksPostAuthor":{"name":"Tiago Lotto","avatar":"https:\/\/secure.gravatar.com\/avatar\/fd6891125b3fb6ba0b794cd20c3398d5bb0fa20d2b9963a95f19470e5a6192f7?s=96&d=mm&r=g"},"magazineBlocksPostCommentsNumber":false,"magazineBlocksPostExcerpt":"A 92\u00aa edi\u00e7\u00e3o das 24 Horas de Le Mans ser\u00e1 disputada no Circuito de La Sarthe (Fran\u00e7a) nos dias 15 e 16 de junho. Piloto brasileiro diz que est\u00e1 realizando um sonho.","magazineBlocksPostCategories":["ESPORTES","Kart"],"magazineBlocksPostViewCount":36,"magazineBlocksPostReadTime":2,"magazine_blocks_featured_image_url":{"full":["https:\/\/universoesportivo.net\/wp-content\/uploads\/2024\/05\/felipe2.jpg",640,366,false],"medium":["https:\/\/universoesportivo.net\/wp-content\/uploads\/2024\/05\/felipe2-300x172.jpg",300,172,true],"thumbnail":["https:\/\/universoesportivo.net\/wp-content\/uploads\/2024\/05\/felipe2-150x150.jpg",150,150,true]},"magazine_blocks_author":{"display_name":"Tiago Lotto","author_link":"https:\/\/universoesportivo.net\/index.php\/author\/tiago-lotto\/"},"magazine_blocks_comment":0,"magazine_blocks_author_image":"https:\/\/secure.gravatar.com\/avatar\/fd6891125b3fb6ba0b794cd20c3398d5bb0fa20d2b9963a95f19470e5a6192f7?s=96&d=mm&r=g","magazine_blocks_category":"<a href=\"#\" class=\"category-link category-link-17\">ESPORTES<\/a> <a href=\"#\" class=\"category-link category-link-46\">Kart<\/a>","yoast_head":"<!-- This site is optimized with the Yoast SEO plugin v27.4 - https:\/\/yoast.com\/product\/yoast-seo-wordpress\/ -->\n<title>Felipe Drugovich disputar\u00e1 as 24 Horas de Le Mans pela equipe Action Express Racing - Universo Esportivo<\/title>\n<meta name=\"robots\" content=\"index, follow, max-snippet:-1, max-image-preview:large, max-video-preview:-1\" \/>\n<link rel=\"canonical\" href=\"https:\/\/universoesportivo.net\/index.php\/2024\/05\/04\/felipe-drugovich-disputara-as-24-horas-de-le-mans-pela-equipe-action-express-racing\/\" \/>\n<meta property=\"og:locale\" content=\"pt_BR\" \/>\n<meta property=\"og:type\" content=\"article\" \/>\n<meta property=\"og:title\" content=\"Felipe Drugovich disputar\u00e1 as 24 Horas de Le Mans pela equipe Action Express Racing - Universo Esportivo\" \/>\n<meta property=\"og:description\" content=\"A 92\u00aa edi\u00e7\u00e3o das 24 Horas de Le Mans ser\u00e1 disputada no Circuito de La Sarthe (Fran\u00e7a) nos dias 15 e 16 de junho. Piloto brasileiro diz que est\u00e1 realizando um sonho.\" \/>\n<meta property=\"og:url\" content=\"https:\/\/universoesportivo.net\/index.php\/2024\/05\/04\/felipe-drugovich-disputara-as-24-horas-de-le-mans-pela-equipe-action-express-racing\/\" \/>\n<meta property=\"og:site_name\" content=\"Universo Esportivo\" \/>\n<meta property=\"article:publisher\" content=\"https:\/\/www.facebook.com\/universoesportivo.net\" \/>\n<meta property=\"article:published_time\" content=\"2024-05-04T20:28:19+00:00\" \/>\n<meta property=\"article:modified_time\" content=\"2024-05-08T00:43:22+00:00\" \/>\n<meta property=\"og:image\" content=\"https:\/\/universoesportivo.net\/wp-content\/uploads\/2024\/05\/felipe2.jpg\" \/>\n\t<meta property=\"og:image:width\" content=\"640\" \/>\n\t<meta property=\"og:image:height\" content=\"366\" \/>\n\t<meta property=\"og:image:type\" content=\"image\/jpeg\" \/>\n<meta name=\"author\" content=\"Tiago Lotto\" \/>\n<meta name=\"twitter:card\" content=\"summary_large_image\" \/>\n<meta name=\"twitter:label1\" content=\"Escrito por\" \/>\n\t<meta name=\"twitter:data1\" content=\"Tiago Lotto\" \/>\n\t<meta name=\"twitter:label2\" content=\"Est. tempo de leitura\" \/>\n\t<meta name=\"twitter:data2\" content=\"2 minutos\" \/>\n<script type=\"application\/ld+json\" class=\"yoast-schema-graph\">{\"@context\":\"https:\\\/\\\/schema.org\",\"@graph\":[{\"@type\":\"Article\",\"@id\":\"https:\\\/\\\/universoesportivo.net\\\/index.php\\\/2024\\\/05\\\/04\\\/felipe-drugovich-disputara-as-24-horas-de-le-mans-pela-equipe-action-express-racing\\\/#article\",\"isPartOf\":{\"@id\":\"https:\\\/\\\/universoesportivo.net\\\/index.php\\\/2024\\\/05\\\/04\\\/felipe-drugovich-disputara-as-24-horas-de-le-mans-pela-equipe-action-express-racing\\\/\"},\"author\":{\"name\":\"Tiago Lotto\",\"@id\":\"https:\\\/\\\/universoesportivo.net\\\/#\\\/schema\\\/person\\\/62bc311bc7def56a6bc83711536e74bd\"},\"headline\":\"Felipe Drugovich disputar\u00e1 as 24 Horas de Le Mans pela equipe Action Express Racing\",\"datePublished\":\"2024-05-04T20:28:19+00:00\",\"dateModified\":\"2024-05-08T00:43:22+00:00\",\"mainEntityOfPage\":{\"@id\":\"https:\\\/\\\/universoesportivo.net\\\/index.php\\\/2024\\\/05\\\/04\\\/felipe-drugovich-disputara-as-24-horas-de-le-mans-pela-equipe-action-express-racing\\\/\"},\"wordCount\":238,\"publisher\":{\"@id\":\"https:\\\/\\\/universoesportivo.net\\\/#organization\"},\"image\":{\"@id\":\"https:\\\/\\\/universoesportivo.net\\\/index.php\\\/2024\\\/05\\\/04\\\/felipe-drugovich-disputara-as-24-horas-de-le-mans-pela-equipe-action-express-racing\\\/#primaryimage\"},\"thumbnailUrl\":\"https:\\\/\\\/universoesportivo.net\\\/wp-content\\\/uploads\\\/2024\\\/05\\\/felipe2.jpg\",\"articleSection\":[\"ESPORTES\",\"Kart\"],\"inLanguage\":\"pt-BR\"},{\"@type\":\"WebPage\",\"@id\":\"https:\\\/\\\/universoesportivo.net\\\/index.php\\\/2024\\\/05\\\/04\\\/felipe-drugovich-disputara-as-24-horas-de-le-mans-pela-equipe-action-express-racing\\\/\",\"url\":\"https:\\\/\\\/universoesportivo.net\\\/index.php\\\/2024\\\/05\\\/04\\\/felipe-drugovich-disputara-as-24-horas-de-le-mans-pela-equipe-action-express-racing\\\/\",\"name\":\"Felipe Drugovich disputar\u00e1 as 24 Horas de Le Mans pela equipe Action Express Racing - Universo Esportivo\",\"isPartOf\":{\"@id\":\"https:\\\/\\\/universoesportivo.net\\\/#website\"},\"primaryImageOfPage\":{\"@id\":\"https:\\\/\\\/universoesportivo.net\\\/index.php\\\/2024\\\/05\\\/04\\\/felipe-drugovich-disputara-as-24-horas-de-le-mans-pela-equipe-action-express-racing\\\/#primaryimage\"},\"image\":{\"@id\":\"https:\\\/\\\/universoesportivo.net\\\/index.php\\\/2024\\\/05\\\/04\\\/felipe-drugovich-disputara-as-24-horas-de-le-mans-pela-equipe-action-express-racing\\\/#primaryimage\"},\"thumbnailUrl\":\"https:\\\/\\\/universoesportivo.net\\\/wp-content\\\/uploads\\\/2024\\\/05\\\/felipe2.jpg\",\"datePublished\":\"2024-05-04T20:28:19+00:00\",\"dateModified\":\"2024-05-08T00:43:22+00:00\",\"breadcrumb\":{\"@id\":\"https:\\\/\\\/universoesportivo.net\\\/index.php\\\/2024\\\/05\\\/04\\\/felipe-drugovich-disputara-as-24-horas-de-le-mans-pela-equipe-action-express-racing\\\/#breadcrumb\"},\"inLanguage\":\"pt-BR\",\"potentialAction\":[{\"@type\":\"ReadAction\",\"target\":[\"https:\\\/\\\/universoesportivo.net\\\/index.php\\\/2024\\\/05\\\/04\\\/felipe-drugovich-disputara-as-24-horas-de-le-mans-pela-equipe-action-express-racing\\\/\"]}]},{\"@type\":\"ImageObject\",\"inLanguage\":\"pt-BR\",\"@id\":\"https:\\\/\\\/universoesportivo.net\\\/index.php\\\/2024\\\/05\\\/04\\\/felipe-drugovich-disputara-as-24-horas-de-le-mans-pela-equipe-action-express-racing\\\/#primaryimage\",\"url\":\"https:\\\/\\\/universoesportivo.net\\\/wp-content\\\/uploads\\\/2024\\\/05\\\/felipe2.jpg\",\"contentUrl\":\"https:\\\/\\\/universoesportivo.net\\\/wp-content\\\/uploads\\\/2024\\\/05\\\/felipe2.jpg\",\"width\":640,\"height\":366},{\"@type\":\"BreadcrumbList\",\"@id\":\"https:\\\/\\\/universoesportivo.net\\\/index.php\\\/2024\\\/05\\\/04\\\/felipe-drugovich-disputara-as-24-horas-de-le-mans-pela-equipe-action-express-racing\\\/#breadcrumb\",\"itemListElement\":[{\"@type\":\"ListItem\",\"position\":1,\"name\":\"In\u00edcio\",\"item\":\"https:\\\/\\\/universoesportivo.net\\\/\"},{\"@type\":\"ListItem\",\"position\":2,\"name\":\"Felipe Drugovich disputar\u00e1 as 24 Horas de Le Mans pela equipe Action Express Racing\"}]},{\"@type\":\"WebSite\",\"@id\":\"https:\\\/\\\/universoesportivo.net\\\/#website\",\"url\":\"https:\\\/\\\/universoesportivo.net\\\/\",\"name\":\"Universo Esportivo\",\"description\":\"O portal de todas as modalidades esportivas!\",\"publisher\":{\"@id\":\"https:\\\/\\\/universoesportivo.net\\\/#organization\"},\"alternateName\":\"Jornalista Tiago Contador Lotto\",\"potentialAction\":[{\"@type\":\"SearchAction\",\"target\":{\"@type\":\"EntryPoint\",\"urlTemplate\":\"https:\\\/\\\/universoesportivo.net\\\/?s={search_term_string}\"},\"query-input\":{\"@type\":\"PropertyValueSpecification\",\"valueRequired\":true,\"valueName\":\"search_term_string\"}}],\"inLanguage\":\"pt-BR\"},{\"@type\":\"Organization\",\"@id\":\"https:\\\/\\\/universoesportivo.net\\\/#organization\",\"name\":\"Universo Esportivo\",\"alternateName\":\"Tiago Lotto\",\"url\":\"https:\\\/\\\/universoesportivo.net\\\/\",\"logo\":{\"@type\":\"ImageObject\",\"inLanguage\":\"pt-BR\",\"@id\":\"https:\\\/\\\/universoesportivo.net\\\/#\\\/schema\\\/logo\\\/image\\\/\",\"url\":\"https:\\\/\\\/universoesportivo.net\\\/wp-content\\\/uploads\\\/2024\\\/05\\\/cropped-cropped-universo-6.png\",\"contentUrl\":\"https:\\\/\\\/universoesportivo.net\\\/wp-content\\\/uploads\\\/2024\\\/05\\\/cropped-cropped-universo-6.png\",\"width\":413,\"height\":295,\"caption\":\"Universo Esportivo\"},\"image\":{\"@id\":\"https:\\\/\\\/universoesportivo.net\\\/#\\\/schema\\\/logo\\\/image\\\/\"},\"sameAs\":[\"https:\\\/\\\/www.facebook.com\\\/universoesportivo.net\"]},{\"@type\":\"Person\",\"@id\":\"https:\\\/\\\/universoesportivo.net\\\/#\\\/schema\\\/person\\\/62bc311bc7def56a6bc83711536e74bd\",\"name\":\"Tiago Lotto\",\"image\":{\"@type\":\"ImageObject\",\"inLanguage\":\"pt-BR\",\"@id\":\"https:\\\/\\\/secure.gravatar.com\\\/avatar\\\/fd6891125b3fb6ba0b794cd20c3398d5bb0fa20d2b9963a95f19470e5a6192f7?s=96&d=mm&r=g\",\"url\":\"https:\\\/\\\/secure.gravatar.com\\\/avatar\\\/fd6891125b3fb6ba0b794cd20c3398d5bb0fa20d2b9963a95f19470e5a6192f7?s=96&d=mm&r=g\",\"contentUrl\":\"https:\\\/\\\/secure.gravatar.com\\\/avatar\\\/fd6891125b3fb6ba0b794cd20c3398d5bb0fa20d2b9963a95f19470e5a6192f7?s=96&d=mm&r=g\",\"caption\":\"Tiago Lotto\"},\"url\":\"https:\\\/\\\/universoesportivo.net\\\/index.php\\\/author\\\/tiago-lotto\\\/\"}]}<\/script>\n<!-- \/ Yoast SEO plugin. -->","yoast_head_json":{"title":"Felipe Drugovich disputar\u00e1 as 24 Horas de Le Mans pela equipe Action Express Racing - Universo Esportivo","robots":{"index":"index","follow":"follow","max-snippet":"max-snippet:-1","max-image-preview":"max-image-preview:large","max-video-preview":"max-video-preview:-1"},"canonical":"https:\/\/universoesportivo.net\/index.php\/2024\/05\/04\/felipe-drugovich-disputara-as-24-horas-de-le-mans-pela-equipe-action-express-racing\/","og_locale":"pt_BR","og_type":"article","og_title":"Felipe Drugovich disputar\u00e1 as 24 Horas de Le Mans pela equipe Action Express Racing - Universo Esportivo","og_description":"A 92\u00aa edi\u00e7\u00e3o das 24 Horas de Le Mans ser\u00e1 disputada no Circuito de La Sarthe (Fran\u00e7a) nos dias 15 e 16 de junho. Piloto brasileiro diz que est\u00e1 realizando um sonho.","og_url":"https:\/\/universoesportivo.net\/index.php\/2024\/05\/04\/felipe-drugovich-disputara-as-24-horas-de-le-mans-pela-equipe-action-express-racing\/","og_site_name":"Universo Esportivo","article_publisher":"https:\/\/www.facebook.com\/universoesportivo.net","article_published_time":"2024-05-04T20:28:19+00:00","article_modified_time":"2024-05-08T00:43:22+00:00","og_image":[{"width":640,"height":366,"url":"https:\/\/universoesportivo.net\/wp-content\/uploads\/2024\/05\/felipe2.jpg","type":"image\/jpeg"}],"author":"Tiago Lotto","twitter_card":"summary_large_image","twitter_misc":{"Escrito por":"Tiago Lotto","Est. tempo de leitura":"2 minutos"},"schema":{"@context":"https:\/\/schema.org","@graph":[{"@type":"Article","@id":"https:\/\/universoesportivo.net\/index.php\/2024\/05\/04\/felipe-drugovich-disputara-as-24-horas-de-le-mans-pela-equipe-action-express-racing\/#article","isPartOf":{"@id":"https:\/\/universoesportivo.net\/index.php\/2024\/05\/04\/felipe-drugovich-disputara-as-24-horas-de-le-mans-pela-equipe-action-express-racing\/"},"author":{"name":"Tiago Lotto","@id":"https:\/\/universoesportivo.net\/#\/schema\/person\/62bc311bc7def56a6bc83711536e74bd"},"headline":"Felipe Drugovich disputar\u00e1 as 24 Horas de Le Mans pela equipe Action Express Racing","datePublished":"2024-05-04T20:28:19+00:00","dateModified":"2024-05-08T00:43:22+00:00","mainEntityOfPage":{"@id":"https:\/\/universoesportivo.net\/index.php\/2024\/05\/04\/felipe-drugovich-disputara-as-24-horas-de-le-mans-pela-equipe-action-express-racing\/"},"wordCount":238,"publisher":{"@id":"https:\/\/universoesportivo.net\/#organization"},"image":{"@id":"https:\/\/universoesportivo.net\/index.php\/2024\/05\/04\/felipe-drugovich-disputara-as-24-horas-de-le-mans-pela-equipe-action-express-racing\/#primaryimage"},"thumbnailUrl":"https:\/\/universoesportivo.net\/wp-content\/uploads\/2024\/05\/felipe2.jpg","articleSection":["ESPORTES","Kart"],"inLanguage":"pt-BR"},{"@type":"WebPage","@id":"https:\/\/universoesportivo.net\/index.php\/2024\/05\/04\/felipe-drugovich-disputara-as-24-horas-de-le-mans-pela-equipe-action-express-racing\/","url":"https:\/\/universoesportivo.net\/index.php\/2024\/05\/04\/felipe-drugovich-disputara-as-24-horas-de-le-mans-pela-equipe-action-express-racing\/","name":"Felipe Drugovich disputar\u00e1 as 24 Horas de Le Mans pela equipe Action Express Racing - Universo Esportivo","isPartOf":{"@id":"https:\/\/universoesportivo.net\/#website"},"primaryImageOfPage":{"@id":"https:\/\/universoesportivo.net\/index.php\/2024\/05\/04\/felipe-drugovich-disputara-as-24-horas-de-le-mans-pela-equipe-action-express-racing\/#primaryimage"},"image":{"@id":"https:\/\/universoesportivo.net\/index.php\/2024\/05\/04\/felipe-drugovich-disputara-as-24-horas-de-le-mans-pela-equipe-action-express-racing\/#primaryimage"},"thumbnailUrl":"https:\/\/universoesportivo.net\/wp-content\/uploads\/2024\/05\/felipe2.jpg","datePublished":"2024-05-04T20:28:19+00:00","dateModified":"2024-05-08T00:43:22+00:00","breadcrumb":{"@id":"https:\/\/universoesportivo.net\/index.php\/2024\/05\/04\/felipe-drugovich-disputara-as-24-horas-de-le-mans-pela-equipe-action-express-racing\/#breadcrumb"},"inLanguage":"pt-BR","potentialAction":[{"@type":"ReadAction","target":["https:\/\/universoesportivo.net\/index.php\/2024\/05\/04\/felipe-drugovich-disputara-as-24-horas-de-le-mans-pela-equipe-action-express-racing\/"]}]},{"@type":"ImageObject","inLanguage":"pt-BR","@id":"https:\/\/universoesportivo.net\/index.php\/2024\/05\/04\/felipe-drugovich-disputara-as-24-horas-de-le-mans-pela-equipe-action-express-racing\/#primaryimage","url":"https:\/\/universoesportivo.net\/wp-content\/uploads\/2024\/05\/felipe2.jpg","contentUrl":"https:\/\/universoesportivo.net\/wp-content\/uploads\/2024\/05\/felipe2.jpg","width":640,"height":366},{"@type":"BreadcrumbList","@id":"https:\/\/universoesportivo.net\/index.php\/2024\/05\/04\/felipe-drugovich-disputara-as-24-horas-de-le-mans-pela-equipe-action-express-racing\/#breadcrumb","itemListElement":[{"@type":"ListItem","position":1,"name":"In\u00edcio","item":"https:\/\/universoesportivo.net\/"},{"@type":"ListItem","position":2,"name":"Felipe Drugovich disputar\u00e1 as 24 Horas de Le Mans pela equipe Action Express Racing"}]},{"@type":"WebSite","@id":"https:\/\/universoesportivo.net\/#website","url":"https:\/\/universoesportivo.net\/","name":"Universo Esportivo","description":"O portal de todas as modalidades esportivas!","publisher":{"@id":"https:\/\/universoesportivo.net\/#organization"},"alternateName":"Jornalista Tiago Contador Lotto","potentialAction":[{"@type":"SearchAction","target":{"@type":"EntryPoint","urlTemplate":"https:\/\/universoesportivo.net\/?s={search_term_string}"},"query-input":{"@type":"PropertyValueSpecification","valueRequired":true,"valueName":"search_term_string"}}],"inLanguage":"pt-BR"},{"@type":"Organization","@id":"https:\/\/universoesportivo.net\/#organization","name":"Universo Esportivo","alternateName":"Tiago Lotto","url":"https:\/\/universoesportivo.net\/","logo":{"@type":"ImageObject","inLanguage":"pt-BR","@id":"https:\/\/universoesportivo.net\/#\/schema\/logo\/image\/","url":"https:\/\/universoesportivo.net\/wp-content\/uploads\/2024\/05\/cropped-cropped-universo-6.png","contentUrl":"https:\/\/universoesportivo.net\/wp-content\/uploads\/2024\/05\/cropped-cropped-universo-6.png","width":413,"height":295,"caption":"Universo Esportivo"},"image":{"@id":"https:\/\/universoesportivo.net\/#\/schema\/logo\/image\/"},"sameAs":["https:\/\/www.facebook.com\/universoesportivo.net"]},{"@type":"Person","@id":"https:\/\/universoesportivo.net\/#\/schema\/person\/62bc311bc7def56a6bc83711536e74bd","name":"Tiago Lotto","image":{"@type":"ImageObject","inLanguage":"pt-BR","@id":"https:\/\/secure.gravatar.com\/avatar\/fd6891125b3fb6ba0b794cd20c3398d5bb0fa20d2b9963a95f19470e5a6192f7?s=96&d=mm&r=g","url":"https:\/\/secure.gravatar.com\/avatar\/fd6891125b3fb6ba0b794cd20c3398d5bb0fa20d2b9963a95f19470e5a6192f7?s=96&d=mm&r=g","contentUrl":"https:\/\/secure.gravatar.com\/avatar\/fd6891125b3fb6ba0b794cd20c3398d5bb0fa20d2b9963a95f19470e5a6192f7?s=96&d=mm&r=g","caption":"Tiago Lotto"},"url":"https:\/\/universoesportivo.net\/index.php\/author\/tiago-lotto\/"}]}},"jetpack_featured_media_url":"https:\/\/universoesportivo.net\/wp-content\/uploads\/2024\/05\/felipe2.jpg","_links":{"self":[{"href":"https:\/\/universoesportivo.net\/index.php\/wp-json\/wp\/v2\/posts\/975","targetHints":{"allow":["GET"]}}],"collection":[{"href":"https:\/\/universoesportivo.net\/index.php\/wp-json\/wp\/v2\/posts"}],"about":[{"href":"https:\/\/universoesportivo.net\/index.php\/wp-json\/wp\/v2\/types\/post"}],"author":[{"embeddable":true,"href":"https:\/\/universoesportivo.net\/index.php\/wp-json\/wp\/v2\/users\/2"}],"replies":[{"embeddable":true,"href":"https:\/\/universoesportivo.net\/index.php\/wp-json\/wp\/v2\/comments?post=975"}],"version-history":[{"count":1,"href":"https:\/\/universoesportivo.net\/index.php\/wp-json\/wp\/v2\/posts\/975\/revisions"}],"predecessor-version":[{"id":977,"href":"https:\/\/universoesportivo.net\/index.php\/wp-json\/wp\/v2\/posts\/975\/revisions\/977"}],"wp:featuredmedia":[{"embeddable":true,"href":"https:\/\/universoesportivo.net\/index.php\/wp-json\/wp\/v2\/media\/978"}],"wp:attachment":[{"href":"https:\/\/universoesportivo.net\/index.php\/wp-json\/wp\/v2\/media?parent=975"}],"wp:term":[{"taxonomy":"category","embeddable":true,"href":"https:\/\/universoesportivo.net\/index.php\/wp-json\/wp\/v2\/categories?post=975"},{"taxonomy":"post_tag","embeddable":true,"href":"https:\/\/universoesportivo.net\/index.php\/wp-json\/wp\/v2\/tags?post=975"}],"curies":[{"name":"wp","href":"https:\/\/api.w.org\/{rel}","templated":true}]}}