{"id":979,"date":"2024-05-07T21:49:51","date_gmt":"2024-05-08T00:49:51","guid":{"rendered":"https:\/\/universoesportivo.net\/?p=979"},"modified":"2024-05-07T21:53:26","modified_gmt":"2024-05-08T00:53:26","slug":"quero-representar-o-brasil-na-natacao-diz-atleta-catanduvense-de-8-anos","status":"publish","type":"post","link":"https:\/\/universoesportivo.net\/index.php\/2024\/05\/07\/quero-representar-o-brasil-na-natacao-diz-atleta-catanduvense-de-8-anos\/","title":{"rendered":"\u201cQuero representar o Brasil na nata\u00e7\u00e3o\u201d, diz Valentina, atleta catanduvense de apenas 8 anos"},"content":{"rendered":"\n<p class=\"has-medium-font-size\">Com apenas 8 anos, a atleta catanduvense Valentina Neves Bruschi, da categoria Mirim, conquistou destaque nacional na nata\u00e7\u00e3o. A jovem \u00e9 da equipe da Secretaria Municipal de Esportes e Lazer, a Smel Catanduva, que tem como t\u00e9cnica a professora Andrea Malfar\u00e1.<\/p>\n\n\n\n<p class=\"has-medium-font-size\">Em abril deste ano, Valentina assumiu a lideran\u00e7a de sua categoria no Estado de S\u00e3o Paulo em piscina ol\u00edmpica, com a marca de 37.7. Al\u00e9m disso, assumiu a terceira posi\u00e7\u00e3o da categoria Mirim no Brasil.<\/p>\n\n\n\n<p class=\"has-medium-font-size\">Os excelentes resultados foram conquistados em Votuporanga, no Torneio Regional Pr\u00e9-mirim a S\u00eanior, da Federa\u00e7\u00e3o Aqu\u00e1tica Paulista (5\u00aa Regi\u00e3o S\u00e3o Paulo), realizado dia 27.<\/p>\n\n\n\n<p class=\"has-medium-font-size\">Em mar\u00e7o, por\u00e9m, a atleta de Catanduva j\u00e1 havia conquistado a melhor marca do Estado de S\u00e3o Paulo em piscina curta e a quarta melhor do Brasil em sua categoria.<\/p>\n\n\n\n<p class=\"has-medium-font-size\">\u201cQuero fazer parte da sele\u00e7\u00e3o brasileira de nata\u00e7\u00e3o. Mas antes quero ficar em Catanduva e ajudar a melhorar essa equipe, para que tenhamos condi\u00e7\u00f5es de competir de igual para igual contra grandes equipes\u201d, disse a jovem, que come\u00e7ou a nadar em 2022.<\/p>\n\n\n\n<p class=\"has-medium-font-size\">Bastante feliz com seus resultados, Valentina lembrou de todas as medalhas que j\u00e1 conquistou em sua curta carreira. \u201cEu ganhei 15 medalhas em competi\u00e7\u00f5es da Federa\u00e7\u00e3o Aqu\u00e1tica Paulista, 24 medalhas na Liga Paulista de Nata\u00e7\u00e3o e 7 medalhas em festivais\u201d, falou, orgulhosa.<\/p>\n\n\n\n<p class=\"has-medium-font-size\">Segundo seu pai, Aristides Jacinto Bruschi, o Ari, a atleta \u00e9 muito disciplinada e treina todos os dias. \u201cA Valentina se diverte na nata\u00e7\u00e3o e isso \u00e9 importante. Ela n\u00e3o pode deixar de ser crian\u00e7a. Vamos continuar dando apoio e incentivo para ela\u201d, comentou Ari.<\/p>\n\n\n\n<p class=\"has-medium-font-size\">Texto: Tiago Lotto \/ Foto: Divulga\u00e7\u00e3o<\/p>\n","protected":false},"excerpt":{"rendered":"<p>Valentina Neves Bruschi assumiu a lideran\u00e7a de sua categoria no Estado de S\u00e3o Paulo em piscina ol\u00edmpica. Al\u00e9m disso, assumiu a terceira posi\u00e7\u00e3o da categoria Mirim no Brasil. Ela \u00e9 da equipe Smel Catanduva.<\/p>\n","protected":false},"author":2,"featured_media":980,"comment_status":"closed","ping_status":"closed","sticky":false,"template":"","format":"standard","meta":{"colormag_page_container_layout":"default_layout","colormag_page_sidebar_layout":"default_layout","footnotes":""},"categories":[17,50],"tags":[],"class_list":["post-979","post","type-post","status-publish","format-standard","has-post-thumbnail","hentry","category-esportes","category-natacao"],"magazineBlocksPostFeaturedMedia":{"thumbnail":"https:\/\/universoesportivo.net\/wp-content\/uploads\/2024\/05\/valentina7-150x150.jpg","medium":"https:\/\/universoesportivo.net\/wp-content\/uploads\/2024\/05\/valentina7-300x200.jpg","medium_large":"https:\/\/universoesportivo.net\/wp-content\/uploads\/2024\/05\/valentina7-768x512.jpg","large":"https:\/\/universoesportivo.net\/wp-content\/uploads\/2024\/05\/valentina7.jpg","1536x1536":"https:\/\/universoesportivo.net\/wp-content\/uploads\/2024\/05\/valentina7.jpg","2048x2048":"https:\/\/universoesportivo.net\/wp-content\/uploads\/2024\/05\/valentina7.jpg","trp-custom-language-flag":"https:\/\/universoesportivo.net\/wp-content\/uploads\/2024\/05\/valentina7-18x12.jpg","colormag-highlighted-post":"https:\/\/universoesportivo.net\/wp-content\/uploads\/2024\/05\/valentina7-392x272.jpg","colormag-featured-post-medium":"https:\/\/universoesportivo.net\/wp-content\/uploads\/2024\/05\/valentina7-390x205.jpg","colormag-featured-post-small":"https:\/\/universoesportivo.net\/wp-content\/uploads\/2024\/05\/valentina7-130x90.jpg","colormag-featured-image":"https:\/\/universoesportivo.net\/wp-content\/uploads\/2024\/05\/valentina7-800x445.jpg","colormag-default-news":"https:\/\/universoesportivo.net\/wp-content\/uploads\/2024\/05\/valentina7-150x150.jpg","colormag-featured-image-large":"https:\/\/universoesportivo.net\/wp-content\/uploads\/2024\/05\/valentina7.jpg","colormag-elementor-block-extra-large-thumbnail":"https:\/\/universoesportivo.net\/wp-content\/uploads\/2024\/05\/valentina7-800x480.jpg","colormag-elementor-grid-large-thumbnail":"https:\/\/universoesportivo.net\/wp-content\/uploads\/2024\/05\/valentina7-600x417.jpg","colormag-elementor-grid-small-thumbnail":"https:\/\/universoesportivo.net\/wp-content\/uploads\/2024\/05\/valentina7-285x450.jpg","colormag-elementor-grid-medium-large-thumbnail":"https:\/\/universoesportivo.net\/wp-content\/uploads\/2024\/05\/valentina7-575x198.jpg"},"magazineBlocksPostAuthor":{"name":"Tiago Lotto","avatar":"https:\/\/secure.gravatar.com\/avatar\/fd6891125b3fb6ba0b794cd20c3398d5bb0fa20d2b9963a95f19470e5a6192f7?s=96&d=mm&r=g"},"magazineBlocksPostCommentsNumber":false,"magazineBlocksPostExcerpt":"Valentina Neves Bruschi assumiu a lideran\u00e7a de sua categoria no Estado de S\u00e3o Paulo em piscina ol\u00edmpica. Al\u00e9m disso, assumiu a terceira posi\u00e7\u00e3o da categoria Mirim no Brasil. Ela \u00e9 da equipe Smel Catanduva.","magazineBlocksPostCategories":["ESPORTES","Nata\u00e7\u00e3o"],"magazineBlocksPostViewCount":44,"magazineBlocksPostReadTime":2,"magazine_blocks_featured_image_url":{"full":["https:\/\/universoesportivo.net\/wp-content\/uploads\/2024\/05\/valentina7.jpg",800,533,false],"medium":["https:\/\/universoesportivo.net\/wp-content\/uploads\/2024\/05\/valentina7-300x200.jpg",300,200,true],"thumbnail":["https:\/\/universoesportivo.net\/wp-content\/uploads\/2024\/05\/valentina7-150x150.jpg",150,150,true]},"magazine_blocks_author":{"display_name":"Tiago Lotto","author_link":"https:\/\/universoesportivo.net\/index.php\/author\/tiago-lotto\/"},"magazine_blocks_comment":0,"magazine_blocks_author_image":"https:\/\/secure.gravatar.com\/avatar\/fd6891125b3fb6ba0b794cd20c3398d5bb0fa20d2b9963a95f19470e5a6192f7?s=96&d=mm&r=g","magazine_blocks_category":"<a href=\"#\" class=\"category-link category-link-17\">ESPORTES<\/a> <a href=\"#\" class=\"category-link category-link-50\">Nata\u00e7\u00e3o<\/a>","yoast_head":"<!-- This site is optimized with the Yoast SEO plugin v27.4 - https:\/\/yoast.com\/product\/yoast-seo-wordpress\/ -->\n<title>\u201cQuero representar o Brasil na nata\u00e7\u00e3o\u201d, diz Valentina, atleta catanduvense de apenas 8 anos - Universo Esportivo<\/title>\n<meta name=\"robots\" content=\"index, follow, max-snippet:-1, max-image-preview:large, max-video-preview:-1\" \/>\n<link rel=\"canonical\" href=\"https:\/\/universoesportivo.net\/index.php\/2024\/05\/07\/quero-representar-o-brasil-na-natacao-diz-atleta-catanduvense-de-8-anos\/\" \/>\n<meta property=\"og:locale\" content=\"pt_BR\" \/>\n<meta property=\"og:type\" content=\"article\" \/>\n<meta property=\"og:title\" content=\"\u201cQuero representar o Brasil na nata\u00e7\u00e3o\u201d, diz Valentina, atleta catanduvense de apenas 8 anos - Universo Esportivo\" \/>\n<meta property=\"og:description\" content=\"Valentina Neves Bruschi assumiu a lideran\u00e7a de sua categoria no Estado de S\u00e3o Paulo em piscina ol\u00edmpica. Al\u00e9m disso, assumiu a terceira posi\u00e7\u00e3o da categoria Mirim no Brasil. Ela \u00e9 da equipe Smel Catanduva.\" \/>\n<meta property=\"og:url\" content=\"https:\/\/universoesportivo.net\/index.php\/2024\/05\/07\/quero-representar-o-brasil-na-natacao-diz-atleta-catanduvense-de-8-anos\/\" \/>\n<meta property=\"og:site_name\" content=\"Universo Esportivo\" \/>\n<meta property=\"article:publisher\" content=\"https:\/\/www.facebook.com\/universoesportivo.net\" \/>\n<meta property=\"article:published_time\" content=\"2024-05-08T00:49:51+00:00\" \/>\n<meta property=\"article:modified_time\" content=\"2024-05-08T00:53:26+00:00\" \/>\n<meta property=\"og:image\" content=\"https:\/\/universoesportivo.net\/wp-content\/uploads\/2024\/05\/valentina7.jpg\" \/>\n\t<meta property=\"og:image:width\" content=\"800\" \/>\n\t<meta property=\"og:image:height\" content=\"533\" \/>\n\t<meta property=\"og:image:type\" content=\"image\/jpeg\" \/>\n<meta name=\"author\" content=\"Tiago Lotto\" \/>\n<meta name=\"twitter:card\" content=\"summary_large_image\" \/>\n<meta name=\"twitter:label1\" content=\"Escrito por\" \/>\n\t<meta name=\"twitter:data1\" content=\"Tiago Lotto\" \/>\n\t<meta name=\"twitter:label2\" content=\"Est. tempo de leitura\" \/>\n\t<meta name=\"twitter:data2\" content=\"2 minutos\" \/>\n<script type=\"application\/ld+json\" class=\"yoast-schema-graph\">{\"@context\":\"https:\\\/\\\/schema.org\",\"@graph\":[{\"@type\":\"Article\",\"@id\":\"https:\\\/\\\/universoesportivo.net\\\/index.php\\\/2024\\\/05\\\/07\\\/quero-representar-o-brasil-na-natacao-diz-atleta-catanduvense-de-8-anos\\\/#article\",\"isPartOf\":{\"@id\":\"https:\\\/\\\/universoesportivo.net\\\/index.php\\\/2024\\\/05\\\/07\\\/quero-representar-o-brasil-na-natacao-diz-atleta-catanduvense-de-8-anos\\\/\"},\"author\":{\"name\":\"Tiago Lotto\",\"@id\":\"https:\\\/\\\/universoesportivo.net\\\/#\\\/schema\\\/person\\\/62bc311bc7def56a6bc83711536e74bd\"},\"headline\":\"\u201cQuero representar o Brasil na nata\u00e7\u00e3o\u201d, diz Valentina, atleta catanduvense de apenas 8 anos\",\"datePublished\":\"2024-05-08T00:49:51+00:00\",\"dateModified\":\"2024-05-08T00:53:26+00:00\",\"mainEntityOfPage\":{\"@id\":\"https:\\\/\\\/universoesportivo.net\\\/index.php\\\/2024\\\/05\\\/07\\\/quero-representar-o-brasil-na-natacao-diz-atleta-catanduvense-de-8-anos\\\/\"},\"wordCount\":295,\"publisher\":{\"@id\":\"https:\\\/\\\/universoesportivo.net\\\/#organization\"},\"image\":{\"@id\":\"https:\\\/\\\/universoesportivo.net\\\/index.php\\\/2024\\\/05\\\/07\\\/quero-representar-o-brasil-na-natacao-diz-atleta-catanduvense-de-8-anos\\\/#primaryimage\"},\"thumbnailUrl\":\"https:\\\/\\\/universoesportivo.net\\\/wp-content\\\/uploads\\\/2024\\\/05\\\/valentina7.jpg\",\"articleSection\":[\"ESPORTES\",\"Nata\u00e7\u00e3o\"],\"inLanguage\":\"pt-BR\"},{\"@type\":\"WebPage\",\"@id\":\"https:\\\/\\\/universoesportivo.net\\\/index.php\\\/2024\\\/05\\\/07\\\/quero-representar-o-brasil-na-natacao-diz-atleta-catanduvense-de-8-anos\\\/\",\"url\":\"https:\\\/\\\/universoesportivo.net\\\/index.php\\\/2024\\\/05\\\/07\\\/quero-representar-o-brasil-na-natacao-diz-atleta-catanduvense-de-8-anos\\\/\",\"name\":\"\u201cQuero representar o Brasil na nata\u00e7\u00e3o\u201d, diz Valentina, atleta catanduvense de apenas 8 anos - Universo Esportivo\",\"isPartOf\":{\"@id\":\"https:\\\/\\\/universoesportivo.net\\\/#website\"},\"primaryImageOfPage\":{\"@id\":\"https:\\\/\\\/universoesportivo.net\\\/index.php\\\/2024\\\/05\\\/07\\\/quero-representar-o-brasil-na-natacao-diz-atleta-catanduvense-de-8-anos\\\/#primaryimage\"},\"image\":{\"@id\":\"https:\\\/\\\/universoesportivo.net\\\/index.php\\\/2024\\\/05\\\/07\\\/quero-representar-o-brasil-na-natacao-diz-atleta-catanduvense-de-8-anos\\\/#primaryimage\"},\"thumbnailUrl\":\"https:\\\/\\\/universoesportivo.net\\\/wp-content\\\/uploads\\\/2024\\\/05\\\/valentina7.jpg\",\"datePublished\":\"2024-05-08T00:49:51+00:00\",\"dateModified\":\"2024-05-08T00:53:26+00:00\",\"breadcrumb\":{\"@id\":\"https:\\\/\\\/universoesportivo.net\\\/index.php\\\/2024\\\/05\\\/07\\\/quero-representar-o-brasil-na-natacao-diz-atleta-catanduvense-de-8-anos\\\/#breadcrumb\"},\"inLanguage\":\"pt-BR\",\"potentialAction\":[{\"@type\":\"ReadAction\",\"target\":[\"https:\\\/\\\/universoesportivo.net\\\/index.php\\\/2024\\\/05\\\/07\\\/quero-representar-o-brasil-na-natacao-diz-atleta-catanduvense-de-8-anos\\\/\"]}]},{\"@type\":\"ImageObject\",\"inLanguage\":\"pt-BR\",\"@id\":\"https:\\\/\\\/universoesportivo.net\\\/index.php\\\/2024\\\/05\\\/07\\\/quero-representar-o-brasil-na-natacao-diz-atleta-catanduvense-de-8-anos\\\/#primaryimage\",\"url\":\"https:\\\/\\\/universoesportivo.net\\\/wp-content\\\/uploads\\\/2024\\\/05\\\/valentina7.jpg\",\"contentUrl\":\"https:\\\/\\\/universoesportivo.net\\\/wp-content\\\/uploads\\\/2024\\\/05\\\/valentina7.jpg\",\"width\":800,\"height\":533},{\"@type\":\"BreadcrumbList\",\"@id\":\"https:\\\/\\\/universoesportivo.net\\\/index.php\\\/2024\\\/05\\\/07\\\/quero-representar-o-brasil-na-natacao-diz-atleta-catanduvense-de-8-anos\\\/#breadcrumb\",\"itemListElement\":[{\"@type\":\"ListItem\",\"position\":1,\"name\":\"In\u00edcio\",\"item\":\"https:\\\/\\\/universoesportivo.net\\\/\"},{\"@type\":\"ListItem\",\"position\":2,\"name\":\"\u201cQuero representar o Brasil na nata\u00e7\u00e3o\u201d, diz Valentina, atleta catanduvense de apenas 8 anos\"}]},{\"@type\":\"WebSite\",\"@id\":\"https:\\\/\\\/universoesportivo.net\\\/#website\",\"url\":\"https:\\\/\\\/universoesportivo.net\\\/\",\"name\":\"Universo Esportivo\",\"description\":\"O portal de todas as modalidades esportivas!\",\"publisher\":{\"@id\":\"https:\\\/\\\/universoesportivo.net\\\/#organization\"},\"alternateName\":\"Jornalista Tiago Contador Lotto\",\"potentialAction\":[{\"@type\":\"SearchAction\",\"target\":{\"@type\":\"EntryPoint\",\"urlTemplate\":\"https:\\\/\\\/universoesportivo.net\\\/?s={search_term_string}\"},\"query-input\":{\"@type\":\"PropertyValueSpecification\",\"valueRequired\":true,\"valueName\":\"search_term_string\"}}],\"inLanguage\":\"pt-BR\"},{\"@type\":\"Organization\",\"@id\":\"https:\\\/\\\/universoesportivo.net\\\/#organization\",\"name\":\"Universo Esportivo\",\"alternateName\":\"Tiago Lotto\",\"url\":\"https:\\\/\\\/universoesportivo.net\\\/\",\"logo\":{\"@type\":\"ImageObject\",\"inLanguage\":\"pt-BR\",\"@id\":\"https:\\\/\\\/universoesportivo.net\\\/#\\\/schema\\\/logo\\\/image\\\/\",\"url\":\"https:\\\/\\\/universoesportivo.net\\\/wp-content\\\/uploads\\\/2024\\\/05\\\/cropped-cropped-universo-6.png\",\"contentUrl\":\"https:\\\/\\\/universoesportivo.net\\\/wp-content\\\/uploads\\\/2024\\\/05\\\/cropped-cropped-universo-6.png\",\"width\":413,\"height\":295,\"caption\":\"Universo Esportivo\"},\"image\":{\"@id\":\"https:\\\/\\\/universoesportivo.net\\\/#\\\/schema\\\/logo\\\/image\\\/\"},\"sameAs\":[\"https:\\\/\\\/www.facebook.com\\\/universoesportivo.net\"]},{\"@type\":\"Person\",\"@id\":\"https:\\\/\\\/universoesportivo.net\\\/#\\\/schema\\\/person\\\/62bc311bc7def56a6bc83711536e74bd\",\"name\":\"Tiago Lotto\",\"image\":{\"@type\":\"ImageObject\",\"inLanguage\":\"pt-BR\",\"@id\":\"https:\\\/\\\/secure.gravatar.com\\\/avatar\\\/fd6891125b3fb6ba0b794cd20c3398d5bb0fa20d2b9963a95f19470e5a6192f7?s=96&d=mm&r=g\",\"url\":\"https:\\\/\\\/secure.gravatar.com\\\/avatar\\\/fd6891125b3fb6ba0b794cd20c3398d5bb0fa20d2b9963a95f19470e5a6192f7?s=96&d=mm&r=g\",\"contentUrl\":\"https:\\\/\\\/secure.gravatar.com\\\/avatar\\\/fd6891125b3fb6ba0b794cd20c3398d5bb0fa20d2b9963a95f19470e5a6192f7?s=96&d=mm&r=g\",\"caption\":\"Tiago Lotto\"},\"url\":\"https:\\\/\\\/universoesportivo.net\\\/index.php\\\/author\\\/tiago-lotto\\\/\"}]}<\/script>\n<!-- \/ Yoast SEO plugin. -->","yoast_head_json":{"title":"\u201cQuero representar o Brasil na nata\u00e7\u00e3o\u201d, diz Valentina, atleta catanduvense de apenas 8 anos - Universo Esportivo","robots":{"index":"index","follow":"follow","max-snippet":"max-snippet:-1","max-image-preview":"max-image-preview:large","max-video-preview":"max-video-preview:-1"},"canonical":"https:\/\/universoesportivo.net\/index.php\/2024\/05\/07\/quero-representar-o-brasil-na-natacao-diz-atleta-catanduvense-de-8-anos\/","og_locale":"pt_BR","og_type":"article","og_title":"\u201cQuero representar o Brasil na nata\u00e7\u00e3o\u201d, diz Valentina, atleta catanduvense de apenas 8 anos - Universo Esportivo","og_description":"Valentina Neves Bruschi assumiu a lideran\u00e7a de sua categoria no Estado de S\u00e3o Paulo em piscina ol\u00edmpica. Al\u00e9m disso, assumiu a terceira posi\u00e7\u00e3o da categoria Mirim no Brasil. Ela \u00e9 da equipe Smel Catanduva.","og_url":"https:\/\/universoesportivo.net\/index.php\/2024\/05\/07\/quero-representar-o-brasil-na-natacao-diz-atleta-catanduvense-de-8-anos\/","og_site_name":"Universo Esportivo","article_publisher":"https:\/\/www.facebook.com\/universoesportivo.net","article_published_time":"2024-05-08T00:49:51+00:00","article_modified_time":"2024-05-08T00:53:26+00:00","og_image":[{"width":800,"height":533,"url":"https:\/\/universoesportivo.net\/wp-content\/uploads\/2024\/05\/valentina7.jpg","type":"image\/jpeg"}],"author":"Tiago Lotto","twitter_card":"summary_large_image","twitter_misc":{"Escrito por":"Tiago Lotto","Est. tempo de leitura":"2 minutos"},"schema":{"@context":"https:\/\/schema.org","@graph":[{"@type":"Article","@id":"https:\/\/universoesportivo.net\/index.php\/2024\/05\/07\/quero-representar-o-brasil-na-natacao-diz-atleta-catanduvense-de-8-anos\/#article","isPartOf":{"@id":"https:\/\/universoesportivo.net\/index.php\/2024\/05\/07\/quero-representar-o-brasil-na-natacao-diz-atleta-catanduvense-de-8-anos\/"},"author":{"name":"Tiago Lotto","@id":"https:\/\/universoesportivo.net\/#\/schema\/person\/62bc311bc7def56a6bc83711536e74bd"},"headline":"\u201cQuero representar o Brasil na nata\u00e7\u00e3o\u201d, diz Valentina, atleta catanduvense de apenas 8 anos","datePublished":"2024-05-08T00:49:51+00:00","dateModified":"2024-05-08T00:53:26+00:00","mainEntityOfPage":{"@id":"https:\/\/universoesportivo.net\/index.php\/2024\/05\/07\/quero-representar-o-brasil-na-natacao-diz-atleta-catanduvense-de-8-anos\/"},"wordCount":295,"publisher":{"@id":"https:\/\/universoesportivo.net\/#organization"},"image":{"@id":"https:\/\/universoesportivo.net\/index.php\/2024\/05\/07\/quero-representar-o-brasil-na-natacao-diz-atleta-catanduvense-de-8-anos\/#primaryimage"},"thumbnailUrl":"https:\/\/universoesportivo.net\/wp-content\/uploads\/2024\/05\/valentina7.jpg","articleSection":["ESPORTES","Nata\u00e7\u00e3o"],"inLanguage":"pt-BR"},{"@type":"WebPage","@id":"https:\/\/universoesportivo.net\/index.php\/2024\/05\/07\/quero-representar-o-brasil-na-natacao-diz-atleta-catanduvense-de-8-anos\/","url":"https:\/\/universoesportivo.net\/index.php\/2024\/05\/07\/quero-representar-o-brasil-na-natacao-diz-atleta-catanduvense-de-8-anos\/","name":"\u201cQuero representar o Brasil na nata\u00e7\u00e3o\u201d, diz Valentina, atleta catanduvense de apenas 8 anos - Universo Esportivo","isPartOf":{"@id":"https:\/\/universoesportivo.net\/#website"},"primaryImageOfPage":{"@id":"https:\/\/universoesportivo.net\/index.php\/2024\/05\/07\/quero-representar-o-brasil-na-natacao-diz-atleta-catanduvense-de-8-anos\/#primaryimage"},"image":{"@id":"https:\/\/universoesportivo.net\/index.php\/2024\/05\/07\/quero-representar-o-brasil-na-natacao-diz-atleta-catanduvense-de-8-anos\/#primaryimage"},"thumbnailUrl":"https:\/\/universoesportivo.net\/wp-content\/uploads\/2024\/05\/valentina7.jpg","datePublished":"2024-05-08T00:49:51+00:00","dateModified":"2024-05-08T00:53:26+00:00","breadcrumb":{"@id":"https:\/\/universoesportivo.net\/index.php\/2024\/05\/07\/quero-representar-o-brasil-na-natacao-diz-atleta-catanduvense-de-8-anos\/#breadcrumb"},"inLanguage":"pt-BR","potentialAction":[{"@type":"ReadAction","target":["https:\/\/universoesportivo.net\/index.php\/2024\/05\/07\/quero-representar-o-brasil-na-natacao-diz-atleta-catanduvense-de-8-anos\/"]}]},{"@type":"ImageObject","inLanguage":"pt-BR","@id":"https:\/\/universoesportivo.net\/index.php\/2024\/05\/07\/quero-representar-o-brasil-na-natacao-diz-atleta-catanduvense-de-8-anos\/#primaryimage","url":"https:\/\/universoesportivo.net\/wp-content\/uploads\/2024\/05\/valentina7.jpg","contentUrl":"https:\/\/universoesportivo.net\/wp-content\/uploads\/2024\/05\/valentina7.jpg","width":800,"height":533},{"@type":"BreadcrumbList","@id":"https:\/\/universoesportivo.net\/index.php\/2024\/05\/07\/quero-representar-o-brasil-na-natacao-diz-atleta-catanduvense-de-8-anos\/#breadcrumb","itemListElement":[{"@type":"ListItem","position":1,"name":"In\u00edcio","item":"https:\/\/universoesportivo.net\/"},{"@type":"ListItem","position":2,"name":"\u201cQuero representar o Brasil na nata\u00e7\u00e3o\u201d, diz Valentina, atleta catanduvense de apenas 8 anos"}]},{"@type":"WebSite","@id":"https:\/\/universoesportivo.net\/#website","url":"https:\/\/universoesportivo.net\/","name":"Universo Esportivo","description":"O portal de todas as modalidades esportivas!","publisher":{"@id":"https:\/\/universoesportivo.net\/#organization"},"alternateName":"Jornalista Tiago Contador Lotto","potentialAction":[{"@type":"SearchAction","target":{"@type":"EntryPoint","urlTemplate":"https:\/\/universoesportivo.net\/?s={search_term_string}"},"query-input":{"@type":"PropertyValueSpecification","valueRequired":true,"valueName":"search_term_string"}}],"inLanguage":"pt-BR"},{"@type":"Organization","@id":"https:\/\/universoesportivo.net\/#organization","name":"Universo Esportivo","alternateName":"Tiago Lotto","url":"https:\/\/universoesportivo.net\/","logo":{"@type":"ImageObject","inLanguage":"pt-BR","@id":"https:\/\/universoesportivo.net\/#\/schema\/logo\/image\/","url":"https:\/\/universoesportivo.net\/wp-content\/uploads\/2024\/05\/cropped-cropped-universo-6.png","contentUrl":"https:\/\/universoesportivo.net\/wp-content\/uploads\/2024\/05\/cropped-cropped-universo-6.png","width":413,"height":295,"caption":"Universo Esportivo"},"image":{"@id":"https:\/\/universoesportivo.net\/#\/schema\/logo\/image\/"},"sameAs":["https:\/\/www.facebook.com\/universoesportivo.net"]},{"@type":"Person","@id":"https:\/\/universoesportivo.net\/#\/schema\/person\/62bc311bc7def56a6bc83711536e74bd","name":"Tiago Lotto","image":{"@type":"ImageObject","inLanguage":"pt-BR","@id":"https:\/\/secure.gravatar.com\/avatar\/fd6891125b3fb6ba0b794cd20c3398d5bb0fa20d2b9963a95f19470e5a6192f7?s=96&d=mm&r=g","url":"https:\/\/secure.gravatar.com\/avatar\/fd6891125b3fb6ba0b794cd20c3398d5bb0fa20d2b9963a95f19470e5a6192f7?s=96&d=mm&r=g","contentUrl":"https:\/\/secure.gravatar.com\/avatar\/fd6891125b3fb6ba0b794cd20c3398d5bb0fa20d2b9963a95f19470e5a6192f7?s=96&d=mm&r=g","caption":"Tiago Lotto"},"url":"https:\/\/universoesportivo.net\/index.php\/author\/tiago-lotto\/"}]}},"jetpack_featured_media_url":"https:\/\/universoesportivo.net\/wp-content\/uploads\/2024\/05\/valentina7.jpg","_links":{"self":[{"href":"https:\/\/universoesportivo.net\/index.php\/wp-json\/wp\/v2\/posts\/979","targetHints":{"allow":["GET"]}}],"collection":[{"href":"https:\/\/universoesportivo.net\/index.php\/wp-json\/wp\/v2\/posts"}],"about":[{"href":"https:\/\/universoesportivo.net\/index.php\/wp-json\/wp\/v2\/types\/post"}],"author":[{"embeddable":true,"href":"https:\/\/universoesportivo.net\/index.php\/wp-json\/wp\/v2\/users\/2"}],"replies":[{"embeddable":true,"href":"https:\/\/universoesportivo.net\/index.php\/wp-json\/wp\/v2\/comments?post=979"}],"version-history":[{"count":4,"href":"https:\/\/universoesportivo.net\/index.php\/wp-json\/wp\/v2\/posts\/979\/revisions"}],"predecessor-version":[{"id":986,"href":"https:\/\/universoesportivo.net\/index.php\/wp-json\/wp\/v2\/posts\/979\/revisions\/986"}],"wp:featuredmedia":[{"embeddable":true,"href":"https:\/\/universoesportivo.net\/index.php\/wp-json\/wp\/v2\/media\/980"}],"wp:attachment":[{"href":"https:\/\/universoesportivo.net\/index.php\/wp-json\/wp\/v2\/media?parent=979"}],"wp:term":[{"taxonomy":"category","embeddable":true,"href":"https:\/\/universoesportivo.net\/index.php\/wp-json\/wp\/v2\/categories?post=979"},{"taxonomy":"post_tag","embeddable":true,"href":"https:\/\/universoesportivo.net\/index.php\/wp-json\/wp\/v2\/tags?post=979"}],"curies":[{"name":"wp","href":"https:\/\/api.w.org\/{rel}","templated":true}]}}